{"id":19189,"date":"2025-07-03T18:58:56","date_gmt":"2025-07-03T21:58:56","guid":{"rendered":"https:\/\/revistaempresarios.net\/web\/?p=19189"},"modified":"2025-07-03T18:58:56","modified_gmt":"2025-07-03T21:58:56","slug":"selfit-academias-conquista-pela-segunda-vez-o-selo-5-estrelas-as-melhores-franquias-do-brasil-oferecido-pela-pegn","status":"publish","type":"post","link":"https:\/\/revistaempresarios.net\/web\/2025\/07\/03\/selfit-academias-conquista-pela-segunda-vez-o-selo-5-estrelas-as-melhores-franquias-do-brasil-oferecido-pela-pegn\/","title":{"rendered":"Selfit Academias conquista pela segunda vez o \u201cSelo 5 Estrelas &#8211; As Melhores Franquias do Brasil\u201d, oferecido pela PEGN"},"content":{"rendered":"<p><em>A empresa j\u00e1 possui 37 unidades franqueadas em sua rede, que conta com um total de 170 academias no pa\u00eds, incluindo unidades em implanta\u00e7\u00e3o<\/em><\/p>\n<p>A <a href=\"http:\/\/www.selfitacademias.com.br\">Selfit Academias<\/a>, uma das principais redes da Am\u00e9rica Latina, recebeu nesta semana, pela segunda vez consecutiva, o <strong>\u201cSelo 5 Estrelas \u2013 As Melhores Franquias do Brasil\u201d<\/strong>, uma das mais importantes chancelas de franchising, promovido pela revista Pequenas Empresas &amp; Grandes Neg\u00f3cios (PEGN), da Editora Globo.<\/p>\n<p>O an\u00fancio oficial ocorreu durante a cerim\u00f4nia da 22\u00aa edi\u00e7\u00e3o do pr\u00eamio \u201cAs Melhores Franquias do Brasil\u201d. Neste ano, 93 marcas alcan\u00e7aram a pontua\u00e7\u00e3o mais alta, que habilitam as franqueadoras \u00e0 conquista do \u201cSelo 5 Estrelas\u201d, um dos mais relevantes e concorridos do mercado.<\/p>\n<p>Ao todo, 401 marcas se inscreveram e foram avaliadas em tr\u00eas dimens\u00f5es: desempenho da rede (crescimento, taxa de retorno e n\u00famero de lojas), qualidade da rede (suporte oferecido, for\u00e7a da marca e inova\u00e7\u00e3o) e satisfa\u00e7\u00e3o do franqueado (treinamento, consultoria e manuais). Conduzida pela respeitada Serasa Experian, a cota\u00e7\u00e3o m\u00e1xima da avalia\u00e7\u00e3o \u00e9 de 5 estrelas.<\/p>\n<p><em>\u201cConquistar, pelo segundo ano consecutivo, o Selo 5 Estrelas da PEGN \u00e9 um reconhecimento importante da consist\u00eancia e do compromisso da Selfit com a excel\u00eancia. Esta chancela reflete o trabalho conjunto de toda a rede \u2014 alunos, franqueados e colaboradores \u2014 que contribuem diariamente para a constru\u00e7\u00e3o de uma marca s\u00f3lida, inovadora e focada em entregar sempre a melhor experi\u00eancia\u201d,<\/em> comemora Fernando Menezes, CEO da Selfit Academias.<\/p>\n<p>A rela\u00e7\u00e3o com as marcas vencedoras pode ser conferida na \u00edntegra no portal da <a href=\"https:\/\/revistapegn.globo.com\/\">PEGN<\/a> e tamb\u00e9m na revista impressa do Guia de Franquias PEGN 2025\/2026. O anu\u00e1rio, refer\u00eancia para quem pretende investir em franquias no Brasil, estar\u00e1 dispon\u00edvel no aplicativo Globo+ e nas bancas. Al\u00e9m de detalhes sobre as redes que alcan\u00e7aram a cota\u00e7\u00e3o m\u00e1xima, tamb\u00e9m h\u00e1 mat\u00e9rias explicativas que podem ajudar o empreendedor a tomar a melhor decis\u00e3o na hora de escolher uma franquia.<\/p>\n<p><strong>Rede Selfit em expans\u00e3o<\/strong><\/p>\n<p>Criada em 2012, pelos fundadores Nelson Lins e Leonardo Pereira, a Selfit se consolidou no mercado com um modelo de academias amplas, bem estruturadas e pre\u00e7os acess\u00edveis, priorizando a instala\u00e7\u00e3o em bairros residenciais e populosos. A estrat\u00e9gia visa facilitar o acesso \u00e0 pr\u00e1tica de exerc\u00edcios f\u00edsicos, oferecendo infraestrutura completa com climatiza\u00e7\u00e3o, estacionamento e equipamentos modernos.<\/p>\n<p>Com as 16 unidades j\u00e1 inauguradas este ano e mais 22 previstas para os pr\u00f3ximos meses, a Selfit caminha para concluir seu objetivo em 2025 e projeta ultrapassar a marca de 185 academias at\u00e9 o final do ano, refor\u00e7ando sua posi\u00e7\u00e3o como uma das redes fitness que mais cresce no pa\u00eds. O crescimento da Selfit tamb\u00e9m se reflete nos n\u00fameros. O faturamento da empresa saltou de R$ 173 milh\u00f5es em 2022 para R$ 236 milh\u00f5es em 2023 e atingiu R$ 330 milh\u00f5es em 2024 \u2014 um aumento de 40% em rela\u00e7\u00e3o ao ano anterior. Para 2025, a previs\u00e3o \u00e9 manter um avan\u00e7o entre 35% e 40%.<\/p>\n<p>Para chegar aonde outras redes de academias n\u00e3o est\u00e3o, em especial nas cidades de pequeno e m\u00e9dio porte que n\u00e3o s\u00e3o atendidas pelo mercado High-Value Low-Price (HVLP) &#8211; que, traduzido para o portugu\u00eas, significa &#8220;Alto Valor, Pre\u00e7o Baixo&#8221; -, a Selfit Academias planeja ampliar cada vez mais sua presen\u00e7a geogr\u00e1fica, fortemente impulsionada pelas unidades franqueadas.<\/p>\n<p><strong>Diferenciais das unidades Selfit<\/strong><\/p>\n<p>As novas unidades da Selfit Academias est\u00e3o equipadas com diversos espa\u00e7os dedicados a diferentes tipos de exerc\u00edcios:<\/p>\n<ul>\n<li><strong>Self Intense:<\/strong> \u00c1rea dedicada ao cross training, ideal para quem busca intensidade em seus treinos.<\/li>\n<li><strong>Self Move:<\/strong> Espa\u00e7o para aulas coletivas, incluindo dan\u00e7a, lutas, gin\u00e1stica e pilates.<\/li>\n<li><strong>Self Velo:<\/strong> Focado em treinos cardiovasculares, equipado com esteiras, bicicletas, remos, simuladores de escadas e el\u00edpticos.<\/li>\n<li><strong>Self Force:<\/strong> \u00c1rea com os melhores equipamentos de muscula\u00e7\u00e3o e peso livre.<\/li>\n<li><strong>Self Digital:<\/strong> Um espa\u00e7o inovador que integra treinos presenciais e virtuais atrav\u00e9s do aplicativo Weburn, oferecendo uma variedade de treinos, dicas de alimenta\u00e7\u00e3o e videoaulas.<\/li>\n<\/ul>\n<p><strong>Sobre a Selfit Academias:<\/strong><\/p>\n<p>Em 2012, os fundadores Nelson Lins e Leonardo Pereira inauguraram em Salvador (BA), a primeira unidade do que se tornaria a Selfit Academias &#8211; uma das maiores redes da Am\u00e9rica Latina. Em 2015, j\u00e1 com cinco unidades, a empresa se associou ao fundo H.I.G. Capital, elevando o neg\u00f3cio a uma nova escala e acelerando o seu crescimento. A Selfit \u00e9 uma rede de academias que dobra de tamanho a cada ano. Est\u00e1 presente em quase todos os estados do Brasil, incluindo academias em implanta\u00e7\u00e3o que totalizam 170 unidades, sendo 37 franquias. O principal prop\u00f3sito da marca \u00e9 estar conectada \u00e0 jornada de vida de cada pessoa. O objetivo da empresa \u00e9 despertar em todos a paix\u00e3o pelo movimento, respeitando as metas individuais. A Selfit Academias possui um time com sinergia, obstinado em entregar resultados com esmero e aten\u00e7\u00e3o aos detalhes, assegurando as melhores experi\u00eancias em seus empreendimentos.<\/p>\n<p>Em julho de 2021, a Selfit realizou um aporte na startup Weburn, considerada a \u2018Netflix\u2019 da vida saud\u00e1vel. O aplicativo j\u00e1 oferecia treinos, dicas de alimenta\u00e7\u00e3o e videoaulas, agora investe em uma linha pr\u00f3pria de produtos nutricionais. A Weburn come\u00e7ou sua hist\u00f3ria em 2017, com o objetivo de levar uma melhor qualidade de vida para o maior n\u00famero de pessoas atrav\u00e9s de conte\u00fados fitness, sa\u00fade e bem-estar. Atualmente, a startup conta com mais de 500 mil usu\u00e1rios. No segundo semestre de 2024, a Selfit conquistou o selo Great Place to Work, chancela tamb\u00e9m conhecida como GPTW. A certifica\u00e7\u00e3o, considerada uma das principais refer\u00eancias mundiais em cultura organizacional, oferece a possibilidade de os colaboradores das empresas avaliarem a companhia por meio de pesquisas de diagn\u00f3stico.<\/p>\n<p>Mais informa\u00e7\u00f5es: <a href=\"http:\/\/www.selfitacademias.com.br\">www.selfitacademias.com.br<\/a><\/p>\n","protected":false},"excerpt":{"rendered":"<p>A empresa j\u00e1 possui 37 unidades franqueadas em sua rede, que conta com um total de 170 academias no pa\u00eds, incluindo unidades em implanta\u00e7\u00e3o A Selfit Academias, uma das principais redes da Am\u00e9rica Latina, recebeu nesta semana, pela segunda vez consecutiva, o \u201cSelo 5 Estrelas \u2013 As Melhores Franquias do Brasil\u201d, uma das mais importantes [&hellip;]<\/p>\n","protected":false},"author":2,"featured_media":19190,"comment_status":"open","ping_status":"open","sticky":false,"template":"","format":"standard","meta":{"_jetpack_memberships_contains_paid_content":false,"footnotes":""},"categories":[51,56,57,60],"tags":[11156,11155],"featured_image_src":{"landsacpe":["https:\/\/revistaempresarios.net\/web\/wp-content\/uploads\/2025\/07\/6013d2a1-ce6c-4b0e-b01f-74b8f00af2c3-1140x445.jpeg",1140,445,true],"list":["https:\/\/revistaempresarios.net\/web\/wp-content\/uploads\/2025\/07\/6013d2a1-ce6c-4b0e-b01f-74b8f00af2c3-463x348.jpeg",463,348,true],"medium":["https:\/\/revistaempresarios.net\/web\/wp-content\/uploads\/2025\/07\/6013d2a1-ce6c-4b0e-b01f-74b8f00af2c3-300x200.jpeg",300,200,true],"full":["https:\/\/revistaempresarios.net\/web\/wp-content\/uploads\/2025\/07\/6013d2a1-ce6c-4b0e-b01f-74b8f00af2c3.jpeg",1280,854,false]},"jetpack_sharing_enabled":true,"jetpack_featured_media_url":"https:\/\/revistaempresarios.net\/web\/wp-content\/uploads\/2025\/07\/6013d2a1-ce6c-4b0e-b01f-74b8f00af2c3.jpeg","jetpack-related-posts":[],"_links":{"self":[{"href":"https:\/\/revistaempresarios.net\/web\/wp-json\/wp\/v2\/posts\/19189"}],"collection":[{"href":"https:\/\/revistaempresarios.net\/web\/wp-json\/wp\/v2\/posts"}],"about":[{"href":"https:\/\/revistaempresarios.net\/web\/wp-json\/wp\/v2\/types\/post"}],"author":[{"embeddable":true,"href":"https:\/\/revistaempresarios.net\/web\/wp-json\/wp\/v2\/users\/2"}],"replies":[{"embeddable":true,"href":"https:\/\/revistaempresarios.net\/web\/wp-json\/wp\/v2\/comments?post=19189"}],"version-history":[{"count":1,"href":"https:\/\/revistaempresarios.net\/web\/wp-json\/wp\/v2\/posts\/19189\/revisions"}],"predecessor-version":[{"id":19191,"href":"https:\/\/revistaempresarios.net\/web\/wp-json\/wp\/v2\/posts\/19189\/revisions\/19191"}],"wp:featuredmedia":[{"embeddable":true,"href":"https:\/\/revistaempresarios.net\/web\/wp-json\/wp\/v2\/media\/19190"}],"wp:attachment":[{"href":"https:\/\/revistaempresarios.net\/web\/wp-json\/wp\/v2\/media?parent=19189"}],"wp:term":[{"taxonomy":"category","embeddable":true,"href":"https:\/\/revistaempresarios.net\/web\/wp-json\/wp\/v2\/categories?post=19189"},{"taxonomy":"post_tag","embeddable":true,"href":"https:\/\/revistaempresarios.net\/web\/wp-json\/wp\/v2\/tags?post=19189"}],"curies":[{"name":"wp","href":"https:\/\/api.w.org\/{rel}","templated":true}]}}