{"id":19166,"date":"2025-07-03T18:17:14","date_gmt":"2025-07-03T21:17:14","guid":{"rendered":"https:\/\/revistaempresarios.net\/web\/?p=19166"},"modified":"2025-07-03T18:17:14","modified_gmt":"2025-07-03T21:17:14","slug":"inedito-nikolas-ferreira-sera-professor-de-marketing-para-empresarios","status":"publish","type":"post","link":"https:\/\/revistaempresarios.net\/web\/2025\/07\/03\/inedito-nikolas-ferreira-sera-professor-de-marketing-para-empresarios\/","title":{"rendered":"In\u00e9dito &#8211; Nikolas Ferreira ser\u00e1 professor de marketing para empres\u00e1rios"},"content":{"rendered":"<p class=\"fst-italic text-center\">Com presen\u00e7a de nomes influentes e foco em marketing, evento refor\u00e7a o papel da comunica\u00e7\u00e3o estrat\u00e9gica no crescimento de neg\u00f3cios.<\/p>\n<div>\n<p>\u00a0 \u00a0 \u00a0 \u00a0Com quase 18 milh\u00f5es de seguidores no Instagram, Nikolas Ferreira \u00e9 hoje um dos nomes\u00a0<strong>mais influentes da nova gera\u00e7\u00e3o\u00a0<\/strong>quando o assunto \u00e9 comunica\u00e7\u00e3o nas redes. Embora seu conte\u00fado tenha forte vi\u00e9s econ\u00f4mico e social, seu perfil se consolidou como um case de branding pessoal. Ao unir\u00a0<strong>clareza na linguagem, posicionamento direto e narrativa visual coerente<\/strong>, Nikolas exemplifica como \u00e9 poss\u00edvel construir uma marca forte, engajar audi\u00eancias e transformar influ\u00eancia digital em autoridade. Sua atua\u00e7\u00e3o nas redes sociais vem sendo observada n\u00e3o apenas por seguidores, mas tamb\u00e9m por empres\u00e1rios que veem na sua estrat\u00e9gia um\u00a0<strong>modelo eficiente de como comunicar valores, ampliar alcance e gerar impacto real\u00a0<\/strong>em um cen\u00e1rio onde aten\u00e7\u00e3o e confian\u00e7a se tornaram ativos cada vez mais valiosos. \u201cEm um mercado cada vez mais competitivo, onde aten\u00e7\u00e3o \u00e9 o ativo mais disputado, Nikolas comprova que a comunica\u00e7\u00e3o bem feita \u00e9 uma ferramenta poderosa para quem deseja ampliar sua influ\u00eancia e gerar impacto real nos neg\u00f3cios\u201d, ressalta Jorge Kotz, CEO do Grupo X.<\/p>\n<p>No cen\u00e1rio atual, dominar o Instagram deixou de ser luxo e passou a ser estrat\u00e9gia essencial para empres\u00e1rios que visam relev\u00e2ncia de mercado. A plataforma conta com mais de\u00a0<strong>134 milh\u00f5es de usu\u00e1rios no Brasil<\/strong>, consolidando o pa\u00eds como o terceiro com a maior base de usu\u00e1rios globalmente, e\u00a0<strong>79% dos profissionais de marketing j\u00e1 a utilizam como canal priorit\u00e1rio<\/strong>. Al\u00e9m disso,\u00a0<strong>90% dos usu\u00e1rios seguem pelo menos uma empresa<\/strong>, e\u00a0<strong>80% afirmam buscar produtos por ali<\/strong>, transformando o Instagram em palco vital para visibilidade, autoridade e convers\u00e3o.<\/p>\n<p>Esse movimento reflete uma\u00a0<strong>mudan\u00e7a de comportamento no mundo empresaria<\/strong>l: hoje, empres\u00e1rios que desejam crescer precisam aprender a se comunicar de forma eficiente, r\u00e1pida e conectada com o seu p\u00fablico. Marketing deixou de ser apenas uma \u00e1rea da empresa, tornou-se uma\u00a0<strong>compet\u00eancia estrat\u00e9gica do pr\u00f3prio empreendedor<\/strong>. Nesse contexto, cresce no Brasil a demanda por educa\u00e7\u00e3o empresarial com foco em marketing, vendas e posicionamento de marca. Somente no \u00faltimo ano, o interesse por\u00a0<strong>capacita\u00e7\u00e3o pr\u00e1tica entre empres\u00e1rios cresceu 30%<\/strong>, sendo que a maior parte dos cursos buscados envolve temas de marketing digital, influ\u00eancia e constru\u00e7\u00e3o de autoridade. \u201cO empres\u00e1rio brasileiro entendeu que n\u00e3o basta oferecer um bom produto; \u00e9 preciso saber contar essa hist\u00f3ria do jeito certo, para o p\u00fablico certo, usando as ferramentas certas\u201d, pontua Kotz.<\/p>\n<p>\u00c9 com base nessa realidade que o Grupo X, hub de educa\u00e7\u00e3o empresarial, realizar\u00e1 entre os dias 04 e 06 de julho a\u00a0<strong>15\u00aa edi\u00e7\u00e3o do X Business<\/strong>, no Windsor Barra Hotel, no Rio de Janeiro. O evento reunir\u00e1<strong>\u00a0mais de mil empres\u00e1rios de todo o Brasil<\/strong>\u00a0em uma imers\u00e3o com foco em marketing, vendas, lideran\u00e7a e inova\u00e7\u00e3o. Entre os palestrantes confirmados est\u00e3o Jorge Kotz (idealizador do evento), Felipe Titto, Jo\u00e3o Kepler, Nikolas Ferreira, Alison Correia, Ernesto Morechita e Hari Bencke. A programa\u00e7\u00e3o traz conte\u00fados sobre gest\u00e3o de pessoas, economia, branding, novas tecnologias e o futuro do mercado. A proposta \u00e9 proporcionar uma experi\u00eancia transformadora, conectando conte\u00fado pr\u00e1tico com networking estrat\u00e9gico e aplicabilidade imediata nos neg\u00f3cios.<\/p>\n<p>Nikolas Ferreira ter\u00e1 um papel in\u00e9dito no evento: ser\u00e1 um dos \u201cprofessores\u201d do palco principal, compartilhando sua vis\u00e3o sobre economia e, principalmente, sobre comunica\u00e7\u00e3o estrat\u00e9gica. Ele vai mostrar como a autenticidade, a clareza e a coragem podem ser os maiores ativos de um empreendedor nas redes sociais. \u201cHoje, quem n\u00e3o sabe se posicionar com for\u00e7a nas redes, perde relev\u00e2ncia, autoridade e mercado. A comunica\u00e7\u00e3o virou um pilar do sucesso empresarial\u201d, afirma Jorge Kotz.<\/p>\n<hr \/>\n<p><strong>Grupo X<\/strong><\/p>\n<p><a href=\"https:\/\/ogrupox.com\/\">https:\/\/ogrupox.com\/<\/a><\/p>\n<p>Fundado em 2021, o Grupo X \u00e9 o\u00a0<strong>maior hub de educa\u00e7\u00e3o empresarial do Brasil<\/strong>. Com foco em transformar o cen\u00e1rio econ\u00f4mico nacional, gerar mais empregos e proporcionar crescimento sustent\u00e1vel para empresas de todos os portes. Com um ecossistema multifacetado e metodologia pr\u00f3pria, a holding atua por meio de programas voltados \u00e0 capacita\u00e7\u00e3o estrat\u00e9gica de empres\u00e1rios e gestores em \u00e1reas como neg\u00f3cios, marketing digital, lideran\u00e7a, networking e intelig\u00eancia financeira. Nos \u00faltimos 12 meses, o Grupo X registrou um<strong>\u00a0faturamento de R$ 30 milh\u00f5es<\/strong>, alcan\u00e7ando um\u00a0<strong>valuation estimado em R$ 150 milh\u00f5es<\/strong>. Desde sua funda\u00e7\u00e3o, j\u00e1 impactou mais de 167 mil empresas em todo o pa\u00eds, com mais de\u00a0<strong>R$ 350 milh\u00f5es em faturamento\u00a0<\/strong>acumulado por seus mentorados.<\/p>\n<p>Liderado por Jorge Kotz, o Grupo X \u00e9 composto por marcas como\u00a0<strong>X Business<\/strong>,\u00a0<strong>X Diamond Club<\/strong>,\u00a0<strong>Maestria Empresarial<\/strong>,\u00a0<strong>Forma\u00e7\u00e3o em Marketing Estrat\u00e9gico<\/strong>,\u00a0<strong>Business 10X<\/strong>\u00a0e\u00a0<strong>Conselho X<\/strong>, que re\u00fanem mentorias, treinamentos, consultorias personalizadas e eventos imersivos com aplica\u00e7\u00e3o pr\u00e1tica, direcionados \u00e0 evolu\u00e7\u00e3o de empresas e ao desenvolvimento cont\u00ednuo de seus l\u00edderes. Al\u00e9m da atua\u00e7\u00e3o nacional, o Grupo X j\u00e1 realizou eventos e mentorias em pa\u00edses como\u00a0<strong>M\u00e9xico, Argentina e Uruguai<\/strong>, e mant\u00e9m planos de expans\u00e3o para\u00a0<strong>Chile e Inglaterra<\/strong>, ampliando sua presen\u00e7a internacional e capacidade de entrega em mercados estrat\u00e9gicos.<\/p>\n<\/div>\n","protected":false},"excerpt":{"rendered":"<p>Com presen\u00e7a de nomes influentes e foco em marketing, evento refor\u00e7a o papel da comunica\u00e7\u00e3o estrat\u00e9gica no crescimento de neg\u00f3cios. \u00a0 \u00a0 \u00a0 \u00a0Com quase 18 milh\u00f5es de seguidores no Instagram, Nikolas Ferreira \u00e9 hoje um dos nomes\u00a0mais influentes da nova gera\u00e7\u00e3o\u00a0quando o assunto \u00e9 comunica\u00e7\u00e3o nas redes. Embora seu conte\u00fado tenha forte vi\u00e9s econ\u00f4mico [&hellip;]<\/p>\n","protected":false},"author":2,"featured_media":19167,"comment_status":"open","ping_status":"open","sticky":false,"template":"","format":"standard","meta":{"_jetpack_memberships_contains_paid_content":false,"footnotes":""},"categories":[51,53,56,57,60],"tags":[11145],"featured_image_src":{"landsacpe":["https:\/\/revistaempresarios.net\/web\/wp-content\/uploads\/2025\/07\/19022019-DSC05668-2-1-1140x445.jpg",1140,445,true],"list":["https:\/\/revistaempresarios.net\/web\/wp-content\/uploads\/2025\/07\/19022019-DSC05668-2-1-463x348.jpg",463,348,true],"medium":["https:\/\/revistaempresarios.net\/web\/wp-content\/uploads\/2025\/07\/19022019-DSC05668-2-1-300x200.jpg",300,200,true],"full":["https:\/\/revistaempresarios.net\/web\/wp-content\/uploads\/2025\/07\/19022019-DSC05668-2-1-scaled.jpg",2560,1707,false]},"jetpack_sharing_enabled":true,"jetpack_featured_media_url":"https:\/\/revistaempresarios.net\/web\/wp-content\/uploads\/2025\/07\/19022019-DSC05668-2-1-scaled.jpg","jetpack-related-posts":[],"_links":{"self":[{"href":"https:\/\/revistaempresarios.net\/web\/wp-json\/wp\/v2\/posts\/19166"}],"collection":[{"href":"https:\/\/revistaempresarios.net\/web\/wp-json\/wp\/v2\/posts"}],"about":[{"href":"https:\/\/revistaempresarios.net\/web\/wp-json\/wp\/v2\/types\/post"}],"author":[{"embeddable":true,"href":"https:\/\/revistaempresarios.net\/web\/wp-json\/wp\/v2\/users\/2"}],"replies":[{"embeddable":true,"href":"https:\/\/revistaempresarios.net\/web\/wp-json\/wp\/v2\/comments?post=19166"}],"version-history":[{"count":1,"href":"https:\/\/revistaempresarios.net\/web\/wp-json\/wp\/v2\/posts\/19166\/revisions"}],"predecessor-version":[{"id":19168,"href":"https:\/\/revistaempresarios.net\/web\/wp-json\/wp\/v2\/posts\/19166\/revisions\/19168"}],"wp:featuredmedia":[{"embeddable":true,"href":"https:\/\/revistaempresarios.net\/web\/wp-json\/wp\/v2\/media\/19167"}],"wp:attachment":[{"href":"https:\/\/revistaempresarios.net\/web\/wp-json\/wp\/v2\/media?parent=19166"}],"wp:term":[{"taxonomy":"category","embeddable":true,"href":"https:\/\/revistaempresarios.net\/web\/wp-json\/wp\/v2\/categories?post=19166"},{"taxonomy":"post_tag","embeddable":true,"href":"https:\/\/revistaempresarios.net\/web\/wp-json\/wp\/v2\/tags?post=19166"}],"curies":[{"name":"wp","href":"https:\/\/api.w.org\/{rel}","templated":true}]}}