{"id":19086,"date":"2025-06-25T21:19:16","date_gmt":"2025-06-26T00:19:16","guid":{"rendered":"https:\/\/revistaempresarios.net\/web\/?p=19086"},"modified":"2025-06-25T21:19:16","modified_gmt":"2025-06-26T00:19:16","slug":"brasil-registra-mais-de-6-milhoes-de-demissoes-no-1o-trimestre-de-2025","status":"publish","type":"post","link":"https:\/\/revistaempresarios.net\/web\/2025\/06\/25\/brasil-registra-mais-de-6-milhoes-de-demissoes-no-1o-trimestre-de-2025\/","title":{"rendered":"Brasil registra mais de 6 milh\u00f5es de demiss\u00f5es no 1\u00ba trimestre de 2025"},"content":{"rendered":"<p>Alta rotatividade segue como desafio, apesar do saldo positivo de contrata\u00e7\u00f5es<\/p>\n<p>O mercado de trabalho brasileiro apresentou grande movimenta\u00e7\u00e3o no primeiro trimestre de 2025, com destaque para um saldo positivo nas contrata\u00e7\u00f5es.<\/p>\n<p>Segundo dados divulgados pelo Novo Caged, foram registradas 7,13 milh\u00f5es de admiss\u00f5es no pa\u00eds entre janeiro e mar\u00e7o. No mesmo per\u00edodo, houve 6,48 milh\u00f5es de demiss\u00f5es.<\/p>\n<p>Mesmo com um saldo positivo de pouco mais de 600 mil novos postos, o n\u00famero de desligamentos ainda preocupa. O Brasil continua figurando entre os pa\u00edses com maior rotatividade no mercado de trabalho, o que indica instabilidade nas rela\u00e7\u00f5es empregat\u00edcias.<\/p>\n<h3>Perfil atual do mercado de trabalho<\/h3>\n<p>Os dados do Minist\u00e9rio do Trabalho apontam para um desempenho positivo nos primeiros meses do ano. A tend\u00eancia observada nos \u00faltimos 12 meses tamb\u00e9m se mant\u00e9m, com a cria\u00e7\u00e3o de 1,6 milh\u00e3o de vagas formais.<\/p>\n<p>Entre as regi\u00f5es, o Sudeste concentra a maior parte dos novos postos de trabalho, com cerca de 300 mil vagas, o que representa quase metade do total nacional no trimestre.<\/p>\n<p>No recorte por estados, S\u00e3o Paulo e Minas Gerais lideram em volume de contrata\u00e7\u00f5es. Em contrapartida, Alagoas, Para\u00edba e Sergipe registraram saldo negativo, com mais demiss\u00f5es do que admiss\u00f5es.<\/p>\n<p>O setor de servi\u00e7os liderou a gera\u00e7\u00e3o de empregos, com mais de 360 mil novas vagas. Al\u00e9m disso, a ind\u00fastria, a constru\u00e7\u00e3o civil e a agropecu\u00e1ria tamb\u00e9m apresentaram crescimento expressivo no per\u00edodo.<\/p>\n<h3>Demiss\u00f5es ainda preocupam<\/h3>\n<p>O Brasil ainda \u00e9 um dos pa\u00edses com maior rotatividade no mercado de trabalho, medida que considera a quantidade de admiss\u00f5es e desligamentos em um determinado intervalo de tempo.<\/p>\n<p>Apesar dos resultados recentes serem avaliados como positivos por especialistas, h\u00e1 uma cultura de desligamentos frequentes que ainda impacta negativamente a estabilidade do setor.<\/p>\n<p>As <a href=\"https:\/\/solides.com.br\/blog\/tipos-de-demissao\/\">modalidades de demiss\u00e3<\/a>o que comp\u00f5em os dados incluem:<\/p>\n<p><strong>Justa causa<\/strong>: ocorre quando o trabalhador comete uma falta grave, perdendo direitos como aviso pr\u00e9vio, multa de 40% sobre o FGTS e acesso ao seguro-desemprego.<\/p>\n<p><strong>Sem justa causa<\/strong>: quando a empresa encerra o contrato sem justificativa, sendo obrigada a pagar todas as verbas rescis\u00f3rias previstas por lei.<\/p>\n<p><strong>Acordo entre as partes<\/strong>: previsto na CLT desde 2017, permite que empregador e empregado encerrem o contrato com divis\u00e3o de alguns direitos, como aviso pr\u00e9vio e multa do FGTS. Nesses casos, o trabalhador tem acesso parcial ao fundo e n\u00e3o recebe o seguro-desemprego.<\/p>\n<p><strong>Pedido de demiss\u00e3o<\/strong>: ocorre por iniciativa do empregado, que deve cumprir o aviso pr\u00e9vio e n\u00e3o tem direito \u00e0 multa do FGTS nem ao seguro-desemprego.<\/p>\n<p><strong>Acordo informal<\/strong>: pr\u00e1tica comum, embora n\u00e3o regulamentada pela CLT, em que empregador e empregado combinam a rescis\u00e3o para permitir o saque do FGTS.<\/p>\n<h3>Perspectivas para os pr\u00f3ximos meses<\/h3>\n<p>Apesar das incertezas econ\u00f4micas, a expectativa \u00e9 de abertura de novas vagas ao longo do ano. A Consolida\u00e7\u00e3o das Leis do Trabalho (CLT) continua sendo uma das principais formas de contrata\u00e7\u00e3o no pa\u00eds, conforme indicam os dados oficiais.<\/p>\n<p>Para as empresas, reduzir a rotatividade est\u00e1 diretamente ligado ao aumento da produtividade e \u00e0 redu\u00e7\u00e3o de custos com recrutamento e treinamento. Equipes que permanecem por mais tempo tendem a ter mais harmonia e a entregar melhores resultados.<\/p>\n<p>Os n\u00fameros tamb\u00e9m refletem um novo perfil profissional. Muitos trabalhadores, em especial os mais jovens, demonstram maior preocupa\u00e7\u00e3o com as condi\u00e7\u00f5es de trabalho e com o equil\u00edbrio entre vida pessoal e profissional.<\/p>\n<p>Diante desse cen\u00e1rio, as empresas precisam acompanhar essas transforma\u00e7\u00f5es no mercado. Ajustar pol\u00edticas internas e pr\u00e1ticas de gest\u00e3o pode ser fundamental para atrair e reter talentos e garantir uma reputa\u00e7\u00e3o positiva.<\/p>\n","protected":false},"excerpt":{"rendered":"<p>Alta rotatividade segue como desafio, apesar do saldo positivo de contrata\u00e7\u00f5es O mercado de trabalho brasileiro apresentou grande movimenta\u00e7\u00e3o no primeiro trimestre de 2025, com destaque para um saldo positivo nas contrata\u00e7\u00f5es. Segundo dados divulgados pelo Novo Caged, foram registradas 7,13 milh\u00f5es de admiss\u00f5es no pa\u00eds entre janeiro e mar\u00e7o. No mesmo per\u00edodo, houve 6,48 [&hellip;]<\/p>\n","protected":false},"author":2,"featured_media":19087,"comment_status":"open","ping_status":"open","sticky":false,"template":"","format":"standard","meta":{"_jetpack_memberships_contains_paid_content":false,"footnotes":""},"categories":[57,60],"tags":[11114],"featured_image_src":{"landsacpe":["https:\/\/revistaempresarios.net\/web\/wp-content\/uploads\/2025\/06\/demissoes-740x445.png",740,445,true],"list":["https:\/\/revistaempresarios.net\/web\/wp-content\/uploads\/2025\/06\/demissoes-463x348.png",463,348,true],"medium":["https:\/\/revistaempresarios.net\/web\/wp-content\/uploads\/2025\/06\/demissoes-300x200.png",300,200,true],"full":["https:\/\/revistaempresarios.net\/web\/wp-content\/uploads\/2025\/06\/demissoes.png",740,494,false]},"jetpack_sharing_enabled":true,"jetpack_featured_media_url":"https:\/\/revistaempresarios.net\/web\/wp-content\/uploads\/2025\/06\/demissoes.png","jetpack-related-posts":[],"_links":{"self":[{"href":"https:\/\/revistaempresarios.net\/web\/wp-json\/wp\/v2\/posts\/19086"}],"collection":[{"href":"https:\/\/revistaempresarios.net\/web\/wp-json\/wp\/v2\/posts"}],"about":[{"href":"https:\/\/revistaempresarios.net\/web\/wp-json\/wp\/v2\/types\/post"}],"author":[{"embeddable":true,"href":"https:\/\/revistaempresarios.net\/web\/wp-json\/wp\/v2\/users\/2"}],"replies":[{"embeddable":true,"href":"https:\/\/revistaempresarios.net\/web\/wp-json\/wp\/v2\/comments?post=19086"}],"version-history":[{"count":1,"href":"https:\/\/revistaempresarios.net\/web\/wp-json\/wp\/v2\/posts\/19086\/revisions"}],"predecessor-version":[{"id":19088,"href":"https:\/\/revistaempresarios.net\/web\/wp-json\/wp\/v2\/posts\/19086\/revisions\/19088"}],"wp:featuredmedia":[{"embeddable":true,"href":"https:\/\/revistaempresarios.net\/web\/wp-json\/wp\/v2\/media\/19087"}],"wp:attachment":[{"href":"https:\/\/revistaempresarios.net\/web\/wp-json\/wp\/v2\/media?parent=19086"}],"wp:term":[{"taxonomy":"category","embeddable":true,"href":"https:\/\/revistaempresarios.net\/web\/wp-json\/wp\/v2\/categories?post=19086"},{"taxonomy":"post_tag","embeddable":true,"href":"https:\/\/revistaempresarios.net\/web\/wp-json\/wp\/v2\/tags?post=19086"}],"curies":[{"name":"wp","href":"https:\/\/api.w.org\/{rel}","templated":true}]}}