{"id":19003,"date":"2025-06-20T14:28:38","date_gmt":"2025-06-20T17:28:38","guid":{"rendered":"https:\/\/revistaempresarios.net\/web\/?p=19003"},"modified":"2025-06-20T14:28:50","modified_gmt":"2025-06-20T17:28:50","slug":"especialista-aponta-caminhos-para-uma-educacao-mais-inclusiva-para-alunos-neurodivergentes","status":"publish","type":"post","link":"https:\/\/revistaempresarios.net\/web\/2025\/06\/20\/especialista-aponta-caminhos-para-uma-educacao-mais-inclusiva-para-alunos-neurodivergentes\/","title":{"rendered":"Especialista aponta caminhos para uma educa\u00e7\u00e3o mais inclusiva para alunos neurodivergentes"},"content":{"rendered":"<p class=\"fst-italic text-center\">A fonoaudi\u00f3loga e pedagoga Regiane Fagotto recomenda a ado\u00e7\u00e3o de medidas simples para tornar o ambiente escolar mais acolhedor e acess\u00edvel para estudantes com necessidades espec\u00edficas de aprendizagem<\/p>\n<div>\n<p>O ensino para alunos neurodivergentes ainda representa um grande desafio para institui\u00e7\u00f5es e docentes brasileiros. Segundo o Censo da Educa\u00e7\u00e3o de 2024, cerca de 7 milh\u00f5es de at\u00edpicos est\u00e3o matriculados nas escolas da rede p\u00fablica e privada, o que representa 20% da popula\u00e7\u00e3o de estudantes. Ainda assim, 80% dos professores n\u00e3o possuem forma\u00e7\u00e3o em educa\u00e7\u00e3o inclusiva, e 60% deles n\u00e3o se sentem preparados para adaptar provas, atividades ou elaborar um Plano de Educa\u00e7\u00e3o Individualizada (PEI).<\/p>\n<p><img loading=\"lazy\" decoding=\"async\" src=\"https:\/\/files.pressmanager.net\/clientes\/3e0099b2e092da999d2ef21e1abbaf53\/imagens\/2025\/06\/17\/34cd7f54675d6008ee98acc650f0a39e_medium.jpg\" alt=\"\" width=\"300\" height=\"400\" align=\"left\" hspace=\"10\" vspace=\"10\" \/>Para Regiane Fagotto, fonoaudi\u00f3loga e pedagoga com 25 anos de experi\u00eancia na \u00e1rea, a inclus\u00e3o escolar \u00e9 um processo cont\u00ednuo de aperfei\u00e7oamento, que pode come\u00e7ar com atitudes simples, mas capazes de impactar positivamente no aprendizado desses alunos. \u201cAcolher a singularidade com respeito e disposi\u00e7\u00e3o de aprender \u00e9 o primeiro passo para transformar a vida dos jovens at\u00edpicos\u201d, afirma.<\/p>\n<p>Segundo a pedagoga, que tamb\u00e9m \u00e9 consultora da Plataforma Prova Adaptada, desenvolvida para capacitar professores na personaliza\u00e7\u00e3o de avalia\u00e7\u00f5es, atividades e PEIs conforme os diferentes perfis de aprendizagem, o segredo est\u00e1 no \u201colhar do educador\u201d.<\/p>\n<p>Assim, entre as a\u00e7\u00f5es recomendadas pela especialista para tornar a pr\u00e1tica pedag\u00f3gica mais emp\u00e1tica e acess\u00edvel est\u00e3o:<\/p>\n<p>&#8211; Ou\u00e7a o aluno com empatia e sem pressa;<\/p>\n<p>&#8211; Use linguagem visual e gestual de apoio, como pictogramas, quadros de rotina e gestos amplos;<\/p>\n<p>&#8211; Programe rotinas claras e estruturadas, importantes para alunos neurot\u00edpicos preverem o seu dia na sala de aula e se sentirem mais seguros;<\/p>\n<p>&#8211; Valorize pequenos avan\u00e7os, refor\u00e7ando positivamente as conquistas individuais;<\/p>\n<p>&#8211; Mantenha o contato com a fam\u00edlia, construindo uma rede de apoio m\u00fatuo.<\/p>\n<p>Regiane tamb\u00e9m destaca a import\u00e2ncia de criar um ambiente favor\u00e1vel para inclus\u00e3o. \u201cMesmo com poucos recursos, \u00e9 poss\u00edvel montar um espa\u00e7o afetivo e acolhedor para o ensino de neurodivergentes\u201d, diz a educadora, que selecionou algumas solu\u00e7\u00f5es bastante vi\u00e1veis para escolas:<\/p>\n<p>&#8211; Adapte o espa\u00e7o com divis\u00f3rias simples, para reduzir est\u00edmulos visuais e auditivos. Os alunos neurot\u00edpicos s\u00e3o mais sens\u00edveis a luzes fortes e sons altos;<\/p>\n<p>&#8211; Use recursos caseiros e alternativos para atividades did\u00e1ticas, como pictogramas feitos \u00e0 m\u00e3o, brinquedos sensoriais reciclados e v\u00eddeos educativos gratuitos;<\/p>\n<p>&#8211; Envolva a comunidade, pais e volunt\u00e1rios para ajudar a desenvolver projetos inclusivos e na produ\u00e7\u00e3o de materiais did\u00e1ticos;<\/p>\n<p>&#8211; Implemente uma cultura de empatia na escola, com a\u00e7\u00f5es que incentivem o respeito \u00e0s diferen\u00e7as.<\/p>\n<p>A pedagoga ainda refor\u00e7a a import\u00e2ncia da forma\u00e7\u00e3o continuada e atualiza\u00e7\u00e3o de docentes e colaboradores da escola, al\u00e9m do aperfei\u00e7oamento de estrat\u00e9gias, como a elabora\u00e7\u00e3o de PEIs com metas alcan\u00e7\u00e1veis, adapta\u00e7\u00e3o curricular e avalia\u00e7\u00f5es individualizadas e mais flex\u00edveis, com foco na aprendizagem e n\u00e3o apenas nos resultados. \u201cQuando a escola adota pr\u00e1ticas mais emp\u00e1ticas, estruturadas e personalizadas todos saem ganhando. E todos os alunos, at\u00edpicos ou n\u00e3o, aprendem melhor\u201d, conclui.<br \/>\n<strong>Sobre Prova Adaptada Tecnologia &#8211;\u00a0<\/strong>Fundada em 2023, em S\u00e3o Paulo (SP), pelos empreendedores Carlos Arruda e F\u00e1bio Tavares, a startup tem como miss\u00e3o apoiar a constru\u00e7\u00e3o de um modelo educacional mais inclusivo, por meio da aplica\u00e7\u00e3o de tecnologia acess\u00edvel e eficaz capaz de automatizar o processo de adapta\u00e7\u00e3o de provas e conte\u00fados de acordo com o perfil de cada aluno neurodivergente. O projeto conquistou o Pr\u00eamio Nacional de Gest\u00e3o Educacional \u2013 PNGE 2025, da GEduc, considerado o \u201cOscar\u201d da Educa\u00e7\u00e3o pelo setor educacional no Brasil. Para o desenvolvimento e suporte da plataforma escal\u00e1vel e que atenda as lacunas do setor de educa\u00e7\u00e3o no Brasil, a empresa conta com uma equipe multidiscipli nar formada por pedagogos, especialista em educa\u00e7\u00e3o inclusiva. A solu\u00e7\u00e3o j\u00e1 atende centenas de institui\u00e7\u00f5es de ensino de todo o territ\u00f3rio nacional. Saiba mais no site provadaptada.com.br .<\/p>\n<\/div>\n","protected":false},"excerpt":{"rendered":"<p>A fonoaudi\u00f3loga e pedagoga Regiane Fagotto recomenda a ado\u00e7\u00e3o de medidas simples para tornar o ambiente escolar mais acolhedor e acess\u00edvel para estudantes com necessidades espec\u00edficas de aprendizagem O ensino para alunos neurodivergentes ainda representa um grande desafio para institui\u00e7\u00f5es e docentes brasileiros. Segundo o Censo da Educa\u00e7\u00e3o de 2024, cerca de 7 milh\u00f5es de [&hellip;]<\/p>\n","protected":false},"author":2,"featured_media":19004,"comment_status":"open","ping_status":"open","sticky":false,"template":"","format":"standard","meta":{"_jetpack_memberships_contains_paid_content":false,"_joinchat":[],"footnotes":""},"categories":[51,56,57,60],"tags":[11080],"featured_image_src":{"landsacpe":["https:\/\/revistaempresarios.net\/web\/wp-content\/uploads\/2025\/06\/34cd7f54675d6008ee98acc650f0a39e_medium.jpg",300,400,false],"list":["https:\/\/revistaempresarios.net\/web\/wp-content\/uploads\/2025\/06\/34cd7f54675d6008ee98acc650f0a39e_medium-300x348.jpg",300,348,true],"medium":["https:\/\/revistaempresarios.net\/web\/wp-content\/uploads\/2025\/06\/34cd7f54675d6008ee98acc650f0a39e_medium-225x300.jpg",225,300,true],"full":["https:\/\/revistaempresarios.net\/web\/wp-content\/uploads\/2025\/06\/34cd7f54675d6008ee98acc650f0a39e_medium.jpg",300,400,false]},"jetpack_sharing_enabled":true,"jetpack_featured_media_url":"https:\/\/revistaempresarios.net\/web\/wp-content\/uploads\/2025\/06\/34cd7f54675d6008ee98acc650f0a39e_medium.jpg","jetpack-related-posts":[],"_links":{"self":[{"href":"https:\/\/revistaempresarios.net\/web\/wp-json\/wp\/v2\/posts\/19003"}],"collection":[{"href":"https:\/\/revistaempresarios.net\/web\/wp-json\/wp\/v2\/posts"}],"about":[{"href":"https:\/\/revistaempresarios.net\/web\/wp-json\/wp\/v2\/types\/post"}],"author":[{"embeddable":true,"href":"https:\/\/revistaempresarios.net\/web\/wp-json\/wp\/v2\/users\/2"}],"replies":[{"embeddable":true,"href":"https:\/\/revistaempresarios.net\/web\/wp-json\/wp\/v2\/comments?post=19003"}],"version-history":[{"count":1,"href":"https:\/\/revistaempresarios.net\/web\/wp-json\/wp\/v2\/posts\/19003\/revisions"}],"predecessor-version":[{"id":19005,"href":"https:\/\/revistaempresarios.net\/web\/wp-json\/wp\/v2\/posts\/19003\/revisions\/19005"}],"wp:featuredmedia":[{"embeddable":true,"href":"https:\/\/revistaempresarios.net\/web\/wp-json\/wp\/v2\/media\/19004"}],"wp:attachment":[{"href":"https:\/\/revistaempresarios.net\/web\/wp-json\/wp\/v2\/media?parent=19003"}],"wp:term":[{"taxonomy":"category","embeddable":true,"href":"https:\/\/revistaempresarios.net\/web\/wp-json\/wp\/v2\/categories?post=19003"},{"taxonomy":"post_tag","embeddable":true,"href":"https:\/\/revistaempresarios.net\/web\/wp-json\/wp\/v2\/tags?post=19003"}],"curies":[{"name":"wp","href":"https:\/\/api.w.org\/{rel}","templated":true}]}}