{"id":18982,"date":"2025-06-20T12:17:35","date_gmt":"2025-06-20T15:17:35","guid":{"rendered":"https:\/\/revistaempresarios.net\/web\/?p=18982"},"modified":"2025-06-20T12:17:48","modified_gmt":"2025-06-20T15:17:48","slug":"conveniencia-aproxima-supermercados-da-rotina-do-consumidor","status":"publish","type":"post","link":"https:\/\/revistaempresarios.net\/web\/2025\/06\/20\/conveniencia-aproxima-supermercados-da-rotina-do-consumidor\/","title":{"rendered":"Conveni\u00eancia aproxima supermercados da rotina do consumidor"},"content":{"rendered":"<p><em>Presidente da<\/em> <em>ASSERJ, F\u00e1bio Queir\u00f3z, destaca a import\u00e2ncia da diversifica\u00e7\u00e3o de lojas de supermercado, que agora tamb\u00e9m est\u00e3o em esta\u00e7\u00f5es de metr\u00f4 do eixo Rio-S\u00e3o Paulo<\/em><\/p>\n<p><strong>\u00a0<\/strong>\u00a0Atentas \u00e0s novas din\u00e2micas urbanas e \u00e0 busca crescente por praticidade, grandes redes do varejo supermercadista v\u00eam apostando em lojas de conveni\u00eancia integradas a centros de mobilidade urbana. A tend\u00eancia, j\u00e1 adotada com sucesso no Rio de Janeiro e em S\u00e3o Paulo, foi elogiada pela Associa\u00e7\u00e3o de Supermercados do Estado do Rio de Janeiro (ASSERJ), que v\u00ea nesses modelos poss\u00edveis caminhos para a expans\u00e3o do setor e, principalmente, na conveni\u00eancia dos consumidores, promovendo uma experi\u00eancia diferenciada.<\/p>\n<p>Em S\u00e3o Paulo, o Carrefour, associado da ASSERJ, inaugurou sua primeira unidade Express em uma esta\u00e7\u00e3o de metr\u00f4, oferecendo itens como frutas prontas, bebidas geladas e hortifruti para quem precisa resolver as compras do dia a dia com agilidade. O Rio de Janeiro tamb\u00e9m avan\u00e7ou nesse formato ao abrir duas lojas da Spid, bandeira da Cencosud, tamb\u00e9m associado da ASSERJ: uma na movimentada Esta\u00e7\u00e3o Carioca e outra na Rua Farme de Amoedo, em Ipanema, com servi\u00e7os que incluem at\u00e9 entregas diretamente na areia da praia.<\/p>\n<p>O presidente da ASSERJ, F\u00e1bio Queir\u00f3z, ressalta ainda que iniciativas como essas representam uma evolu\u00e7\u00e3o importante na forma como o varejo supermercadista se conecta com a rotina das pessoas. <em>\u201cEssa movimenta\u00e7\u00e3o mostra que os supermercadistas est\u00e3o atentos \u00e0s mudan\u00e7as de comportamento e preparado para liderar novas formas de atendimento ao consumidor com mais agilidade e intelig\u00eancia\u201d<\/em>, afirma Queir\u00f3z.<\/p>\n<p>Al\u00e9m de elogiar o modelo o presidente da ASSERJ acredita que o Rio de Janeiro re\u00fane todas as condi\u00e7\u00f5es para expandir ainda mais esse formato de atendimento pr\u00e1tico e r\u00e1pido, especialmente em locais com grande circula\u00e7\u00e3o de pessoas, como esta\u00e7\u00f5es de metr\u00f4, trens e barcas.<\/p>\n<p><em>\u201cEmbora j\u00e1 tenhamos uma marca em formato express aqui na cidade do Rio, esse formato tem um enorme potencial de aplica\u00e7\u00e3o tamb\u00e9m no nosso estado, que ainda pode evoluir, ainda mais, na integra\u00e7\u00e3o entre conveni\u00eancia e mobilidade\u201d<\/em>, completa.<\/p>\n<p>O conceito de lojas de conveni\u00eancia urbanas tamb\u00e9m ganha refor\u00e7o com a inova\u00e7\u00e3o trazida pela Spid, que permite ao consumidor realizar pedidos pelo aplicativo e receber em casa, no trabalho ou at\u00e9 mesmo na praia, com entregas realizadas em menos de 30 minutos. Essa funcionalidade \u00e9 destacada como um diferencial de servi\u00e7o, de praticidade e de adapta\u00e7\u00e3o ao estilo de vida dos cariocas.<\/p>\n<p>As unidades da Spid, localizadas na rua Farme de Amoedo, em Ipanema, e na esta\u00e7\u00e3o Carioca do metr\u00f4, atendem a diversas demandas: do lanche r\u00e1pido ao almo\u00e7o completo, passando por itens de perfumaria, limpeza e bazar. A presen\u00e7a da loja na Esta\u00e7\u00e3o Carioca, por exemplo, atende tanto a trabalhadores quanto a passageiros em tr\u00e2nsito. J\u00e1 a unidade de Ipanema refor\u00e7a o v\u00ednculo com a orla, permitindo que turistas e banhistas fa\u00e7am suas compras diretamente da areia.<\/p>\n<p>Para o presidente da ASSERJ, iniciativas como essas demonstram o alinhamento do setor \u00e0s novas exig\u00eancias dos consumidores e ao contexto urbano cada vez mais din\u00e2mico das grandes cidades.<\/p>\n<p><em>\u201cEssas iniciativas mostram que o varejo supermercadista est\u00e1 se reinventando para acompanhar o ritmo das grandes cidades. Estamos falando de solu\u00e7\u00f5es que atendem ao novo perfil do consumidor \u2014 mais din\u00e2mico, conectado e em busca de conveni\u00eancia no seu dia a dia<\/em>\u201d, finaliza Queir\u00f3z.<\/p>\n<p><strong>Sobre a ASSERJ\u00a0<\/strong><\/p>\n<p>Foi com um pequeno n\u00famero de associados que nasceu a Associa\u00e7\u00e3o de Supermercados do Rio de Janeiro \u2013 ASSERJ, mais precisamente em 1969, um ano ap\u00f3s a atividade supermercadista ser definida e regulamentada no Pa\u00eds. Criada com o intuito de fortalecer e defender a cadeia supermercadista do Estado, a ASSERJ atendeu bem ao seu objetivo principal. H\u00e1 mais de cinco d\u00e9cadas representando e defendendo os interesses do setor, a ASSERJ adquiriu <em>know-how<\/em> no setor supermercadista, oferecendo aos seus associados cursos de aperfei\u00e7oamento, palestras, consultoria e assessoria na \u00e1rea jur\u00eddica, gest\u00e3o, recursos humanos, preven\u00e7\u00e3o de perdas, alimentos seguros e marketing, al\u00e9m de muitas outras atividades relevantes para o setor.<\/p>\n<p>Mais informa\u00e7\u00f5es: <a href=\"https:\/\/asserj.com.br\/\">https:\/\/asserj.com.br\/<\/a><\/p>\n<p>Instagram: <a href=\"https:\/\/instagram.com\/asserjsupermercados?igshid=MzRlODBiNWFlZA==\">@asserjsupermercados\u00a0<\/a><\/p>\n<p>LinkedIn: <a href=\"https:\/\/www.linkedin.com\/company\/asserjsupermercados\/\">https:\/\/www.linkedin.com\/company\/asserjsupermercados\/<\/a><\/p>\n","protected":false},"excerpt":{"rendered":"<p>Presidente da ASSERJ, F\u00e1bio Queir\u00f3z, destaca a import\u00e2ncia da diversifica\u00e7\u00e3o de lojas de supermercado, que agora tamb\u00e9m est\u00e3o em esta\u00e7\u00f5es de metr\u00f4 do eixo Rio-S\u00e3o Paulo \u00a0\u00a0Atentas \u00e0s novas din\u00e2micas urbanas e \u00e0 busca crescente por praticidade, grandes redes do varejo supermercadista v\u00eam apostando em lojas de conveni\u00eancia integradas a centros de mobilidade urbana. A [&hellip;]<\/p>\n","protected":false},"author":2,"featured_media":15246,"comment_status":"open","ping_status":"open","sticky":false,"template":"","format":"standard","meta":{"_jetpack_memberships_contains_paid_content":false,"_joinchat":[],"footnotes":""},"categories":[51,54,56,60],"tags":[11072],"featured_image_src":{"landsacpe":["https:\/\/revistaempresarios.net\/web\/wp-content\/uploads\/2024\/05\/Fabio-Queiroz-presidente-da-ASSERJ_credito_Divulgacao-1-1140x445.jpg",1140,445,true],"list":["https:\/\/revistaempresarios.net\/web\/wp-content\/uploads\/2024\/05\/Fabio-Queiroz-presidente-da-ASSERJ_credito_Divulgacao-1-463x348.jpg",463,348,true],"medium":["https:\/\/revistaempresarios.net\/web\/wp-content\/uploads\/2024\/05\/Fabio-Queiroz-presidente-da-ASSERJ_credito_Divulgacao-1-300x200.jpg",300,200,true],"full":["https:\/\/revistaempresarios.net\/web\/wp-content\/uploads\/2024\/05\/Fabio-Queiroz-presidente-da-ASSERJ_credito_Divulgacao-1.jpg",2000,1333,false]},"jetpack_sharing_enabled":true,"jetpack_featured_media_url":"https:\/\/revistaempresarios.net\/web\/wp-content\/uploads\/2024\/05\/Fabio-Queiroz-presidente-da-ASSERJ_credito_Divulgacao-1.jpg","jetpack-related-posts":[],"_links":{"self":[{"href":"https:\/\/revistaempresarios.net\/web\/wp-json\/wp\/v2\/posts\/18982"}],"collection":[{"href":"https:\/\/revistaempresarios.net\/web\/wp-json\/wp\/v2\/posts"}],"about":[{"href":"https:\/\/revistaempresarios.net\/web\/wp-json\/wp\/v2\/types\/post"}],"author":[{"embeddable":true,"href":"https:\/\/revistaempresarios.net\/web\/wp-json\/wp\/v2\/users\/2"}],"replies":[{"embeddable":true,"href":"https:\/\/revistaempresarios.net\/web\/wp-json\/wp\/v2\/comments?post=18982"}],"version-history":[{"count":1,"href":"https:\/\/revistaempresarios.net\/web\/wp-json\/wp\/v2\/posts\/18982\/revisions"}],"predecessor-version":[{"id":18983,"href":"https:\/\/revistaempresarios.net\/web\/wp-json\/wp\/v2\/posts\/18982\/revisions\/18983"}],"wp:featuredmedia":[{"embeddable":true,"href":"https:\/\/revistaempresarios.net\/web\/wp-json\/wp\/v2\/media\/15246"}],"wp:attachment":[{"href":"https:\/\/revistaempresarios.net\/web\/wp-json\/wp\/v2\/media?parent=18982"}],"wp:term":[{"taxonomy":"category","embeddable":true,"href":"https:\/\/revistaempresarios.net\/web\/wp-json\/wp\/v2\/categories?post=18982"},{"taxonomy":"post_tag","embeddable":true,"href":"https:\/\/revistaempresarios.net\/web\/wp-json\/wp\/v2\/tags?post=18982"}],"curies":[{"name":"wp","href":"https:\/\/api.w.org\/{rel}","templated":true}]}}