{"id":18865,"date":"2025-06-12T16:33:59","date_gmt":"2025-06-12T19:33:59","guid":{"rendered":"https:\/\/revistaempresarios.net\/web\/?p=18865"},"modified":"2025-06-12T16:33:59","modified_gmt":"2025-06-12T19:33:59","slug":"rael-policarpo-apresenta-seu-primeiro-livro-sobre-jornalismo-factual","status":"publish","type":"post","link":"https:\/\/revistaempresarios.net\/web\/2025\/06\/12\/rael-policarpo-apresenta-seu-primeiro-livro-sobre-jornalismo-factual\/","title":{"rendered":"Rael Policarpo apresenta seu primeiro livro sobre Jornalismo Factual"},"content":{"rendered":"<p>Obra ser\u00e1 lan\u00e7ada, no dia 24\/06, na Livraria Travessa, no Barra Shopping<\/p>\n<p>Cobrir crimes com \u00e9tica e precis\u00e3o \u00e9 um desafio essencial no jornalismo atual. Noticiar com imparcialidade, respeito ao p\u00fablico e compromisso com os fatos \u00e9 a miss\u00e3o que move Rael Policarpo, e o tema central de seu novo livro, \u201c<em>Jornalismo Factual Direito na Cobertura Policial<\/em>\u201d. A obra, com selo da Reflex\u00e3o Business, da publisher Caroline \u00a0Diaz, ser\u00e1 lan\u00e7ada no dia 24 de junho, na Livraria Travessa do Shopping da Barra, no Rio de Janeiro (Av. das Am\u00e9ricas, 4.666 \u2212 N\u00edvel Am\u00e9ricas \u2212 loja 220), \u00e0s 19h.<\/p>\n<p>Com linguagem acess\u00edvel e exemplos pr\u00e1ticos, a obra conduz o leitor pelos bastidores da cobertura policial, explicando desde o que caracteriza um flagrante at\u00e9 os cuidados ao noticiar fatos que podem ser revistos no Tribunal do J\u00fari.<\/p>\n<p>Mais do que narrar acontecimentos, Policarpo defende que o jornalista tem um papel de responsabilidade social, e deve atuar com empatia, rigor na apura\u00e7\u00e3o e consci\u00eancia legal. O livro alerta para os riscos do sensacionalismo e refor\u00e7a a import\u00e2ncia de uma linguagem precisa, que respeite os direitos de v\u00edtimas e acusados.<\/p>\n<p>Jornalismo Factual \u00e9 uma leitura indispens\u00e1vel para estudantes de jornalismo e profissionais que desejam aperfei\u00e7oar sua pr\u00e1tica com \u00e9tica, t\u00e9cnica e respeito ao p\u00fablico.<\/p>\n<p><strong>Servi\u00e7o:<\/strong><\/p>\n<p>Lan\u00e7amento: Jornalismo Factual<\/p>\n<p>Data: 24\/06 (ter\u00e7a-feira)<\/p>\n<p>Hor\u00e1rio: 19h<\/p>\n<p>Local: Livraria Travessa, Shopping da Barra &#8211; Av. das Am\u00e9ricas, 4.666 \u2212 N\u00edvel Am\u00e9ricas \u2212 loja 220, Rio de Janeiro- RJ<\/p>\n<p><strong>Sobre Carol Diaz<\/strong><\/p>\n<p>Carol Diaz, conhecida como &#8220;publisher das celebridades&#8221; pelo selo DISRUPTalks, \u00e9 uma empres\u00e1ria com mais de 20 anos de experi\u00eancia no mercado editorial. Com grande habilidade em criar best-sellers, ela se destaca no cen\u00e1rio brasileiro como uma empreendedora de sucesso. Formada em Design de Produto e Mestre em Artes, com foco em Empreendedorismo Feminino, Carol fundou sua primeira empresa aos 20 anos e, em 2021, criou o selo DISRUPTalks, especializado em biografias de celebridades, como Sonia Abr\u00e3o, Rodriguinho e Samara Felippo.<\/p>\n<p>Al\u00e9m disso, Carol est\u00e1 expandindo para o audiovisual em 2025 e est\u00e1 lan\u00e7ando um novo selo editorial, o Shark Talks. Com mais de 1.200 obras publicadas, ela continua investindo na transforma\u00e7\u00e3o do setor.<\/p>\n<p><strong><u>\u00a0<\/u><\/strong><strong><u>Instagram:<\/u><\/strong><\/p>\n<p><a href=\"https:\/\/www.instagram.com\/publishercarol?igsh=MTN4Z2VzaWx5aDBxZw==\"><strong>@publishercarol<\/strong><\/a><\/p>\n","protected":false},"excerpt":{"rendered":"<p>Obra ser\u00e1 lan\u00e7ada, no dia 24\/06, na Livraria Travessa, no Barra Shopping Cobrir crimes com \u00e9tica e precis\u00e3o \u00e9 um desafio essencial no jornalismo atual. Noticiar com imparcialidade, respeito ao p\u00fablico e compromisso com os fatos \u00e9 a miss\u00e3o que move Rael Policarpo, e o tema central de seu novo livro, \u201cJornalismo Factual Direito na [&hellip;]<\/p>\n","protected":false},"author":2,"featured_media":18866,"comment_status":"open","ping_status":"open","sticky":false,"template":"","format":"standard","meta":{"_jetpack_memberships_contains_paid_content":false,"footnotes":""},"categories":[51,56,60],"tags":[11014],"featured_image_src":{"landsacpe":["https:\/\/revistaempresarios.net\/web\/wp-content\/uploads\/2025\/06\/Jornalismo-Factual-640x445.jpg",640,445,true],"list":["https:\/\/revistaempresarios.net\/web\/wp-content\/uploads\/2025\/06\/Jornalismo-Factual-463x348.jpg",463,348,true],"medium":["https:\/\/revistaempresarios.net\/web\/wp-content\/uploads\/2025\/06\/Jornalismo-Factual-300x300.jpg",300,300,true],"full":["https:\/\/revistaempresarios.net\/web\/wp-content\/uploads\/2025\/06\/Jornalismo-Factual.jpg",640,640,false]},"jetpack_sharing_enabled":true,"jetpack_featured_media_url":"https:\/\/revistaempresarios.net\/web\/wp-content\/uploads\/2025\/06\/Jornalismo-Factual.jpg","jetpack-related-posts":[],"_links":{"self":[{"href":"https:\/\/revistaempresarios.net\/web\/wp-json\/wp\/v2\/posts\/18865"}],"collection":[{"href":"https:\/\/revistaempresarios.net\/web\/wp-json\/wp\/v2\/posts"}],"about":[{"href":"https:\/\/revistaempresarios.net\/web\/wp-json\/wp\/v2\/types\/post"}],"author":[{"embeddable":true,"href":"https:\/\/revistaempresarios.net\/web\/wp-json\/wp\/v2\/users\/2"}],"replies":[{"embeddable":true,"href":"https:\/\/revistaempresarios.net\/web\/wp-json\/wp\/v2\/comments?post=18865"}],"version-history":[{"count":1,"href":"https:\/\/revistaempresarios.net\/web\/wp-json\/wp\/v2\/posts\/18865\/revisions"}],"predecessor-version":[{"id":18867,"href":"https:\/\/revistaempresarios.net\/web\/wp-json\/wp\/v2\/posts\/18865\/revisions\/18867"}],"wp:featuredmedia":[{"embeddable":true,"href":"https:\/\/revistaempresarios.net\/web\/wp-json\/wp\/v2\/media\/18866"}],"wp:attachment":[{"href":"https:\/\/revistaempresarios.net\/web\/wp-json\/wp\/v2\/media?parent=18865"}],"wp:term":[{"taxonomy":"category","embeddable":true,"href":"https:\/\/revistaempresarios.net\/web\/wp-json\/wp\/v2\/categories?post=18865"},{"taxonomy":"post_tag","embeddable":true,"href":"https:\/\/revistaempresarios.net\/web\/wp-json\/wp\/v2\/tags?post=18865"}],"curies":[{"name":"wp","href":"https:\/\/api.w.org\/{rel}","templated":true}]}}