{"id":18856,"date":"2025-06-12T13:35:50","date_gmt":"2025-06-12T16:35:50","guid":{"rendered":"https:\/\/revistaempresarios.net\/web\/?p=18856"},"modified":"2025-06-12T13:35:50","modified_gmt":"2025-06-12T16:35:50","slug":"com-expansao-continua-consumo-de-luxo-global-deve-chegar-a-e-25-trilhoes-em-2030","status":"publish","type":"post","link":"https:\/\/revistaempresarios.net\/web\/2025\/06\/12\/com-expansao-continua-consumo-de-luxo-global-deve-chegar-a-e-25-trilhoes-em-2030\/","title":{"rendered":"Com expans\u00e3o cont\u00ednua, consumo de luxo global deve chegar a \u20ac 2,5 trilh\u00f5es em 2030"},"content":{"rendered":"<h4 class=\"jeg_post_subtitle\">Os segmentos de ve\u00edculos, hotelaria e bens pessoais de luxo representaram mais de 80% das vendas totais<\/h4>\n<div class=\"jeg_meta_container\">\n<div class=\"jeg_post_meta jeg_post_meta_1\">\n<div class=\"jeg_ad jeg_ad_article jnews_content_inline_3_ads  \">\n<div class=\"ads-wrapper align-center \">\n<div class=\"ads_shortcode\">\n<div id=\"merca-3798918227\" class=\"merca-target\" data-merca-trackid=\"138406\" data-merca-trackbid=\"1\">\n<h4>As expectativas s\u00e3o de que os gastos totais com luxo cres\u00e7am de de 4% a 8% ao ano, chegando a \u20ac 2,5 trilh\u00f5es at\u00e9 2030<\/h4>\n<h4>Em 2024, os segmentos de ve\u00edculos, hotelaria e bens pessoais de luxo representaram mais de 80% do total. Segundo o estudo, houve um aumento de quase \u20ac 160 bilh\u00f5es nos gastos em todos os segmentos de luxo, que incluem ainda im\u00f3veis, aeronaves, iates, sa\u00fade, fine art e bebidas finas.<\/h4>\n<h4>Apesar de ter desacelerado no trimestre a trimestre, especialmente nos Estados Unidos e na Europa, o\u00a0<a href=\"https:\/\/mercadoeconsumo.com.br\/05\/02\/2024\/noticias\/varejo-de-luxo-e-opcao-de-investimento-a-quem-garante-atendimento-integral-e-personalizacao\/\">mercado de bens pessoais de luxo<\/a>\u00a0deve chegar a \u20ac 362 bilh\u00f5es em 2023, 4% a mais do que no ano anterior.<\/h4>\n<h4>\u00c1sia e Europa impulsionaram o setor<\/h4>\n<h4>Compras globais de turistas de luxo quase retornaram aos n\u00edveis pr\u00e9-pand\u00eamicos em valor absoluto, mas o potencial de crescimento \u00e9 significativo.\u00a0<a href=\"https:\/\/mercadoeconsumo.com.br\/26\/01\/2024\/noticias\/tiffany-entra-para-o-e-commerce-de-luxo-chines-pela-plataforma-tmall-do-grupo-alibaba\/\">A \u00c1sia liderou o incremento<\/a>\u00a0gra\u00e7as \u00e0 forte demanda dom\u00e9stica e a um renovado fluxo de turistas chineses em toda a regi\u00e3o.<\/h4>\n<h4>A Europa continuou a se beneficiar do aumento progressivo do turismo e, mesmo que a instabilidade macroecon\u00f4mica tenha impactado os aspirantes a clientes locais, os clientes estabelecidos mantiveram um ritmo positivo que impulsionou a expans\u00e3o do mercado.<\/h4>\n<h4>Complexidade multigeracional<\/h4>\n<h4>Mesmo com as gera\u00e7\u00f5es X e Y em pico de renda, representando a maior parte das compras de luxo, as marcas devem navegar por uma crescente complexidade multigeracional.<\/h4>\n<h4>A gera\u00e7\u00e3o Z est\u00e1 posicionada na vanguarda das mudan\u00e7as sociais e culturais, inspirando os sistemas de valores de outras gera\u00e7\u00f5es, com um forte desejo por experi\u00eancias e uma busca por significado. Esta gera\u00e7\u00e3o deve representar de 25% a 30% das compras no mercado de luxo, enquanto a gera\u00e7\u00e3o Y vai alcan\u00e7ar de 50% a 55%.<\/h4>\n<div id=\"merca-1928976969\" class=\"merca-home-e-meio-materias\"><\/div>\n<\/div>\n<\/div>\n<\/div>\n<\/div>\n<\/div>\n<\/div>\n","protected":false},"excerpt":{"rendered":"<p>Os segmentos de ve\u00edculos, hotelaria e bens pessoais de luxo representaram mais de 80% das vendas totais As expectativas s\u00e3o de que os gastos totais com luxo cres\u00e7am de de 4% a 8% ao ano, chegando a \u20ac 2,5 trilh\u00f5es at\u00e9 2030 Em 2024, os segmentos de ve\u00edculos, hotelaria e bens pessoais de luxo representaram [&hellip;]<\/p>\n","protected":false},"author":2,"featured_media":18857,"comment_status":"open","ping_status":"open","sticky":false,"template":"","format":"standard","meta":{"_jetpack_memberships_contains_paid_content":false,"footnotes":""},"categories":[51,54,56,57,60],"tags":[],"featured_image_src":{"landsacpe":["https:\/\/revistaempresarios.net\/web\/wp-content\/uploads\/2025\/06\/loja-de-luxo-1000x445.jpg",1000,445,true],"list":["https:\/\/revistaempresarios.net\/web\/wp-content\/uploads\/2025\/06\/loja-de-luxo-463x348.jpg",463,348,true],"medium":["https:\/\/revistaempresarios.net\/web\/wp-content\/uploads\/2025\/06\/loja-de-luxo-300x200.jpg",300,200,true],"full":["https:\/\/revistaempresarios.net\/web\/wp-content\/uploads\/2025\/06\/loja-de-luxo.jpg",1000,667,false]},"jetpack_sharing_enabled":true,"jetpack_featured_media_url":"https:\/\/revistaempresarios.net\/web\/wp-content\/uploads\/2025\/06\/loja-de-luxo.jpg","jetpack-related-posts":[],"_links":{"self":[{"href":"https:\/\/revistaempresarios.net\/web\/wp-json\/wp\/v2\/posts\/18856"}],"collection":[{"href":"https:\/\/revistaempresarios.net\/web\/wp-json\/wp\/v2\/posts"}],"about":[{"href":"https:\/\/revistaempresarios.net\/web\/wp-json\/wp\/v2\/types\/post"}],"author":[{"embeddable":true,"href":"https:\/\/revistaempresarios.net\/web\/wp-json\/wp\/v2\/users\/2"}],"replies":[{"embeddable":true,"href":"https:\/\/revistaempresarios.net\/web\/wp-json\/wp\/v2\/comments?post=18856"}],"version-history":[{"count":1,"href":"https:\/\/revistaempresarios.net\/web\/wp-json\/wp\/v2\/posts\/18856\/revisions"}],"predecessor-version":[{"id":18858,"href":"https:\/\/revistaempresarios.net\/web\/wp-json\/wp\/v2\/posts\/18856\/revisions\/18858"}],"wp:featuredmedia":[{"embeddable":true,"href":"https:\/\/revistaempresarios.net\/web\/wp-json\/wp\/v2\/media\/18857"}],"wp:attachment":[{"href":"https:\/\/revistaempresarios.net\/web\/wp-json\/wp\/v2\/media?parent=18856"}],"wp:term":[{"taxonomy":"category","embeddable":true,"href":"https:\/\/revistaempresarios.net\/web\/wp-json\/wp\/v2\/categories?post=18856"},{"taxonomy":"post_tag","embeddable":true,"href":"https:\/\/revistaempresarios.net\/web\/wp-json\/wp\/v2\/tags?post=18856"}],"curies":[{"name":"wp","href":"https:\/\/api.w.org\/{rel}","templated":true}]}}