{"id":18598,"date":"2025-06-03T17:09:14","date_gmt":"2025-06-03T20:09:14","guid":{"rendered":"https:\/\/revistaempresarios.net\/web\/?p=18598"},"modified":"2025-06-03T17:09:14","modified_gmt":"2025-06-03T20:09:14","slug":"dado-schneider-e-destaque-confirmado-no-festival-led-luz-na-educacao-2025","status":"publish","type":"post","link":"https:\/\/revistaempresarios.net\/web\/2025\/06\/03\/dado-schneider-e-destaque-confirmado-no-festival-led-luz-na-educacao-2025\/","title":{"rendered":"Dado Schneider \u00e9 destaque confirmado no Festival LED &#8211; Luz na Educa\u00e7\u00e3o 2025"},"content":{"rendered":"<p>O Festival LED &#8211; Luz na Educa\u00e7\u00e3o, uma das iniciativas mais significativas sobre educa\u00e7\u00e3o no Brasil, ter\u00e1 a ilustre presen\u00e7a de Dado Schneider, Doutor em Comunica\u00e7\u00e3o pela PUC\/RS e especialista de gera\u00e7\u00f5es, como uma das principais atra\u00e7\u00f5es de sua 4\u00aa edi\u00e7\u00e3o. O evento ocorrer\u00e1 nos dias 13 e 14 de junho de 2025, no Museu do Amanh\u00e3 e no Museu de Arte do Rio (MAR), no Rio de Janeiro.<\/p>\n<p>Dado Schneider participar\u00e1 de uma mesa no dia 13 de junho, das 12h \u00e0s 13h, no Museu do Amanh\u00e3, que discutir\u00e1 &#8220;Decodificando o futuro do trabalho (e os trabalhos do futuro)&#8221;, em parceria com o Sebrae. Com a previs\u00e3o de que cerca de 170 milh\u00f5es de novos postos de emprego ser\u00e3o criados at\u00e9 2030, sua expertise ser\u00e1 fundamental para explorar como a educa\u00e7\u00e3o atual est\u00e1 moldando as profiss\u00f5es do futuro e as transforma\u00e7\u00f5es sociais, culturais e tecnol\u00f3gicas que impactam o setor. Juntamente com Dado, a mesa contar\u00e1 com outros importantes nomes, incluindo Ana Rodrigues, Gerente de Educa\u00e7\u00e3o Empreendedora do Sebrae Nacional; Andreza Maia, Cofundadora da Futuros Poss\u00edveis; e Lucas Lima, Professor e consultor de inova\u00e7\u00e3o.<\/p>\n<p>Al\u00e9m de Dado, o festival contar\u00e1 com a presen\u00e7a da renomada escritora e ativista Chimamanda Ngozi Adichie, uma das vozes mais influentes da literatura contempor\u00e2nea. As inscri\u00e7\u00f5es para o evento s\u00e3o gratuitas e est\u00e3o abertas ao p\u00fablico pelo site www.festivalled.com.br.<\/p>\n<p>Realizado pela Globo e pela Funda\u00e7\u00e3o Roberto Marinho, em parceria com a Editora Globo e com o patroc\u00ednio da Funda\u00e7\u00e3o Bradesco, o Festival LED integra o Movimento LED &#8211; Luz na Educa\u00e7\u00e3o, que busca mapear, iluminar e reconhecer pr\u00e1ticas transformadoras na educa\u00e7\u00e3o. Em sua edi\u00e7\u00e3o anterior, o evento reuniu mais de 8 mil participantes e 250 palestrantes, proporcionando mais de 120 horas de conte\u00fados relevantes.<\/p>\n<p><strong>Data: 13 e 14 de junho de 2025<\/strong><\/p>\n<p>Local: Museu do Amanh\u00e3 e Museu de Arte do Rio (MAR), Rio de Janeiro<\/p>\n<p>Inscri\u00e7\u00f5es: Gratuitas pelo site www.festivalled.com.br<\/p>\n<p><strong>Sobre Dado Schneider<\/strong><\/p>\n<p>Palestrante, Doutor em Comunica\u00e7\u00e3o pela PUC\/RS, pesquisador e especialista nas Gera\u00e7\u00f5es Z e Alpha, em Coopera\u00e7\u00e3o Intergeracional e Futuro do Trabalho. Autor dos livros &#8220;O Mundo Mudou&#8230; bem na Minha Vez!&#8221; (2013) e o rec\u00e9m-lan\u00e7ado &#8220;Desacomodado: Choque de Gera\u00e7\u00f5es, Adapta\u00e7\u00e3o a Mudan\u00e7as e Futuro do Trabalho&#8221;, Dado Schneider \u00e9 conhecido por ser o criador da marca Claro, al\u00e9m de \u201cEvangelizador Digital\u201d do Magazine Luiza em sua reestrutura\u00e7\u00e3o de 2015.<\/p>\n<p>Para mais informa\u00e7\u00f5es www.instagram.com\/dado_schneider.<\/p>\n","protected":false},"excerpt":{"rendered":"<p>O Festival LED &#8211; Luz na Educa\u00e7\u00e3o, uma das iniciativas mais significativas sobre educa\u00e7\u00e3o no Brasil, ter\u00e1 a ilustre presen\u00e7a de Dado Schneider, Doutor em Comunica\u00e7\u00e3o pela PUC\/RS e especialista de gera\u00e7\u00f5es, como uma das principais atra\u00e7\u00f5es de sua 4\u00aa edi\u00e7\u00e3o. O evento ocorrer\u00e1 nos dias 13 e 14 de junho de 2025, no Museu [&hellip;]<\/p>\n","protected":false},"author":2,"featured_media":18599,"comment_status":"open","ping_status":"open","sticky":false,"template":"","format":"standard","meta":{"_jetpack_memberships_contains_paid_content":false,"footnotes":""},"categories":[51,56,60],"tags":[10910],"featured_image_src":{"landsacpe":["https:\/\/revistaempresarios.net\/web\/wp-content\/uploads\/2025\/06\/19446b60-5150-4485-8bf4-47c1bae7a5f3-880x445.jpeg",880,445,true],"list":["https:\/\/revistaempresarios.net\/web\/wp-content\/uploads\/2025\/06\/19446b60-5150-4485-8bf4-47c1bae7a5f3-463x348.jpeg",463,348,true],"medium":["https:\/\/revistaempresarios.net\/web\/wp-content\/uploads\/2025\/06\/19446b60-5150-4485-8bf4-47c1bae7a5f3-300x203.jpeg",300,203,true],"full":["https:\/\/revistaempresarios.net\/web\/wp-content\/uploads\/2025\/06\/19446b60-5150-4485-8bf4-47c1bae7a5f3.jpeg",880,596,false]},"jetpack_sharing_enabled":true,"jetpack_featured_media_url":"https:\/\/revistaempresarios.net\/web\/wp-content\/uploads\/2025\/06\/19446b60-5150-4485-8bf4-47c1bae7a5f3.jpeg","jetpack-related-posts":[],"_links":{"self":[{"href":"https:\/\/revistaempresarios.net\/web\/wp-json\/wp\/v2\/posts\/18598"}],"collection":[{"href":"https:\/\/revistaempresarios.net\/web\/wp-json\/wp\/v2\/posts"}],"about":[{"href":"https:\/\/revistaempresarios.net\/web\/wp-json\/wp\/v2\/types\/post"}],"author":[{"embeddable":true,"href":"https:\/\/revistaempresarios.net\/web\/wp-json\/wp\/v2\/users\/2"}],"replies":[{"embeddable":true,"href":"https:\/\/revistaempresarios.net\/web\/wp-json\/wp\/v2\/comments?post=18598"}],"version-history":[{"count":1,"href":"https:\/\/revistaempresarios.net\/web\/wp-json\/wp\/v2\/posts\/18598\/revisions"}],"predecessor-version":[{"id":18600,"href":"https:\/\/revistaempresarios.net\/web\/wp-json\/wp\/v2\/posts\/18598\/revisions\/18600"}],"wp:featuredmedia":[{"embeddable":true,"href":"https:\/\/revistaempresarios.net\/web\/wp-json\/wp\/v2\/media\/18599"}],"wp:attachment":[{"href":"https:\/\/revistaempresarios.net\/web\/wp-json\/wp\/v2\/media?parent=18598"}],"wp:term":[{"taxonomy":"category","embeddable":true,"href":"https:\/\/revistaempresarios.net\/web\/wp-json\/wp\/v2\/categories?post=18598"},{"taxonomy":"post_tag","embeddable":true,"href":"https:\/\/revistaempresarios.net\/web\/wp-json\/wp\/v2\/tags?post=18598"}],"curies":[{"name":"wp","href":"https:\/\/api.w.org\/{rel}","templated":true}]}}