{"id":18288,"date":"2025-05-23T16:03:52","date_gmt":"2025-05-23T19:03:52","guid":{"rendered":"https:\/\/revistaempresarios.net\/web\/?p=18288"},"modified":"2025-05-23T16:03:52","modified_gmt":"2025-05-23T19:03:52","slug":"transformacao-digital-na-previdencia-quanta-apresenta-cases-de-ia-no-15o-encontro-sul","status":"publish","type":"post","link":"https:\/\/revistaempresarios.net\/web\/2025\/05\/23\/transformacao-digital-na-previdencia-quanta-apresenta-cases-de-ia-no-15o-encontro-sul\/","title":{"rendered":"Transforma\u00e7\u00e3o digital na previd\u00eancia: Quanta apresenta cases de IA no 15\u00ba Encontro Sul"},"content":{"rendered":"<div class=\"itemBody\">\n<div class=\"itemIntroText\">\n<p>Entidade compartilhou experi\u00eancias pioneiras no uso de Intelig\u00eancia Artificial, destacando avan\u00e7os em efici\u00eancia, governan\u00e7a e atendimento aos participantes<\/p>\n<\/div>\n<div class=\"itemFullText\">\n<p>A Quanta Previd\u00eancia, refer\u00eancia nacional em previd\u00eancia associativa, marcou presen\u00e7a no 15\u00ba Encontro de Previd\u00eancia Complementar da Regi\u00e3o Sul, realizado em Gramado (RS), de 21 e 23 de maio, reuniu lideran\u00e7as e especialistas de diversas entidades fechadas para debater as principais tend\u00eancias e desafios que impactam a previd\u00eancia complementar no Brasil.<\/p>\n<p>O diretor de TI e Opera\u00e7\u00f5es, Glauco Milhomem Balthar, foi o representante da entidade em um dos principais pain\u00e9is do evento, promovendo o debate sobre os desafios e oportunidades do segmento frente \u00e0s transforma\u00e7\u00f5es tecnol\u00f3gicas e regulat\u00f3rias. \u201cA nossa participa\u00e7\u00e3o em eventos como este refor\u00e7a o protagonismo da entidade no movimento de moderniza\u00e7\u00e3o e digitaliza\u00e7\u00e3o do setor, alinhado \u00e0s melhores pr\u00e1ticas internacionais. Al\u00e9m disso, \u00e9 uma \u00f3tima oportunidade para fomentar a troca de experi\u00eancias e a constru\u00e7\u00e3o colaborativa de solu\u00e7\u00f5es para o futuro da previd\u00eancia.\u201d<\/p>\n<p>Refer\u00eancia no tema tecnologia aplicada \u00e0 previd\u00eancia complementar, Glauco tamb\u00e9m apresentou ao p\u00fablico o case \u201cIA na Pr\u00e1tica na Previd\u00eancia Complementar\u201d, destacando a bem-sucedida jornada de ado\u00e7\u00e3o de Intelig\u00eancia Artificial (IA) pela Quanta. Em sua exposi\u00e7\u00e3o, compartilhou exemplos reais que mostram como a entidade vem transformando processos internos e a experi\u00eancia dos participantes por meio de solu\u00e7\u00f5es tecnol\u00f3gicas de ponta.<\/p>\n<p>Entre os exemplos apresentados, destacam-se o uso de chatbots especializados em investimentos, sistemas preditivos para monitoramento regulat\u00f3rio e an\u00e1lise automatizada de contratos. \u201cNa Quanta, implementamos ferramentas que otimizam significativamente o atendimento e a comunica\u00e7\u00e3o com os participantes. J\u00e1 desenvolvemos mais de 20 agentes virtuais especializados, e conseguimos reduzir em at\u00e9 70% o tempo de elabora\u00e7\u00e3o de relat\u00f3rios e campanhas \u2014 resultados concretos que comprovam a efetividade da nossa estrat\u00e9gia de ado\u00e7\u00e3o de Intelig\u00eancia Artificial,\u201d ressalta Glauco.<\/p>\n<p>Com mais de R$ 7 bilh\u00f5es sob gest\u00e3o, a Quanta Previd\u00eancia se consolidou como a maior previd\u00eancia associativa do Brasil e a quarta maior entre as entidades fechadas do pa\u00eds. Sediada em Santa Catarina, \u00e9 reconhecida nacionalmente pela sua solidez e por operar exclusivamente planos destinados a cooperativas, sindicatos e associa\u00e7\u00f5es profissionais.<\/p>\n<p>A entidade possui presen\u00e7a em todos os estados brasileiros, impactando diretamente mais de 200 mil participantes e beneficiando cerca de 630 mil pessoas. Ao longo de seus 20 anos de atua\u00e7\u00e3o, a Quanta vem liderando importantes iniciativas para o fortalecimento do ecossistema de previd\u00eancia privada e para a promo\u00e7\u00e3o da educa\u00e7\u00e3o previdenci\u00e1ria e do planejamento financeiro.<\/p>\n<\/div>\n<\/div>\n<div class=\"e-mailit_toolbox circular  size48\">\n<div class=\"e-mailit_btn_EMAILiT\"><\/div>\n<\/div>\n","protected":false},"excerpt":{"rendered":"<p>Entidade compartilhou experi\u00eancias pioneiras no uso de Intelig\u00eancia Artificial, destacando avan\u00e7os em efici\u00eancia, governan\u00e7a e atendimento aos participantes A Quanta Previd\u00eancia, refer\u00eancia nacional em previd\u00eancia associativa, marcou presen\u00e7a no 15\u00ba Encontro de Previd\u00eancia Complementar da Regi\u00e3o Sul, realizado em Gramado (RS), de 21 e 23 de maio, reuniu lideran\u00e7as e especialistas de diversas entidades fechadas [&hellip;]<\/p>\n","protected":false},"author":2,"featured_media":18289,"comment_status":"open","ping_status":"open","sticky":false,"template":"","format":"standard","meta":{"_jetpack_memberships_contains_paid_content":false,"footnotes":""},"categories":[51,56,57,58,60],"tags":[10770],"featured_image_src":{"landsacpe":["https:\/\/revistaempresarios.net\/web\/wp-content\/uploads\/2025\/05\/11b0dbd506f1bd913e15ba541d190dc9_XL-1140x445.jpg",1140,445,true],"list":["https:\/\/revistaempresarios.net\/web\/wp-content\/uploads\/2025\/05\/11b0dbd506f1bd913e15ba541d190dc9_XL-463x348.jpg",463,348,true],"medium":["https:\/\/revistaempresarios.net\/web\/wp-content\/uploads\/2025\/05\/11b0dbd506f1bd913e15ba541d190dc9_XL-300x225.jpg",300,225,true],"full":["https:\/\/revistaempresarios.net\/web\/wp-content\/uploads\/2025\/05\/11b0dbd506f1bd913e15ba541d190dc9_XL.jpg",1220,915,false]},"jetpack_sharing_enabled":true,"jetpack_featured_media_url":"https:\/\/revistaempresarios.net\/web\/wp-content\/uploads\/2025\/05\/11b0dbd506f1bd913e15ba541d190dc9_XL.jpg","jetpack-related-posts":[],"_links":{"self":[{"href":"https:\/\/revistaempresarios.net\/web\/wp-json\/wp\/v2\/posts\/18288"}],"collection":[{"href":"https:\/\/revistaempresarios.net\/web\/wp-json\/wp\/v2\/posts"}],"about":[{"href":"https:\/\/revistaempresarios.net\/web\/wp-json\/wp\/v2\/types\/post"}],"author":[{"embeddable":true,"href":"https:\/\/revistaempresarios.net\/web\/wp-json\/wp\/v2\/users\/2"}],"replies":[{"embeddable":true,"href":"https:\/\/revistaempresarios.net\/web\/wp-json\/wp\/v2\/comments?post=18288"}],"version-history":[{"count":1,"href":"https:\/\/revistaempresarios.net\/web\/wp-json\/wp\/v2\/posts\/18288\/revisions"}],"predecessor-version":[{"id":18290,"href":"https:\/\/revistaempresarios.net\/web\/wp-json\/wp\/v2\/posts\/18288\/revisions\/18290"}],"wp:featuredmedia":[{"embeddable":true,"href":"https:\/\/revistaempresarios.net\/web\/wp-json\/wp\/v2\/media\/18289"}],"wp:attachment":[{"href":"https:\/\/revistaempresarios.net\/web\/wp-json\/wp\/v2\/media?parent=18288"}],"wp:term":[{"taxonomy":"category","embeddable":true,"href":"https:\/\/revistaempresarios.net\/web\/wp-json\/wp\/v2\/categories?post=18288"},{"taxonomy":"post_tag","embeddable":true,"href":"https:\/\/revistaempresarios.net\/web\/wp-json\/wp\/v2\/tags?post=18288"}],"curies":[{"name":"wp","href":"https:\/\/api.w.org\/{rel}","templated":true}]}}