{"id":18225,"date":"2025-05-20T20:50:25","date_gmt":"2025-05-20T23:50:25","guid":{"rendered":"https:\/\/revistaempresarios.net\/web\/?p=18225"},"modified":"2025-05-20T20:50:25","modified_gmt":"2025-05-20T23:50:25","slug":"como-a-gestao-de-conteudo-nas-empresas-esta-evoluindo-com-a-tecnologia-por-marcelo-araujo-e-diretor-comercial-da-ebox-digital-empresa-especializada-em-gestao-e-protecao-de-documentos-fisicos-e-di","status":"publish","type":"post","link":"https:\/\/revistaempresarios.net\/web\/2025\/05\/20\/como-a-gestao-de-conteudo-nas-empresas-esta-evoluindo-com-a-tecnologia-por-marcelo-araujo-e-diretor-comercial-da-ebox-digital-empresa-especializada-em-gestao-e-protecao-de-documentos-fisicos-e-di\/","title":{"rendered":"Como a Gest\u00e3o de Conte\u00fado Nas Empresas Est\u00e1 Evoluindo com a Tecnologia &#8211; Por: *Marcelo Ara\u00fajo \u00e9 diretor comercial da eBox Digital, empresa especializada em gest\u00e3o e prote\u00e7\u00e3o de documentos f\u00edsicos e digitais."},"content":{"rendered":"<p>Durante muito tempo, a gest\u00e3o de conte\u00fado nas empresas esteve associada apenas ao armazenamento seguro de documentos. Era uma fun\u00e7\u00e3o essencialmente operacional, voltada \u00e0 guarda de contratos, relat\u00f3rios e registros (e muitas vezes em pastas f\u00edsicas ou servidores internos cujo \u00fanico objetivo era garantir acesso quando necess\u00e1rio).<\/p>\n<p>Mas ao longo do tempo essa vis\u00e3o mudou. Em tempos de transforma\u00e7\u00e3o digital acelerada, a informa\u00e7\u00e3o deixou de ser um recurso est\u00e1tico para se tornar um ativo estrat\u00e9gico.<\/p>\n<p>Hoje, o conte\u00fado n\u00e3o serve apenas para &#8220;provar&#8221; ou &#8220;consultar&#8221;, mas para decidir. O que antes era arquivado, agora \u00e9 analisado. E o que antes era um reposit\u00f3rio, agora \u00e9 uma plataforma inteligente. Essa virada vem exigindo das empresas n\u00e3o apenas novas ferramentas, mas principalmente uma mudan\u00e7a cultural: sair da l\u00f3gica do controle e avan\u00e7ar para a l\u00f3gica do conhecimento.<\/p>\n<p>Na pr\u00e1tica, isso significa adotar solu\u00e7\u00f5es que n\u00e3o apenas organizam dados, mas os interpretam, conectam e sugerem caminhos. Plataformas de gest\u00e3o de conte\u00fado modernas integram-se a CRMs, ERPs e sistemas de BI para gerar insights valiosos, melhorar a jornada do cliente, antecipar demandas e acelerar decis\u00f5es. Um contrato pode indicar oportunidades comerciais; um relat\u00f3rio t\u00e9cnico pode sinalizar riscos operacionais. Um hist\u00f3rico de intera\u00e7\u00f5es pode prever comportamentos futuros.<\/p>\n<p>Nesse novo contexto, a gest\u00e3o da informa\u00e7\u00e3o torna-se intelig\u00eancia corporativa, e empresas que dominam esse ciclo ganham vantagem competitiva real. Especialmente em ambientes complexos, com m\u00faltiplas unidades de neg\u00f3cio e canais de comunica\u00e7\u00e3o, a capacidade de transformar dados brutos em leitura estrat\u00e9gica faz a diferen\u00e7a entre agir e apenas reagir.<\/p>\n<p>Vale destacar que essa evolu\u00e7\u00e3o n\u00e3o \u00e9 apenas tecnol\u00f3gica: ela passa tamb\u00e9m pela estrutura\u00e7\u00e3o de governan\u00e7a da informa\u00e7\u00e3o, capacita\u00e7\u00e3o das equipes e revis\u00e3o de processos internos. A tecnologia \u00e9 o meio, mas a mentalidade orientada a dados \u00e9 o que move a transforma\u00e7\u00e3o.<\/p>\n<p>Investir em gest\u00e3o de conte\u00fado inteligente \u00e9 mais do que uma tend\u00eancia. \u00c9 uma resposta \u00e0 complexidade crescente do mercado. As empresas que enxergarem o conte\u00fado como fonte de valor (e n\u00e3o apenas como passivo organizacional) estar\u00e3o mais preparadas para inovar, se adaptar e crescer de forma sustent\u00e1vel.<\/p>\n<p>O futuro da gest\u00e3o de conte\u00fado n\u00e3o est\u00e1 nos arquivos. Est\u00e1 na an\u00e1lise, na conex\u00e3o e, principalmente, na a\u00e7\u00e3o.<\/p>\n","protected":false},"excerpt":{"rendered":"<p>Durante muito tempo, a gest\u00e3o de conte\u00fado nas empresas esteve associada apenas ao armazenamento seguro de documentos. Era uma fun\u00e7\u00e3o essencialmente operacional, voltada \u00e0 guarda de contratos, relat\u00f3rios e registros (e muitas vezes em pastas f\u00edsicas ou servidores internos cujo \u00fanico objetivo era garantir acesso quando necess\u00e1rio). Mas ao longo do tempo essa vis\u00e3o mudou. [&hellip;]<\/p>\n","protected":false},"author":2,"featured_media":18226,"comment_status":"open","ping_status":"open","sticky":false,"template":"","format":"standard","meta":{"_jetpack_memberships_contains_paid_content":false,"_joinchat":[],"footnotes":""},"categories":[51],"tags":[10748,10576],"featured_image_src":{"landsacpe":["https:\/\/revistaempresarios.net\/web\/wp-content\/uploads\/2025\/05\/c902786f2b4fa18ff91d112bdfb4037e_XL-1140x445.jpg",1140,445,true],"list":["https:\/\/revistaempresarios.net\/web\/wp-content\/uploads\/2025\/05\/c902786f2b4fa18ff91d112bdfb4037e_XL-463x348.jpg",463,348,true],"medium":["https:\/\/revistaempresarios.net\/web\/wp-content\/uploads\/2025\/05\/c902786f2b4fa18ff91d112bdfb4037e_XL-300x200.jpg",300,200,true],"full":["https:\/\/revistaempresarios.net\/web\/wp-content\/uploads\/2025\/05\/c902786f2b4fa18ff91d112bdfb4037e_XL.jpg",1220,815,false]},"jetpack_sharing_enabled":true,"jetpack_featured_media_url":"https:\/\/revistaempresarios.net\/web\/wp-content\/uploads\/2025\/05\/c902786f2b4fa18ff91d112bdfb4037e_XL.jpg","jetpack-related-posts":[],"_links":{"self":[{"href":"https:\/\/revistaempresarios.net\/web\/wp-json\/wp\/v2\/posts\/18225"}],"collection":[{"href":"https:\/\/revistaempresarios.net\/web\/wp-json\/wp\/v2\/posts"}],"about":[{"href":"https:\/\/revistaempresarios.net\/web\/wp-json\/wp\/v2\/types\/post"}],"author":[{"embeddable":true,"href":"https:\/\/revistaempresarios.net\/web\/wp-json\/wp\/v2\/users\/2"}],"replies":[{"embeddable":true,"href":"https:\/\/revistaempresarios.net\/web\/wp-json\/wp\/v2\/comments?post=18225"}],"version-history":[{"count":1,"href":"https:\/\/revistaempresarios.net\/web\/wp-json\/wp\/v2\/posts\/18225\/revisions"}],"predecessor-version":[{"id":18227,"href":"https:\/\/revistaempresarios.net\/web\/wp-json\/wp\/v2\/posts\/18225\/revisions\/18227"}],"wp:featuredmedia":[{"embeddable":true,"href":"https:\/\/revistaempresarios.net\/web\/wp-json\/wp\/v2\/media\/18226"}],"wp:attachment":[{"href":"https:\/\/revistaempresarios.net\/web\/wp-json\/wp\/v2\/media?parent=18225"}],"wp:term":[{"taxonomy":"category","embeddable":true,"href":"https:\/\/revistaempresarios.net\/web\/wp-json\/wp\/v2\/categories?post=18225"},{"taxonomy":"post_tag","embeddable":true,"href":"https:\/\/revistaempresarios.net\/web\/wp-json\/wp\/v2\/tags?post=18225"}],"curies":[{"name":"wp","href":"https:\/\/api.w.org\/{rel}","templated":true}]}}