{"id":18094,"date":"2025-05-13T21:10:19","date_gmt":"2025-05-14T00:10:19","guid":{"rendered":"https:\/\/revistaempresarios.net\/web\/?p=18094"},"modified":"2025-05-13T21:10:19","modified_gmt":"2025-05-14T00:10:19","slug":"toledo-do-brasil-apresenta-novidades-em-tecnologia-autonomia-e-rentabilidade-como-aliadas-no-varejo","status":"publish","type":"post","link":"https:\/\/revistaempresarios.net\/web\/2025\/05\/13\/toledo-do-brasil-apresenta-novidades-em-tecnologia-autonomia-e-rentabilidade-como-aliadas-no-varejo\/","title":{"rendered":"Toledo do Brasil apresenta novidades em tecnologia, autonomia e rentabilidade como aliadas no varejo"},"content":{"rendered":"<div>\n<div><\/div>\n<\/div>\n<table border=\"0\" width=\"100%\" cellspacing=\"0\" cellpadding=\"0\">\n<tbody>\n<tr>\n<td class=\"v1ip-text-block\" align=\"left\">\n<div>\n<div><\/div>\n<\/div>\n<\/td>\n<\/tr>\n<tr>\n<td class=\"v1ip-text-block\" align=\"left\">\n<div>\n<p class=\"v1ql-align-center\"><em>Empresa leva atualiza\u00e7\u00f5es de equipamentos com intelig\u00eancia artificial, software em nuvem e economia de papel na APAS Show 2025<\/em><\/p>\n<\/div>\n<\/td>\n<\/tr>\n<tr>\n<td class=\"v1ip-text-block\" align=\"left\">\n<div>\n<p class=\"v1ql-align-justify\">A l\u00edder em tecnologia de pesagem na Am\u00e9rica Latina, Toledo do Brasil, apresenta na APAS Show 2025 solu\u00e7\u00f5es para aumentar a rentabilidade e autonomia dos neg\u00f3cios no setor varejista. A feira, que este ano acontece entre os dias 12 e 15 de maio no Expo Center Norte, em S\u00e3o Paulo, capital, \u00e9 a maior feira supermercadista do mundo.<\/p>\n<p class=\"v1ql-align-justify\">Para sanar as dores deste mercado e manter as solu\u00e7\u00f5es atualizadas, a empresa apresenta sua mais nova gera\u00e7\u00e3o da\u00a0<strong>PRIX 7T<\/strong>, balan\u00e7a equipada com intelig\u00eancia artificial que reconhece instantaneamente produtos usando comandos de voz ou c\u00e2mera. Tamb\u00e9m ser\u00e1 apresentado o novo editor para o sistemas MGV Cloud 7, que otimiza o processo de impress\u00e3o de etiquetas personaliz\u00e1veis em alta qualidade e baixo consumo de bateria.<\/p>\n<\/div>\n<\/td>\n<\/tr>\n<tr>\n<td class=\"v1ip-image-block\" align=\"center\">\n<table border=\"0\" cellspacing=\"0\" cellpadding=\"0\">\n<tbody>\n<tr>\n<td><img decoding=\"async\" src=\"https:\/\/s3.us-east-1.wasabisys.com\/wasabi.cse360.com.br\/email-editor-files\/8712c117-9705-42bd-d4c3-08d95907b7ce\/46647a4f-04dd-444c-897a-dc4f21f1ddab.png\" width=\"584\" height=\"auto\" \/><\/td>\n<\/tr>\n<\/tbody>\n<\/table>\n<\/td>\n<\/tr>\n<tr>\n<td class=\"v1ip-text-block\" align=\"left\">\n<div>\n<p class=\"v1ql-align-justify\">Outro destaque ser\u00e1 a balan\u00e7a\u00a0<strong>Splash BP201W<\/strong>, voltada para a pesagem de peixes e carnes. O equipamento pretende atender tanto estabelecimentos comerciais quanto comerciantes de feiras livres e conta com uma bateria econ\u00f4mica de 800 horas de dura\u00e7\u00e3o, com a possibilidade de habilitar a fun\u00e7\u00e3o\u00a0<em>backlight<\/em>\u00a0para garantir ainda mais economia.<\/p>\n<p class=\"v1ql-align-justify\">O setor aliment\u00edcio tamb\u00e9m contar\u00e1 com apresenta\u00e7\u00e3o da\u00a0<strong>linha Food Service<\/strong>, composta por solu\u00e7\u00f5es que aumentam exponencialmente a produtividade dos clientes. A linha conta com formadora de alimentos, fatiador de carne, fatiadores de frios, fatiador de frango, al\u00e9m da seladora \u00e0 v\u00e1cuo. Todas as solu\u00e7\u00f5es desenvolvidas para oferecer agilidade, padroniza\u00e7\u00e3o e efici\u00eancia, que j\u00e1 fazem parte do DNA da empresa.<\/p>\n<\/div>\n<\/td>\n<\/tr>\n<tr>\n<td class=\"v1ip-image-block\" align=\"center\">\n<table border=\"0\" cellspacing=\"0\" cellpadding=\"0\">\n<tbody>\n<tr>\n<td><img decoding=\"async\" src=\"https:\/\/s3.us-east-1.wasabisys.com\/wasabi.cse360.com.br\/email-editor-files\/8712c117-9705-42bd-d4c3-08d95907b7ce\/1118d50f-8927-426a-88d6-3a9c8bc8df0b.jpg\" width=\"584\" height=\"auto\" \/><\/td>\n<\/tr>\n<\/tbody>\n<\/table>\n<\/td>\n<\/tr>\n<tr>\n<td class=\"v1ip-text-block\" align=\"left\">\n<div>\n<p class=\"v1ql-align-justify\">O CSO da Toledo do Brasil, Douglas Vian, comenta sobre a import\u00e2ncia de marcar presen\u00e7a: &#8220;A Feira APAS \u00e9, sem d\u00favida, um dos eventos mais importantes do nosso calend\u00e1rio. Ela representa uma grande oportunidade para recebermos nossos clientes, estreitarmos relacionamentos e, principalmente, apresentarmos as novidades que preparamos com tanto cuidado. Trata-se de um dos maiores eventos do setor no mundo, e para n\u00f3s, \u00e9 um momento estrat\u00e9gico para demonstrar o quanto estamos comprometidos com os desafios atuais dos nossos parceiros e como nossas solu\u00e7\u00f5es est\u00e3o focadas em aumentar a performance operacional e, claro, melhorar a rentabilidade dos neg\u00f3cios&#8221;, diz Vian.<\/p>\n<p class=\"v1ql-align-justify\"><strong>Servi\u00e7o<\/strong><\/p>\n<p class=\"v1ql-align-justify\">Toledo do Brasil na APAS SHOW<\/p>\n<p class=\"v1ql-align-justify\">Data: De 12 a 15 de maio de 2025.<\/p>\n<p class=\"v1ql-align-justify\">Local: Expo Center Norte &#8211; Rua Jos\u00e9 Bernardo Pinto, 333, Vila Guilherme, S\u00e3o Paulo, SP, 02055-000.<\/p>\n<p class=\"v1ql-align-justify\"><strong>Mais sobre a Toledo do Brasil<\/strong><\/p>\n<p class=\"v1ql-align-justify\">A Toledo do Brasil \u00e9 a empresa l\u00edder na \u00e1rea de pesagem no pa\u00eds. Foi fundada em 1956 e investe continuamente em pesquisa, projeto, fabrica\u00e7\u00e3o, atendimento, suporte t\u00e9cnico e servi\u00e7os para atender as mais variadas necessidades de pesagem, incluindo gerenciamento e automa\u00e7\u00e3o dos processos de pesagem e de cubagem. Fornece tamb\u00e9m hardware, software, servi\u00e7os em pesagem, fatiadores de frios e etiquetas para o com\u00e9rcio varejista. Saiba mais sobre os produtos em: www.toledobrasil.com<\/p>\n<\/div>\n<\/td>\n<\/tr>\n<\/tbody>\n<\/table>\n","protected":false},"excerpt":{"rendered":"<p>Empresa leva atualiza\u00e7\u00f5es de equipamentos com intelig\u00eancia artificial, software em nuvem e economia de papel na APAS Show 2025 A l\u00edder em tecnologia de pesagem na Am\u00e9rica Latina, Toledo do Brasil, apresenta na APAS Show 2025 solu\u00e7\u00f5es para aumentar a rentabilidade e autonomia dos neg\u00f3cios no setor varejista. A feira, que este ano acontece entre [&hellip;]<\/p>\n","protected":false},"author":2,"featured_media":18095,"comment_status":"open","ping_status":"open","sticky":false,"template":"","format":"standard","meta":{"_jetpack_memberships_contains_paid_content":false,"footnotes":""},"categories":[51,54,56,58,60],"tags":[10689,10688],"featured_image_src":{"landsacpe":["https:\/\/revistaempresarios.net\/web\/wp-content\/uploads\/2025\/05\/859b7ef0-9051-4cea-bd17-5901373cae52-1140x445.png",1140,445,true],"list":["https:\/\/revistaempresarios.net\/web\/wp-content\/uploads\/2025\/05\/859b7ef0-9051-4cea-bd17-5901373cae52-463x348.png",463,348,true],"medium":["https:\/\/revistaempresarios.net\/web\/wp-content\/uploads\/2025\/05\/859b7ef0-9051-4cea-bd17-5901373cae52-300x300.png",300,300,true],"full":["https:\/\/revistaempresarios.net\/web\/wp-content\/uploads\/2025\/05\/859b7ef0-9051-4cea-bd17-5901373cae52.png",3500,3487,false]},"jetpack_sharing_enabled":true,"jetpack_featured_media_url":"https:\/\/revistaempresarios.net\/web\/wp-content\/uploads\/2025\/05\/859b7ef0-9051-4cea-bd17-5901373cae52.png","jetpack-related-posts":[],"_links":{"self":[{"href":"https:\/\/revistaempresarios.net\/web\/wp-json\/wp\/v2\/posts\/18094"}],"collection":[{"href":"https:\/\/revistaempresarios.net\/web\/wp-json\/wp\/v2\/posts"}],"about":[{"href":"https:\/\/revistaempresarios.net\/web\/wp-json\/wp\/v2\/types\/post"}],"author":[{"embeddable":true,"href":"https:\/\/revistaempresarios.net\/web\/wp-json\/wp\/v2\/users\/2"}],"replies":[{"embeddable":true,"href":"https:\/\/revistaempresarios.net\/web\/wp-json\/wp\/v2\/comments?post=18094"}],"version-history":[{"count":1,"href":"https:\/\/revistaempresarios.net\/web\/wp-json\/wp\/v2\/posts\/18094\/revisions"}],"predecessor-version":[{"id":18096,"href":"https:\/\/revistaempresarios.net\/web\/wp-json\/wp\/v2\/posts\/18094\/revisions\/18096"}],"wp:featuredmedia":[{"embeddable":true,"href":"https:\/\/revistaempresarios.net\/web\/wp-json\/wp\/v2\/media\/18095"}],"wp:attachment":[{"href":"https:\/\/revistaempresarios.net\/web\/wp-json\/wp\/v2\/media?parent=18094"}],"wp:term":[{"taxonomy":"category","embeddable":true,"href":"https:\/\/revistaempresarios.net\/web\/wp-json\/wp\/v2\/categories?post=18094"},{"taxonomy":"post_tag","embeddable":true,"href":"https:\/\/revistaempresarios.net\/web\/wp-json\/wp\/v2\/tags?post=18094"}],"curies":[{"name":"wp","href":"https:\/\/api.w.org\/{rel}","templated":true}]}}