{"id":18088,"date":"2025-05-13T20:59:01","date_gmt":"2025-05-13T23:59:01","guid":{"rendered":"https:\/\/revistaempresarios.net\/web\/?p=18088"},"modified":"2025-05-13T20:59:01","modified_gmt":"2025-05-13T23:59:01","slug":"apas-2025-com-selecao-especial-para-as-gondolas-brasileiras-vinicola-chilena-apresenta-vinhos-organicos-inspirados-no-mar","status":"publish","type":"post","link":"https:\/\/revistaempresarios.net\/web\/2025\/05\/13\/apas-2025-com-selecao-especial-para-as-gondolas-brasileiras-vinicola-chilena-apresenta-vinhos-organicos-inspirados-no-mar\/","title":{"rendered":"APAS 2025: Com sele\u00e7\u00e3o especial para as g\u00f4ndolas brasileiras, vin\u00edcola chilena apresenta vinhos org\u00e2nicos inspirados no mar"},"content":{"rendered":"<table border=\"0\" width=\"100%\" cellspacing=\"0\" cellpadding=\"0\">\n<tbody>\n<tr>\n<td>\n<table border=\"0\" width=\"100%\" cellspacing=\"0\" cellpadding=\"0\">\n<tbody>\n<tr>\n<td class=\"v1ip-text-block\" align=\"left\">\n<div>\n<p class=\"v1ql-align-justify\">Com\u00a0<strong>vinhos inspirados<\/strong>\u00a0pelo\u00a0<strong>universo dos oceanos<\/strong>\u00a0&#8211; reflexo da\u00a0<strong>origem de seu criador<\/strong>, um\u00a0<strong>armador noruegu\u00eas<\/strong>\u00a0&#8211; a\u00a0<strong>chilena<\/strong>\u00a0<strong>Odfjell Vineyards<\/strong>\u00a0\u00e9<strong>\u00a0<\/strong>reconhecida por fazer da\u00a0<strong>sustentabilidade<\/strong>\u00a0e da\u00a0<strong>produ\u00e7\u00e3o org\u00e2nica<\/strong>\u00a0os pilares de sua\u00a0<strong>filosofia enol\u00f3gica<\/strong>.<\/p>\n<p class=\"v1ql-align-justify\">Alguns de seus<strong>\u00a0vinhos mais expressivos<\/strong>\u00a0ser\u00e3o apresentados na\u00a0<strong>APAS 2025<\/strong>, em\u00a0<strong>S\u00e3o Paulo<\/strong>, entre\u00a0<strong>12 e 15 de maio<\/strong>, trazendo aos visitantes da feira a oportunidade de apreciar r\u00f3tulos elaborados a partir de\u00a0<strong>princ\u00edpios biodin\u00e2micos\u00a0<\/strong>e<strong>\u00a0org\u00e2nicos<\/strong>, que respeitam o\u00a0<strong>equil\u00edbrio natural<\/strong>\u00a0do ecossistema e\u00a0<strong>promovem solos vivos\u00a0<\/strong>e\u00a0<strong>f\u00e9rteis<\/strong>.<\/p>\n<p class=\"v1ql-align-justify\"><strong>Cavalos Norwegian Fjord\u00a0<\/strong>\u2013 os\u00a0<strong>\u00fanicos existentes no Chile<\/strong>\u00a0\u2013 circulam livremente e\u00a0<strong>substituem m\u00e1quinas<\/strong>\u00a0pesadas nos vinhedos, o que\u00a0<strong>reduz a compacta\u00e7\u00e3o<\/strong>\u00a0do solo e promove\u00a0<strong>regenera\u00e7\u00e3o natural<\/strong>; a\u00a0<strong>apicultura<\/strong>\u00a0com\u00a0<strong>colmeias pr\u00f3prias<\/strong>\u00a0contribui para a poliniza\u00e7\u00e3o e a\u00a0<strong>sa\u00fade do vinhedo<\/strong>; e a incorpora\u00e7\u00e3o de\u00a0<strong>ilhas ecol\u00f3gicas<\/strong>\u00a0estimula a presen\u00e7a de\u00a0<strong>insetos ben\u00e9ficos<\/strong>.<\/p>\n<p class=\"v1ql-align-justify\">Certificada com o selo &#8216;<strong>Vinho Sustent\u00e1vel do Chile<\/strong>&#8216;, e com\u00a0<strong>certifica\u00e7\u00f5es org\u00e2nica<\/strong>\u00a0e\u00a0<strong>vegana<\/strong>, a Odfjell foi fundada por\u00a0<strong>Dan Odfjell<\/strong>, que dedicou sua vida a viajar e nos anos 1980 conheceu<strong>\u00a0<\/strong>e se apaixonou pelo<strong>\u00a0Chile<\/strong>.<\/p>\n<p class=\"v1ql-align-justify\">Ali, nos\u00a0<strong>famosos Vale do Maipo\u00a0<\/strong>e\u00a0<strong>Vale do<\/strong>\u00a0<strong>Maule<\/strong>, criou a vin\u00edcola que leva seu nome, a\u00a0<strong>primeira\u00a0<\/strong>na\u00a0<strong>Am\u00e9rica do Sul<\/strong>\u00a0a<strong>\u00a0<\/strong>utilizar o<strong>\u00a0fluxo por gravidade<\/strong>, um processo que garante um\u00a0<strong>manuseio<\/strong>\u00a0<strong>mais delicado<\/strong>\u00a0das uvas durante o processo de vinifica\u00e7\u00e3o, e\u00a0<strong>uma das primeiras no Chile\u00a0<\/strong>a trabalhar com a<strong>\u00a0uva Carignan<\/strong>, verdadeiro\u00a0<strong>patrim\u00f4nio chileno<\/strong>\u00a0que se tornou \u00edcone da Odfjell.<\/p>\n<p class=\"v1ql-align-justify\">&#8220;A\u00a0<strong>alta qualidade<\/strong>\u00a0e a\u00a0<strong>autenticidade<\/strong>\u00a0dos nossos vinhos poder\u00e3o ser conferidos na\u00a0<strong>oferta diversificada<\/strong>\u00a0que preparamos para a APAS. Selecionamos<strong>\u00a0<\/strong>vinhos<strong>\u00a0<\/strong>de<strong>\u00a0diferentes perfis<\/strong>,\u00a0<strong>conceitos<\/strong>\u00a0<strong>distintos<\/strong>\u00a0e\u00a0<strong>r\u00f3tulos vers\u00e1teis<\/strong>, prontos para estarem nas<strong>\u00a0g\u00f4ndolas\u00a0<\/strong>de todo<strong>\u00a0<\/strong>o Brasil&#8221;, explica\u00a0<strong>Gonzalo G\u00f3mez<\/strong>,\u00a0<strong>CEO<\/strong>\u00a0da vin\u00edcola, que estar\u00e1 na feira juntamente com\u00a0<strong>Felipe D\u00edas<\/strong>,\u00a0<strong>export manager<\/strong>\u00a0da Odfjell no Brasil.<\/p>\n<p class=\"v1ql-align-justify\"><strong>Heran\u00e7a mar\u00edtima e ra\u00edzes chilenas<\/strong><\/p>\n<p class=\"v1ql-align-justify\">Do\u00a0<strong>nome da vin\u00edcola<\/strong>\u00a0\u00e0\u00a0<strong>inspira\u00e7\u00e3o\u00a0<\/strong>para os<strong>\u00a0<\/strong>vinhos, a\u00a0<strong>vida mar\u00edtima<\/strong>\u00a0do armador Dan Odfjell est\u00e1 na alma da marca e d\u00e1 o tom da sele\u00e7\u00e3o que ser\u00e1 apresentada na APAS 2025.<\/p>\n<p class=\"v1ql-align-justify\">Batizados em refer\u00eancia<strong>\u00a0<\/strong>ao<strong>\u00a0encarregado de equipar\u00a0<\/strong>e<strong>\u00a0preparar um navio para zarpar<\/strong>, simbolizando\u00a0<strong>cuidado<\/strong>\u00a0e\u00a0<strong>autenticidade<\/strong>, os vinhos\u00a0<strong>Armador Cabernet Sauvignon<\/strong>,\u00a0<strong>Armador Carm\u00e9n\u00e8re<\/strong>\u00a0e\u00a0<strong>Armador Sauvignon Blanc<\/strong>\u00a0s\u00e3o elaborados com\u00a0<strong>uvas cl\u00e1ssicas<\/strong>\u00a0e celebram o equil\u00edbrio e o frescor.<\/p>\n<p class=\"v1ql-align-justify\">O tinto e o branco\u00a0<strong>Cap\u00edtulo Flying Fish<\/strong>\u00a0e\u00a0<strong>Cap\u00edtulo\u00a0Sea Kraken<\/strong>\u00a0unem o\u00a0<strong>conhecido<\/strong>\u00a0ao\u00a0<strong>inesperado<\/strong>, como um\u00a0<strong>novo cap\u00edtulo<\/strong>\u00a0em um\u00a0<strong>di\u00e1rio de bordo<\/strong>. Elaborados a partir de\u00a0<strong>misturas modernas de uvas<\/strong>, trazem combina\u00e7\u00f5es estruturadas, que se destacam pela complexidade.<\/p>\n<p class=\"v1ql-align-justify\">Inspirados no\u00a0<strong>termo n\u00e1utico &#8220;Orzada&#8221;<\/strong>, que significa &#8220;<strong>navegar contra o vento<\/strong>&#8220;, os vinhos\u00a0<strong>Orzada Cabernet Sauvignon<\/strong>,\u00a0<strong>Orzada Carm\u00e9n\u00e8re<\/strong>\u00a0e\u00a0<strong>Orzada\u00a0Chardonnay<\/strong>\u00a0representam a coragem de\u00a0<strong>explorar novos horizontes<\/strong>, com seu foco na vivacidade e eleg\u00e2ncia.<\/p>\n<p class=\"v1ql-align-justify\">Um\u00a0<strong>tributo \u00e0 beleza ef\u00eamera<\/strong>, como as\u00a0<strong>sutis marcas do vento no mar<\/strong>, o vinho\u00a0<strong>Elusiva<\/strong>\u00a0\u00e9 elaborado com\u00a0<strong>blends do Vale do Maule<\/strong>, capturando a magia fugaz da natureza em um r\u00f3tulo delicado.<\/p>\n<p class=\"v1ql-align-center\"><strong>Visite o stand da Odjfell na APAS 2025<\/strong><\/p>\n<p class=\"v1ql-align-center\"><strong>\u00a0<\/strong><strong>Dias 12, 13 e 14 de maio, das 12 \u00e0s 20 horas<\/strong><\/p>\n<p class=\"v1ql-align-center\"><strong>Dia 15 de maio, das 12 \u00e0s 18 horas<\/strong><\/p>\n<p class=\"v1ql-align-center\"><strong>\u00a0<\/strong><strong>Expo Center Norte &#8211; Rua Jos\u00e9 Bernardo Pinto, 333 &#8211; Vila Guilherme, S\u00e3o Paulo<\/strong><\/p>\n<p class=\"v1ql-align-center\"><strong>@odfjellvineyards |\u00a0<\/strong><a href=\"https:\/\/click.cse360.com.br\/Click\/AddCampaignEmailClick\/b1a92d0a-cae2-4281-7af8-08dd8bfbc49d\/https%253a%252f%252fodfjellvineyards.cl%252fhome%252f\/7cd95766-6019-4c09-b213-573893648b5e\/contato@revistaempresarios.net\/True\" target=\"_blank\" rel=\"noopener noreferrer\"><strong>odfjellvineyards.cl<\/strong><\/a><\/p>\n<p><strong>CH2A Comunica\u00e7\u00e3o | @ch2acomunicacao<\/strong><\/p>\n<p><strong>Diretora: Alessandra Casolato \u2013\u00a0<\/strong><a href=\"mailto:alessandra.casolato@ch2a.com.br\" rel=\"noreferrer\"><strong>alessandra.casolato@ch2a.com.br<\/strong><\/a><\/p>\n<p><strong>Coordenadora: Magaly Corgosinho \u2013\u00a0<\/strong><a href=\"mailto:coordenadoria@ch2a.com.br\" rel=\"noreferrer\"><strong>coordenadoria@ch2a.com.br<\/strong><\/a><\/p>\n<p><strong>Telefone * WhatsApp: (11) 9 7641.7472<\/strong><\/p>\n<\/div>\n<\/td>\n<\/tr>\n<\/tbody>\n<\/table>\n<\/td>\n<\/tr>\n<\/tbody>\n<\/table>\n","protected":false},"excerpt":{"rendered":"<p>Com\u00a0vinhos inspirados\u00a0pelo\u00a0universo dos oceanos\u00a0&#8211; reflexo da\u00a0origem de seu criador, um\u00a0armador noruegu\u00eas\u00a0&#8211; a\u00a0chilena\u00a0Odfjell Vineyards\u00a0\u00e9\u00a0reconhecida por fazer da\u00a0sustentabilidade\u00a0e da\u00a0produ\u00e7\u00e3o org\u00e2nica\u00a0os pilares de sua\u00a0filosofia enol\u00f3gica. Alguns de seus\u00a0vinhos mais expressivos\u00a0ser\u00e3o apresentados na\u00a0APAS 2025, em\u00a0S\u00e3o Paulo, entre\u00a012 e 15 de maio, trazendo aos visitantes da feira a oportunidade de apreciar r\u00f3tulos elaborados a partir de\u00a0princ\u00edpios biodin\u00e2micos\u00a0e\u00a0org\u00e2nicos, que respeitam o\u00a0equil\u00edbrio [&hellip;]<\/p>\n","protected":false},"author":2,"featured_media":18089,"comment_status":"open","ping_status":"open","sticky":false,"template":"","format":"standard","meta":{"_jetpack_memberships_contains_paid_content":false,"_joinchat":[],"footnotes":""},"categories":[51,54,56,57,58,60],"tags":[10685,10686],"featured_image_src":{"landsacpe":["https:\/\/revistaempresarios.net\/web\/wp-content\/uploads\/2025\/05\/9a92b39e-ce4c-4b26-a4e0-0faae92eca4f.jpg",399,430,false],"list":["https:\/\/revistaempresarios.net\/web\/wp-content\/uploads\/2025\/05\/9a92b39e-ce4c-4b26-a4e0-0faae92eca4f-399x348.jpg",399,348,true],"medium":["https:\/\/revistaempresarios.net\/web\/wp-content\/uploads\/2025\/05\/9a92b39e-ce4c-4b26-a4e0-0faae92eca4f-278x300.jpg",278,300,true],"full":["https:\/\/revistaempresarios.net\/web\/wp-content\/uploads\/2025\/05\/9a92b39e-ce4c-4b26-a4e0-0faae92eca4f.jpg",399,430,false]},"jetpack_sharing_enabled":true,"jetpack_featured_media_url":"https:\/\/revistaempresarios.net\/web\/wp-content\/uploads\/2025\/05\/9a92b39e-ce4c-4b26-a4e0-0faae92eca4f.jpg","jetpack-related-posts":[],"_links":{"self":[{"href":"https:\/\/revistaempresarios.net\/web\/wp-json\/wp\/v2\/posts\/18088"}],"collection":[{"href":"https:\/\/revistaempresarios.net\/web\/wp-json\/wp\/v2\/posts"}],"about":[{"href":"https:\/\/revistaempresarios.net\/web\/wp-json\/wp\/v2\/types\/post"}],"author":[{"embeddable":true,"href":"https:\/\/revistaempresarios.net\/web\/wp-json\/wp\/v2\/users\/2"}],"replies":[{"embeddable":true,"href":"https:\/\/revistaempresarios.net\/web\/wp-json\/wp\/v2\/comments?post=18088"}],"version-history":[{"count":1,"href":"https:\/\/revistaempresarios.net\/web\/wp-json\/wp\/v2\/posts\/18088\/revisions"}],"predecessor-version":[{"id":18090,"href":"https:\/\/revistaempresarios.net\/web\/wp-json\/wp\/v2\/posts\/18088\/revisions\/18090"}],"wp:featuredmedia":[{"embeddable":true,"href":"https:\/\/revistaempresarios.net\/web\/wp-json\/wp\/v2\/media\/18089"}],"wp:attachment":[{"href":"https:\/\/revistaempresarios.net\/web\/wp-json\/wp\/v2\/media?parent=18088"}],"wp:term":[{"taxonomy":"category","embeddable":true,"href":"https:\/\/revistaempresarios.net\/web\/wp-json\/wp\/v2\/categories?post=18088"},{"taxonomy":"post_tag","embeddable":true,"href":"https:\/\/revistaempresarios.net\/web\/wp-json\/wp\/v2\/tags?post=18088"}],"curies":[{"name":"wp","href":"https:\/\/api.w.org\/{rel}","templated":true}]}}