{"id":18085,"date":"2025-05-13T20:33:08","date_gmt":"2025-05-13T23:33:08","guid":{"rendered":"https:\/\/revistaempresarios.net\/web\/?p=18085"},"modified":"2025-05-13T20:33:08","modified_gmt":"2025-05-13T23:33:08","slug":"festival-apas-show-2025-inicia-sua-39a-edicao-com-expectativa-de-movimentar-mais-de-r-16-bilhoes-em-negocios-no-setor-supermercadista","status":"publish","type":"post","link":"https:\/\/revistaempresarios.net\/web\/2025\/05\/13\/festival-apas-show-2025-inicia-sua-39a-edicao-com-expectativa-de-movimentar-mais-de-r-16-bilhoes-em-negocios-no-setor-supermercadista\/","title":{"rendered":"Festival APAS SHOW 2025 inicia sua 39\u00aa edi\u00e7\u00e3o com expectativa de movimentar mais de R$ 16 bilh\u00f5es em neg\u00f3cios no setor supermercadista"},"content":{"rendered":"<p><em>Com presen\u00e7a de l\u00edderes do poder p\u00fablico e empresarial, evento projeta movimentar R$ 16,5 bilh\u00f5es e marca novo cap\u00edtulo para o setor com foco em inova\u00e7\u00e3o, mobilidade e seguran\u00e7a<\/em><\/p>\n<p>Teve in\u00edcio hoje, no Expo Center Norte, em S\u00e3o Paulo, a 39\u00aa edi\u00e7\u00e3o do Festival APAS SHOW, o maior evento de alimentos e bebidas das Am\u00e9ricas e a maior feira supermercadista do mundo. A cerim\u00f4nia de abertura contou com a presen\u00e7a de autoridades dos tr\u00eas n\u00edveis de governo, incluindo o vice-presidente da Rep\u00fablica e ministro do Desenvolvimento, Ind\u00fastria, Com\u00e9rcio e Servi\u00e7os, Geraldo Alckmin, o prefeito de S\u00e3o Paulo, Ricardo Nunes, e o vice-governador de S\u00e3o Paulo, Felicio Ramuth, al\u00e9m de lideran\u00e7as empresariais nacionais e internacionais.<\/p>\n<p>Com uma expectativa de movimentar at\u00e9 R$ 16,5 bilh\u00f5es em neg\u00f3cios, um aumento de 7,8% em rela\u00e7\u00e3o \u00e0 edi\u00e7\u00e3o anterior, o festival se consolida como uma das principais vitrines de inova\u00e7\u00e3o e gera\u00e7\u00e3o de neg\u00f3cios do setor varejista mundial. A edi\u00e7\u00e3o de 2025 re\u00fane mais de 900 expositores, sendo 250 internacionais de 22 pa\u00edses, e deve atrair cerca de 150 mil visitantes, refor\u00e7ando o posicionamento do evento como ponto de encontro estrat\u00e9gico para empresas de toda a cadeia produtiva.<\/p>\n<p>\u201cEstamos falando de um evento que transcende o universo supermercadista e impacta diretamente o setor de eventos, a ind\u00fastria e o com\u00e9rcio da cidade de S\u00e3o Paulo. Ao todo, o festival impacta mais de 20 segmentos e emprega milhares de pessoas \u2013 desde a montagem at\u00e9 a desmontagem da opera\u00e7\u00e3o. N\u00e3o \u00e0 toa, a APAS SHOW \u00e9 um ativo estrat\u00e9gico para a economia nacional, e estamos trabalhando para que essa relev\u00e2ncia venha acompanhada de uma experi\u00eancia log\u00edstica eficiente e segura\u201d, destacou Carlos Correa, diretor geral da APAS.<\/p>\n<p>Durante os quatro dias do circuito de neg\u00f3cios, o p\u00fablico poder\u00e1 acompanhar lan\u00e7amentos de produtos, solu\u00e7\u00f5es em tecnologia e inova\u00e7\u00e3o para o varejo, al\u00e9m de participar do Congresso de Gest\u00e3o, que nesta edi\u00e7\u00e3o traz o tema \u201cUpdate-se: Um novo l\u00edder para um novo varejo\u201d. Ao todo, mais de 130 palestrantes participar\u00e3o de pain\u00e9is simult\u00e2neos no evento. Entre eles, Luciano Huck, Ram Charam e Oleg\u00e1rio Ara\u00fajo.<\/p>\n<p><strong>Solenidade de Abertura<\/strong><\/p>\n<p>A solenidade de abertura foi conduzida por Carlos Correa, diretor geral da APAS, que ressaltou a relev\u00e2ncia do evento como propulsor de neg\u00f3cios e uma grande vitrine para apresentar as principais tend\u00eancias em inova\u00e7\u00e3o para o varejo no Brasil e no mundo. J\u00e1 Erlon Ortega, presidente da Associa\u00e7\u00e3o Paulista de Supermercados (APAS), destacou os avan\u00e7os regulat\u00f3rios promovidos pela Prefeitura de S\u00e3o Paulo e refor\u00e7ou o apelo do setor pela isen\u00e7\u00e3o do ICMS sobre a carne, tema recorrente nas pautas do varejo. \u201cTemos aqui 50% do PIB do Estado e queremos participar de todas as decis\u00f5es que norteiam S\u00e3o Paulo e o Brasil\u201d, afirmou.<\/p>\n<p>Por outro lado, Jo\u00e3o Galassi, presidente da Associa\u00e7\u00e3o Brasileira de Supermercados (ABRAS), agradeceu o governo federal pelo apoio na regulamenta\u00e7\u00e3o da cesta b\u00e1sica, mas cobrou mais espa\u00e7o para que o setor tenha voz ativa nas decis\u00f5es que afetam diretamente sua capacidade de gerar empregos e crescer.<\/p>\n<p>Entre os nomes presentes na cerim\u00f4nia estavam a deputada estadual Carla Morando, a deputada federal Renata Abreu, o senador Vanderlan Cardoso, o vereador Jo\u00e3o Jorge, o prefeito Ricardo Nunes, o ministro do Empreendedorismo M\u00e1rcio Fran\u00e7a, o governador em exerc\u00edcio Fel\u00edcio Ramuth, al\u00e9m do Presidente da Rep\u00fablica em exerc\u00edcio, Geraldo Alckmin, acompanhado de sua esposa, Lu Alckmin.<\/p>\n<p>Em seu discurso, Alckmin abordou diversos pontos de interesse do setor, como a regulamenta\u00e7\u00e3o das apostas online, o uso estrat\u00e9gico do empr\u00e9stimo consignado, os ajustes no PAT (Programa de Alimenta\u00e7\u00e3o do Trabalhador), e as mudan\u00e7as previstas com a Reforma Tribut\u00e1ria, como a implementa\u00e7\u00e3o do IVA. Ele tamb\u00e9m prometeu um novo encontro com os presidentes da APAS e da ABRAS para aprofundar discuss\u00f5es sobre empregabilidade e est\u00edmulo \u00e0 competitividade. \u201cEstamos falando de um setor que cresceu o dobro do PIB, com 6,5%, campe\u00e3o em termos de efici\u00eancia e renda, e precisamos somar esfor\u00e7os para que cres\u00e7a ainda mais\u201d, declarou.<\/p>\n<p>Mais do que uma feira de neg\u00f3cios, a APAS SHOW 2025 se firma como um ecossistema completo de oportunidades, conectando empresas, promovendo conhecimento e impulsionando a economia da cidade e do pa\u00eds.<\/p>\n<p><strong>A\u00e7\u00f5es de Mobilidade<\/strong><\/p>\n<p>Para essa edi\u00e7\u00e3o, a organiza\u00e7\u00e3o anunciou um conjunto de a\u00e7\u00f5es in\u00e9ditas voltadas \u00e0 mobilidade urbana e seguran\u00e7a, em parceria com o Metr\u00f4 de S\u00e3o Paulo, a Pol\u00edcia Militar, a Guarda Civil Metropolitana e o Cart\u00e3o TOP. Pela primeira vez, uma feira de neg\u00f3cios oferece um benef\u00edcio exclusivo de transporte gratuito com cart\u00f5es distribu\u00eddos a 2.500 participantes, al\u00e9m de translado gratuito entre o Expo Center Norte e a esta\u00e7\u00e3o Portuguesa-Tiet\u00ea. Tamb\u00e9m foram feitas reformas nas cal\u00e7adas e implantado um circuito especial de seguran\u00e7a para facilitar e proteger o deslocamento dos visitantes.<\/p>\n<p>Outra novidade importante \u00e9 a reorganiza\u00e7\u00e3o dos acessos ao pavilh\u00e3o, que passam a ser feitos exclusivamente pela entrada principal na Rua Jos\u00e9 Bernardo Pinto, otimizando o fluxo de pessoas e fortalecendo os protocolos de seguran\u00e7a.<\/p>\n<p><strong>SERVI\u00c7O APAS SHOW 2025\u202f\u202f<\/strong><\/p>\n<p>Quando: de 12 a 15 de maio de 2025<\/p>\n<p>Hor\u00e1rios: 12h \u00e0s 20h\u202f| 15 de maio: das 12h \u00e0s 18h<\/p>\n<p>Local: Expo Center Norte<\/p>\n<p>Endere\u00e7o:\u00a0<a href=\"https:\/\/www.google.com\/maps\/search\/Rua+Jos%C3%A9+Bernardo+Pinto,+333+%E2%80%93+Vila+Guilherme.+S%C3%A3o+Paulo,+SP?entry=gmail&amp;source=g\">Rua Jos\u00e9 Bernardo Pinto, 333 \u2013 Vila Guilherme. S\u00e3o Paulo, SP<\/a><\/p>\n<p><em>*Transfer gratuito saindo da esta\u00e7\u00e3o Portuguesa-Tiet\u00ea:\u00a0<\/em>TRANSPORTE CIRCULAR \u2013 Sa\u00eddas a cada 30 min \u2013 06h \u00e0s 21h.<\/p>\n<p><strong>Sobre a APAS\u202f<\/strong><\/p>\n<p><em>Com 50 anos de tradi\u00e7\u00e3o, a Associa\u00e7\u00e3o Paulista de Supermercados representa o essencial setor supermercadista no estado de S\u00e3o Paulo e busca integrar toda a cadeia de abastecimento com a sociedade. A entidade, que possui 3 distritais na cidade de S\u00e3o Paulo e 13 regionais distribu\u00eddas estrategicamente pelo estado, conta hoje com 1.700 supermercados associados que somam mais de 6 mil lojas.<\/em><\/p>\n<div class=\"td-a-rec td-a-rec-id-content_bottom  td_uid_14_6823d5e476603_rand td_block_template_4\"><\/div>\n","protected":false},"excerpt":{"rendered":"<p>Com presen\u00e7a de l\u00edderes do poder p\u00fablico e empresarial, evento projeta movimentar R$ 16,5 bilh\u00f5es e marca novo cap\u00edtulo para o setor com foco em inova\u00e7\u00e3o, mobilidade e seguran\u00e7a Teve in\u00edcio hoje, no Expo Center Norte, em S\u00e3o Paulo, a 39\u00aa edi\u00e7\u00e3o do Festival APAS SHOW, o maior evento de alimentos e bebidas das Am\u00e9ricas [&hellip;]<\/p>\n","protected":false},"author":2,"featured_media":18086,"comment_status":"open","ping_status":"open","sticky":false,"template":"","format":"standard","meta":{"_jetpack_memberships_contains_paid_content":false,"footnotes":""},"categories":[51,54,56,58,60],"tags":[10684],"featured_image_src":{"landsacpe":["https:\/\/revistaempresarios.net\/web\/wp-content\/uploads\/2025\/05\/APAS-800x445.jpg",800,445,true],"list":["https:\/\/revistaempresarios.net\/web\/wp-content\/uploads\/2025\/05\/APAS-463x348.jpg",463,348,true],"medium":["https:\/\/revistaempresarios.net\/web\/wp-content\/uploads\/2025\/05\/APAS-300x199.jpg",300,199,true],"full":["https:\/\/revistaempresarios.net\/web\/wp-content\/uploads\/2025\/05\/APAS.jpg",800,531,false]},"jetpack_sharing_enabled":true,"jetpack_featured_media_url":"https:\/\/revistaempresarios.net\/web\/wp-content\/uploads\/2025\/05\/APAS.jpg","jetpack-related-posts":[],"_links":{"self":[{"href":"https:\/\/revistaempresarios.net\/web\/wp-json\/wp\/v2\/posts\/18085"}],"collection":[{"href":"https:\/\/revistaempresarios.net\/web\/wp-json\/wp\/v2\/posts"}],"about":[{"href":"https:\/\/revistaempresarios.net\/web\/wp-json\/wp\/v2\/types\/post"}],"author":[{"embeddable":true,"href":"https:\/\/revistaempresarios.net\/web\/wp-json\/wp\/v2\/users\/2"}],"replies":[{"embeddable":true,"href":"https:\/\/revistaempresarios.net\/web\/wp-json\/wp\/v2\/comments?post=18085"}],"version-history":[{"count":1,"href":"https:\/\/revistaempresarios.net\/web\/wp-json\/wp\/v2\/posts\/18085\/revisions"}],"predecessor-version":[{"id":18087,"href":"https:\/\/revistaempresarios.net\/web\/wp-json\/wp\/v2\/posts\/18085\/revisions\/18087"}],"wp:featuredmedia":[{"embeddable":true,"href":"https:\/\/revistaempresarios.net\/web\/wp-json\/wp\/v2\/media\/18086"}],"wp:attachment":[{"href":"https:\/\/revistaempresarios.net\/web\/wp-json\/wp\/v2\/media?parent=18085"}],"wp:term":[{"taxonomy":"category","embeddable":true,"href":"https:\/\/revistaempresarios.net\/web\/wp-json\/wp\/v2\/categories?post=18085"},{"taxonomy":"post_tag","embeddable":true,"href":"https:\/\/revistaempresarios.net\/web\/wp-json\/wp\/v2\/tags?post=18085"}],"curies":[{"name":"wp","href":"https:\/\/api.w.org\/{rel}","templated":true}]}}