{"id":18066,"date":"2025-05-13T16:23:58","date_gmt":"2025-05-13T19:23:58","guid":{"rendered":"https:\/\/revistaempresarios.net\/web\/?p=18066"},"modified":"2025-05-13T16:23:58","modified_gmt":"2025-05-13T19:23:58","slug":"wem-lanca-novo-album-posto-logo-existo-nas-plataformas-digitais","status":"publish","type":"post","link":"https:\/\/revistaempresarios.net\/web\/2025\/05\/13\/wem-lanca-novo-album-posto-logo-existo-nas-plataformas-digitais\/","title":{"rendered":"Wem lan\u00e7a novo \u00e1lbum &#8220;Posto, Logo Existo&#8221; nas plataformas digitais"},"content":{"rendered":"<p><strong><em>Trabalho traz reflex\u00f5es sobre os excessos modernos, com sonoridade plural e pot\u00eancia autoral<\/em><\/strong><\/p>\n<p>O cantor, compositor e multi-instrumentista Wem disponibiliza, no dia 16 de maio, seu mais novo \u00e1lbum, &#8220;Posto, Logo Existo&#8221;, em todas as plataformas digitais. Reconhecido por sua trajet\u00f3ria s\u00f3lida na m\u00fasica brasileira \u2013 que inclui indica\u00e7\u00f5es ao Pr\u00eamio da M\u00fasica Brasileira e parcerias com artistas como Marcelo Jeneci, Ti\u00ea e Roberta Campos \u2013 Wem chega ao quarto disco de in\u00e9ditas com um trabalho sens\u00edvel, profundo e necess\u00e1rio para os tempos atuais.<\/p>\n<p>No \u00e1lbum, Wem mergulha no cen\u00e1rio contempor\u00e2neo e nas contradi\u00e7\u00f5es de uma sociedade movida pelo excesso. As faixas transitam entre o existencialismo e as pequenas inquieta\u00e7\u00f5es do cotidiano, abordando quest\u00f5es como a falta de tempo, o excesso de telas e a mercantiliza\u00e7\u00e3o da felicidade. Com arranjos que v\u00e3o do minimalismo \u00e0 riqueza sonora, &#8220;Posto, Logo Existo&#8221; \u00e9 uma imers\u00e3o autoral cheia de nuances. \u201cO que \u00e9 essencial e atemporal? O que provoca o movimento? Essas perguntas permeiam todo o processo criativo desse novo trabalho\u201d, comenta Wem.<\/p>\n<p>Para o artista, o desafio de existir num tempo de compara\u00e7\u00f5es, filtros e demandas infindas \u00e9 uma das marcas de sua gera\u00e7\u00e3o. \u201cA gente vive a era da repeti\u00e7\u00e3o, sem cria\u00e7\u00e3o. Procurar uma receita pra ser alguma coisa j\u00e1 \u00e9 uma cilada. O mais bonito \u00e9 buscar o espont\u00e2neo, o aut\u00eantico, um jeito pr\u00f3prio de criar espa\u00e7os em meio ao excesso e \u00e0 falta de tempo\u201d, reflete.<\/p>\n<p>A concep\u00e7\u00e3o do \u00e1lbum nasce do entendimento de que n\u00e3o existe manual para viver \u2013 e a arte \u00e9 um farol nesse caminho. Inspirado tanto pelas viv\u00eancias adultas em trabalho solo, quanto pela experi\u00eancia com o p\u00fablico infantil no Tiquequ\u00ea, Wem costura letras que transbordam sensibilidade e verdade, aproximando o ouvinte do que \u00e9 essencial e humano.<\/p>\n<p>Entre as faixas, ganham destaque composi\u00e7\u00f5es como \u201cA felicidade veio pro jantar\u201d, que trata com ironia a ideia da felicidade permanente enaltecida nas redes sociais. J\u00e1 em \u201cTudo atr\u00e1s da tela\u201d, Wem lan\u00e7a um olhar cr\u00edtico ao impacto do digital e \u00e0 solid\u00e3o em meio ao excesso de conex\u00f5es virtuais, estabelecendo pontes honestas entre passado e presente.<\/p>\n<p>O show &#8220;Posto, Logo Existo&#8221;, que acompanha o lan\u00e7amento, prop\u00f5e um mergulho art\u00edstico nos mesmos temas, promovendo di\u00e1logos para todas as idades. O repert\u00f3rio do espet\u00e1culo une m\u00fasicas do novo \u00e1lbum e releituras de cl\u00e1ssicos de Gilberto Gil, Rita Lee e Ney Matogrosso, valorizando o legado da m\u00fasica brasileira e ampliando a reflex\u00e3o sobre o tempo em que vivemos.<\/p>\n<p>Para Wem, a presen\u00e7a da arte \u00e9 fundamental diante do caos cotidiano. \u201cA arte cria caminhos improv\u00e1veis, quebra padr\u00f5es, e nesse movimento ela cria possibilidades pra gente sair desse caos\u201d, afirma.<\/p>\n<p>E sobre o papel desse novo trabalho, o artista completa: \u201cEspero que o \u00e1lbum seja uma companhia para quem est\u00e1 tentando existir com verdade em meio aos excessos. Que cada um encontre um pouco de si nessas m\u00fasicas, e esse di\u00e1logo ajude na constru\u00e7\u00e3o da sua singularidade e na diversidade.\u201d<\/p>\n<p>Servi\u00e7o<\/p>\n<p><strong>&#8220;Posto, Logo Existo&#8221;<\/strong><\/p>\n<p>Dispon\u00edvel <strong>a partir de 16 de maio<\/strong> nas principais plataformas de streaming: Spotify, Deezer, Apple Music, YouTube Music, Amazon Music, entre outras.<\/p>\n<p><strong>Tema:<\/strong> Reflex\u00f5es sobre excesso, tempo, felicidade e conviv\u00eancia na sociedade contempor\u00e2nea.<\/p>\n<p><strong><em>Sobre o Wem<\/em><\/strong><\/p>\n<p><em>Wem \u00e9 cantor, compositor, multi-instrumentista, produtor musical e pai. Formado em Composi\u00e7\u00e3o, lan\u00e7ou tr\u00eas \u00e1lbuns, um DVD e agora apresenta seu quarto disco autoral, sempre transitando com naturalidade entre universos adulto e infantil. Suas can\u00e7\u00f5es j\u00e1 foram gravadas por nomes como Marcelo Jeneci, Barbatuques, Roberta Campos e Ti\u00ea, e seu trabalho solo rendeu indica\u00e7\u00f5es importantes, como o Pr\u00eamio da M\u00fasica Brasileira e o Pr\u00eamio da Nova Brasil FM na categoria artista revela\u00e7\u00e3o.<\/em><\/p>\n<p><em>\u00a0<\/em><em>\u00c9 tamb\u00e9m integrante da renomada dupla de m\u00fasica infantil Tiquequ\u00ea, refer\u00eancia em can\u00e7\u00f5es para crian\u00e7as e fam\u00edlias, al\u00e9m de ter feito parte da banda Palavra Cantada entre 2009 e 2017. Wem assina trilhas para s\u00e9ries de TV, pe\u00e7as de teatro e mant\u00e9m carreira paralela como compositor para os palcos e as telas.<\/em><\/p>\n<p><em>\u00a0<\/em><em>Como pai, traz para sua m\u00fasica uma vis\u00e3o cuidadosa sobre as diferentes fases da vida e busca criar pontes de di\u00e1logo entre gera\u00e7\u00f5es. Seja em seu trabalho solo ou colaborativo, Wem segue como um artista inquieto, inspirado pela singularidade e pela riqueza de experi\u00eancias cotidianas, com os p\u00e9s fincados na busca pela autenticidade.<\/em><\/p>\n<p><em>\u00a0<\/em><\/p>\n","protected":false},"excerpt":{"rendered":"<p>Trabalho traz reflex\u00f5es sobre os excessos modernos, com sonoridade plural e pot\u00eancia autoral O cantor, compositor e multi-instrumentista Wem disponibiliza, no dia 16 de maio, seu mais novo \u00e1lbum, &#8220;Posto, Logo Existo&#8221;, em todas as plataformas digitais. Reconhecido por sua trajet\u00f3ria s\u00f3lida na m\u00fasica brasileira \u2013 que inclui indica\u00e7\u00f5es ao Pr\u00eamio da M\u00fasica Brasileira e [&hellip;]<\/p>\n","protected":false},"author":2,"featured_media":18067,"comment_status":"open","ping_status":"open","sticky":false,"template":"","format":"standard","meta":{"_jetpack_memberships_contains_paid_content":false,"footnotes":""},"categories":[56,60],"tags":[10678,10677],"featured_image_src":{"landsacpe":["https:\/\/revistaempresarios.net\/web\/wp-content\/uploads\/2025\/05\/e00528fe-f5f0-44c6-bf47-1002a45ffc98-1066x445.jpeg",1066,445,true],"list":["https:\/\/revistaempresarios.net\/web\/wp-content\/uploads\/2025\/05\/e00528fe-f5f0-44c6-bf47-1002a45ffc98-463x348.jpeg",463,348,true],"medium":["https:\/\/revistaempresarios.net\/web\/wp-content\/uploads\/2025\/05\/e00528fe-f5f0-44c6-bf47-1002a45ffc98-200x300.jpeg",200,300,true],"full":["https:\/\/revistaempresarios.net\/web\/wp-content\/uploads\/2025\/05\/e00528fe-f5f0-44c6-bf47-1002a45ffc98.jpeg",1066,1600,false]},"jetpack_sharing_enabled":true,"jetpack_featured_media_url":"https:\/\/revistaempresarios.net\/web\/wp-content\/uploads\/2025\/05\/e00528fe-f5f0-44c6-bf47-1002a45ffc98.jpeg","jetpack-related-posts":[],"_links":{"self":[{"href":"https:\/\/revistaempresarios.net\/web\/wp-json\/wp\/v2\/posts\/18066"}],"collection":[{"href":"https:\/\/revistaempresarios.net\/web\/wp-json\/wp\/v2\/posts"}],"about":[{"href":"https:\/\/revistaempresarios.net\/web\/wp-json\/wp\/v2\/types\/post"}],"author":[{"embeddable":true,"href":"https:\/\/revistaempresarios.net\/web\/wp-json\/wp\/v2\/users\/2"}],"replies":[{"embeddable":true,"href":"https:\/\/revistaempresarios.net\/web\/wp-json\/wp\/v2\/comments?post=18066"}],"version-history":[{"count":1,"href":"https:\/\/revistaempresarios.net\/web\/wp-json\/wp\/v2\/posts\/18066\/revisions"}],"predecessor-version":[{"id":18068,"href":"https:\/\/revistaempresarios.net\/web\/wp-json\/wp\/v2\/posts\/18066\/revisions\/18068"}],"wp:featuredmedia":[{"embeddable":true,"href":"https:\/\/revistaempresarios.net\/web\/wp-json\/wp\/v2\/media\/18067"}],"wp:attachment":[{"href":"https:\/\/revistaempresarios.net\/web\/wp-json\/wp\/v2\/media?parent=18066"}],"wp:term":[{"taxonomy":"category","embeddable":true,"href":"https:\/\/revistaempresarios.net\/web\/wp-json\/wp\/v2\/categories?post=18066"},{"taxonomy":"post_tag","embeddable":true,"href":"https:\/\/revistaempresarios.net\/web\/wp-json\/wp\/v2\/tags?post=18066"}],"curies":[{"name":"wp","href":"https:\/\/api.w.org\/{rel}","templated":true}]}}