{"id":18054,"date":"2025-05-12T20:03:25","date_gmt":"2025-05-12T23:03:25","guid":{"rendered":"https:\/\/revistaempresarios.net\/web\/?p=18054"},"modified":"2025-05-12T20:03:25","modified_gmt":"2025-05-12T23:03:25","slug":"bom-dia-manaus-destaca-excelencia-produtiva-e-importancia-do-mercado-de-cftv","status":"publish","type":"post","link":"https:\/\/revistaempresarios.net\/web\/2025\/05\/12\/bom-dia-manaus-destaca-excelencia-produtiva-e-importancia-do-mercado-de-cftv\/","title":{"rendered":"Bom Dia Manaus destaca excel\u00eancia produtiva e import\u00e2ncia do mercado de CFTV"},"content":{"rendered":"<header class=\"flex flex-col items-center text-center space-y-4 xl:max-w-4xl max-w-3xl mx-auto lg:my-20 my-14 mobile-max:my-8\" data-v-eb62f322=\"\">\n<div data-v-eb62f322=\"\">\n<h4 class=\"text-lg mobile-max:text-base2 text-body\">Tradicional reuni\u00e3o da PPA aconteceu na unidade fabril da capital do Amazonas<\/h4>\n<p>Na manh\u00e3 do dia 09 de maio, foi realizada mais uma edi\u00e7\u00e3o da tradicional reuni\u00e3o Bom Dia, desta vez em Manaus, uma das unidades fabris da PPA.<\/p>\n<p>Foi um momento de alinhamento e inspira\u00e7\u00e3o entre as equipes, com execu\u00e7\u00e3o do Hino Nacional Brasileiro e abertura por conta de Mariane Peres, diretora de RH, que refor\u00e7ou o esp\u00edrito de uni\u00e3o e valoriza\u00e7\u00e3o nacional.<\/p>\n<p>Na sequ\u00eancia, o CEO Samuel Peres destacou a limpeza, organiza\u00e7\u00e3o e o alto padr\u00e3o da f\u00e1brica, ressaltando como essa estrutura impactou positivamente os distribuidores que visitaram a unidade. Segundo ele, foi essencial que eles pudessem acompanhar de perto os processos produtivos dos itens fabricados em Manaus \u2014 especialmente os produtos do setor de CFTV, como c\u00e2meras e gravadores. O destaque ficou por conta da montagem nacional desses equipamentos, evidenciando o compromisso com a qualidade e com a produ\u00e7\u00e3o local.<\/p>\n<p>O presidente Fl\u00e1vio Peres tamb\u00e9m trouxe uma reflex\u00e3o importante sobre o mercado de CFTV, lembrando que Manaus, reconhecida como o ber\u00e7o da eletr\u00f4nica no Brasil, \u00e9 hoje refer\u00eancia na fabrica\u00e7\u00e3o de c\u00e2meras, desde os componentes eletr\u00f4nicos at\u00e9 a montagem final \u2014 um verdadeiro orgulho para a ind\u00fastria nacional. \u201cA PPA se posiciona hoje como refer\u00eancia tamb\u00e9m na fabrica\u00e7\u00e3o de c\u00e2meras e tudo isso acontece aqui\u201d\u201d frisou.<\/p>\n<p><img decoding=\"async\" src=\"https:\/\/media.ppa.com.br\/images\/9_1747051919674.webp\" \/><\/p>\n<p>Para encerrar o encontro, Mariane conduziu uma ora\u00e7\u00e3o, renovando a f\u00e9 e o prop\u00f3sito coletivo para mais um dia de trabalho.<\/p>\n<\/div>\n<\/header>\n","protected":false},"excerpt":{"rendered":"<p>Tradicional reuni\u00e3o da PPA aconteceu na unidade fabril da capital do Amazonas Na manh\u00e3 do dia 09 de maio, foi realizada mais uma edi\u00e7\u00e3o da tradicional reuni\u00e3o Bom Dia, desta vez em Manaus, uma das unidades fabris da PPA. Foi um momento de alinhamento e inspira\u00e7\u00e3o entre as equipes, com execu\u00e7\u00e3o do Hino Nacional Brasileiro [&hellip;]<\/p>\n","protected":false},"author":2,"featured_media":18055,"comment_status":"open","ping_status":"open","sticky":false,"template":"","format":"standard","meta":{"_jetpack_memberships_contains_paid_content":false,"footnotes":""},"categories":[1],"tags":[],"featured_image_src":{"landsacpe":["https:\/\/revistaempresarios.net\/web\/wp-content\/uploads\/2025\/05\/PPA-MANAUS_1747051926754-747x445.webp",747,445,true],"list":["https:\/\/revistaempresarios.net\/web\/wp-content\/uploads\/2025\/05\/PPA-MANAUS_1747051926754-463x348.webp",463,348,true],"medium":["https:\/\/revistaempresarios.net\/web\/wp-content\/uploads\/2025\/05\/PPA-MANAUS_1747051926754-140x300.webp",140,300,true],"full":["https:\/\/revistaempresarios.net\/web\/wp-content\/uploads\/2025\/05\/PPA-MANAUS_1747051926754.webp",747,1600,false]},"jetpack_sharing_enabled":true,"jetpack_featured_media_url":"https:\/\/revistaempresarios.net\/web\/wp-content\/uploads\/2025\/05\/PPA-MANAUS_1747051926754.webp","jetpack-related-posts":[],"_links":{"self":[{"href":"https:\/\/revistaempresarios.net\/web\/wp-json\/wp\/v2\/posts\/18054"}],"collection":[{"href":"https:\/\/revistaempresarios.net\/web\/wp-json\/wp\/v2\/posts"}],"about":[{"href":"https:\/\/revistaempresarios.net\/web\/wp-json\/wp\/v2\/types\/post"}],"author":[{"embeddable":true,"href":"https:\/\/revistaempresarios.net\/web\/wp-json\/wp\/v2\/users\/2"}],"replies":[{"embeddable":true,"href":"https:\/\/revistaempresarios.net\/web\/wp-json\/wp\/v2\/comments?post=18054"}],"version-history":[{"count":1,"href":"https:\/\/revistaempresarios.net\/web\/wp-json\/wp\/v2\/posts\/18054\/revisions"}],"predecessor-version":[{"id":18056,"href":"https:\/\/revistaempresarios.net\/web\/wp-json\/wp\/v2\/posts\/18054\/revisions\/18056"}],"wp:featuredmedia":[{"embeddable":true,"href":"https:\/\/revistaempresarios.net\/web\/wp-json\/wp\/v2\/media\/18055"}],"wp:attachment":[{"href":"https:\/\/revistaempresarios.net\/web\/wp-json\/wp\/v2\/media?parent=18054"}],"wp:term":[{"taxonomy":"category","embeddable":true,"href":"https:\/\/revistaempresarios.net\/web\/wp-json\/wp\/v2\/categories?post=18054"},{"taxonomy":"post_tag","embeddable":true,"href":"https:\/\/revistaempresarios.net\/web\/wp-json\/wp\/v2\/tags?post=18054"}],"curies":[{"name":"wp","href":"https:\/\/api.w.org\/{rel}","templated":true}]}}