{"id":17945,"date":"2025-04-29T15:32:02","date_gmt":"2025-04-29T18:32:02","guid":{"rendered":"https:\/\/revistaempresarios.net\/web\/?p=17945"},"modified":"2025-04-29T15:37:29","modified_gmt":"2025-04-29T18:37:29","slug":"mulheres-que-faturam-milhoes-lisandra-branco-fundadora-e-ceo-da-s8-capital-sera-palestrante-do-conexao-ebem","status":"publish","type":"post","link":"https:\/\/revistaempresarios.net\/web\/2025\/04\/29\/mulheres-que-faturam-milhoes-lisandra-branco-fundadora-e-ceo-da-s8-capital-sera-palestrante-do-conexao-ebem\/","title":{"rendered":"Mulheres que Faturam Milh\u00f5es: Lisandra Branco, fundadora e CEO da S8 Capital, ser\u00e1 palestrante do Conex\u00e3o EBEM."},"content":{"rendered":"<p>Entre os dias 29 e 30 de abril, a cidade de S\u00e3o Paulo sediar\u00e1 o Conex\u00e3o EBEM \u2014 evento destinado a conectar mulheres empres\u00e1rias e promover o desenvolvimento de neg\u00f3cios, organizado pela Escola Brasileira de Empreendedorismo Feminino (EBEM). A 4\u00aa edi\u00e7\u00e3o da confer\u00eancia reunir\u00e1 mais de 2.000 participantes para debater temas relacionados \u00e0 gest\u00e3o e ao empreendedorismo, al\u00e9m de proporcionar networking e aprendizados pr\u00e1ticos.<\/p>\n<p>Lisandra Branco, fundadora e CEO da S8 Capital \u2014 ecossistema de solu\u00e7\u00f5es financeiras de alto impacto \u2014, integra a agenda do dia 30 com o painel \u201c Mulheres que Faturam Milh\u00f5es\u201d, ao lado de Bruna Tavares, fundadora da marca de maquiagem que leva seu nome, e Helen Moraes, CEO da Habita Reurb.<\/p>\n<p>As executivas compartilhar\u00e3o suas experi\u00eancias e contar\u00e3o como superaram os desafios que as levaram ao sucesso. Interessados em participar do painel podem adquirir os ingressos atrav\u00e9s do site: www.conexaoebem.com<\/p>\n<p>Servi\u00e7o :<br \/>\nData e hor\u00e1rio: 30 de abril, \u00e0s 16h<br \/>\nLocal: Tokio Marine Hall \u2014 R. Bragan\u00e7a Paulista, 1281<\/p>\n","protected":false},"excerpt":{"rendered":"<p>Entre os dias 29 e 30 de abril, a cidade de S\u00e3o Paulo sediar\u00e1 o Conex\u00e3o EBEM \u2014 evento destinado a conectar mulheres empres\u00e1rias e promover o desenvolvimento de neg\u00f3cios, organizado pela Escola Brasileira de Empreendedorismo Feminino (EBEM). A 4\u00aa edi\u00e7\u00e3o da confer\u00eancia reunir\u00e1 mais de 2.000 participantes para debater temas relacionados \u00e0 gest\u00e3o e [&hellip;]<\/p>\n","protected":false},"author":2,"featured_media":17951,"comment_status":"open","ping_status":"open","sticky":false,"template":"","format":"standard","meta":{"_jetpack_memberships_contains_paid_content":false,"footnotes":""},"categories":[51,56,57,58,60],"tags":[10625,10624,10626],"featured_image_src":{"landsacpe":["https:\/\/revistaempresarios.net\/web\/wp-content\/uploads\/2025\/04\/d41f6b5e-b434-4fe3-ad6c-109cc8a91d1c-800x445.jpeg",800,445,true],"list":["https:\/\/revistaempresarios.net\/web\/wp-content\/uploads\/2025\/04\/d41f6b5e-b434-4fe3-ad6c-109cc8a91d1c-463x348.jpeg",463,348,true],"medium":["https:\/\/revistaempresarios.net\/web\/wp-content\/uploads\/2025\/04\/d41f6b5e-b434-4fe3-ad6c-109cc8a91d1c-300x261.jpeg",300,261,true],"full":["https:\/\/revistaempresarios.net\/web\/wp-content\/uploads\/2025\/04\/d41f6b5e-b434-4fe3-ad6c-109cc8a91d1c.jpeg",800,697,false]},"jetpack_sharing_enabled":true,"jetpack_featured_media_url":"https:\/\/revistaempresarios.net\/web\/wp-content\/uploads\/2025\/04\/d41f6b5e-b434-4fe3-ad6c-109cc8a91d1c.jpeg","jetpack-related-posts":[],"_links":{"self":[{"href":"https:\/\/revistaempresarios.net\/web\/wp-json\/wp\/v2\/posts\/17945"}],"collection":[{"href":"https:\/\/revistaempresarios.net\/web\/wp-json\/wp\/v2\/posts"}],"about":[{"href":"https:\/\/revistaempresarios.net\/web\/wp-json\/wp\/v2\/types\/post"}],"author":[{"embeddable":true,"href":"https:\/\/revistaempresarios.net\/web\/wp-json\/wp\/v2\/users\/2"}],"replies":[{"embeddable":true,"href":"https:\/\/revistaempresarios.net\/web\/wp-json\/wp\/v2\/comments?post=17945"}],"version-history":[{"count":1,"href":"https:\/\/revistaempresarios.net\/web\/wp-json\/wp\/v2\/posts\/17945\/revisions"}],"predecessor-version":[{"id":17947,"href":"https:\/\/revistaempresarios.net\/web\/wp-json\/wp\/v2\/posts\/17945\/revisions\/17947"}],"wp:featuredmedia":[{"embeddable":true,"href":"https:\/\/revistaempresarios.net\/web\/wp-json\/wp\/v2\/media\/17951"}],"wp:attachment":[{"href":"https:\/\/revistaempresarios.net\/web\/wp-json\/wp\/v2\/media?parent=17945"}],"wp:term":[{"taxonomy":"category","embeddable":true,"href":"https:\/\/revistaempresarios.net\/web\/wp-json\/wp\/v2\/categories?post=17945"},{"taxonomy":"post_tag","embeddable":true,"href":"https:\/\/revistaempresarios.net\/web\/wp-json\/wp\/v2\/tags?post=17945"}],"curies":[{"name":"wp","href":"https:\/\/api.w.org\/{rel}","templated":true}]}}