{"id":17904,"date":"2025-04-28T15:57:51","date_gmt":"2025-04-28T18:57:51","guid":{"rendered":"https:\/\/revistaempresarios.net\/web\/?p=17904"},"modified":"2025-04-28T15:57:51","modified_gmt":"2025-04-28T18:57:51","slug":"trabalho-autonomo-e-realidade-de-muitas-pessoas","status":"publish","type":"post","link":"https:\/\/revistaempresarios.net\/web\/2025\/04\/28\/trabalho-autonomo-e-realidade-de-muitas-pessoas\/","title":{"rendered":"Trabalho aut\u00f4nomo \u00e9 realidade de muitas pessoas"},"content":{"rendered":"<div class=\"itemIntroText\">\n<p>Neste Dia do Trabalhador, corretores de im\u00f3veis falam das vantagens e desafios dessa \u00e1rea<\/p>\n<\/div>\n<div class=\"itemFullText\">\n<p>De acordo com a Pesquisa Nacional por Amostra de Domic\u00edlios Cont\u00ednua (PNADC) do Instituto Brasileiro de Geografia e Estat\u00edstica (IBGE), o Brasil tem atualmente 26 milh\u00f5es de trabalhadores aut\u00f4nomos, o que corresponde a 25,1% das pessoas com alguma ocupa\u00e7\u00e3o. Neste Dia do Trabalhador, celebrado em 1\u00ba de maio, \u00e9 importante falar dessa modalidade de trabalho, que tamb\u00e9m contribui para a economia do Pa\u00eds.<\/p>\n<p>Em Goi\u00e2nia, uma categoria de aut\u00f4nomos que ajuda no desenvolvimento da cidade s\u00e3o os corretores de im\u00f3veis. Segundo o Conselho Regional de Corretores de Im\u00f3veis (Creci-GO) existem aproximadamente 40 mil profissionais credenciados em Goi\u00e1s. Andr\u00e9 Bernardino deixou a vida de empres\u00e1rio e est\u00e1 h\u00e1 cinco anos nesse ramo como parceiro do Grupo URBS. \u201cEra propriet\u00e1rio de um restaurante japon\u00eas, mas devido aos altos custos de mercadoria vendidas (CMV) e a pandemia deixei a \u00e1rea. Me interessei pela corretagem, estudei e vi que me identificava com o segmento de alto padr\u00e3o\u201d, conta ele sobre o in\u00edcio.<\/p>\n<p>Andr\u00e9 integra a equipe da URBS Private, especializada em revenda de alto padr\u00e3o, e explica as vantagens de ser um aut\u00f4nomo. \u201cTemos liberdade de hor\u00e1rio para o trabalho, criamos uma base de networking muito boa e que pode dar sequ\u00eancia em novos neg\u00f3cios, nesse ramo temos comiss\u00f5es generosas e ainda desenvolvemos entendimento na \u00e1rea. Pelo menos eu gosto de viver todos os processos, incluindo a parte burocr\u00e1tica e jur\u00eddica dos neg\u00f3cios\u201d, pontua.<\/p>\n<p>Eduardo Gutierrez tem 26 anos de atua\u00e7\u00e3o no mercado imobili\u00e1rio, desse per\u00edodo, cerca de dez anos foram como parceiros do Grupo URBS. Ele j\u00e1 foi gerente, mas hoje segue focado na corretagem de im\u00f3veis. \u201cEntre as vantagens est\u00e1 a possibilidade de fazer seu tempo e seu sal\u00e1rio, pois quanto mais voc\u00ea trabalha, mais chance voc\u00ea tem de ganhar. Eu vejo o trabalho aut\u00f4nomo como uma forma de empreendedorismo\u201d, destaca ele.<\/p>\n<p>Desafios<\/p>\n<p>Contudo, tamb\u00e9m h\u00e1 percal\u00e7os ao trabalhar de forma aut\u00f4noma, como existe em qualquer outra \u00e1rea de trabalho. \u201cDesafio \u00e9 ter foco, a caminhada n\u00e3o \u00e9 r\u00e1pida e o caminho n\u00e3o \u00e9 f\u00e1cil, \u00e9 preciso ter persist\u00eancia, pois neg\u00f3cios caem e existe muita especula\u00e7\u00e3o no mercado imobili\u00e1rio\u201d, destaca Andr\u00e9 Bernardino, que se encontrou na corretagem de im\u00f3veis.<\/p>\n<p>\u201cAnaliso que os desafios s\u00e3o os mesmos de um empres\u00e1rio, pois \u00e9 preciso trabalhar, gerir seu tempo e seus ganhos. Tem m\u00eas que voc\u00ea fatura mais e outros menos, por isso \u00e9 preciso equilibrar. N\u00e3o pode achar que quando se fatura muito ser\u00e1 sempre assim, tem que se organizar financeiramente\u201d, ressalta Eduardo Gutierrez, que tamb\u00e9m \u00e9 integrante da URBS Private.<\/p>\n<\/div>\n","protected":false},"excerpt":{"rendered":"<p>Neste Dia do Trabalhador, corretores de im\u00f3veis falam das vantagens e desafios dessa \u00e1rea De acordo com a Pesquisa Nacional por Amostra de Domic\u00edlios Cont\u00ednua (PNADC) do Instituto Brasileiro de Geografia e Estat\u00edstica (IBGE), o Brasil tem atualmente 26 milh\u00f5es de trabalhadores aut\u00f4nomos, o que corresponde a 25,1% das pessoas com alguma ocupa\u00e7\u00e3o. Neste Dia [&hellip;]<\/p>\n","protected":false},"author":2,"featured_media":17905,"comment_status":"open","ping_status":"open","sticky":false,"template":"","format":"standard","meta":{"_jetpack_memberships_contains_paid_content":false,"footnotes":""},"categories":[1],"tags":[],"featured_image_src":{"landsacpe":["https:\/\/revistaempresarios.net\/web\/wp-content\/uploads\/2025\/04\/e80d502e5b87f4408c4592f0aa3104dd_XL-1140x445.jpg",1140,445,true],"list":["https:\/\/revistaempresarios.net\/web\/wp-content\/uploads\/2025\/04\/e80d502e5b87f4408c4592f0aa3104dd_XL-463x348.jpg",463,348,true],"medium":["https:\/\/revistaempresarios.net\/web\/wp-content\/uploads\/2025\/04\/e80d502e5b87f4408c4592f0aa3104dd_XL-277x300.jpg",277,300,true],"full":["https:\/\/revistaempresarios.net\/web\/wp-content\/uploads\/2025\/04\/e80d502e5b87f4408c4592f0aa3104dd_XL.jpg",1220,1323,false]},"jetpack_sharing_enabled":true,"jetpack_featured_media_url":"https:\/\/revistaempresarios.net\/web\/wp-content\/uploads\/2025\/04\/e80d502e5b87f4408c4592f0aa3104dd_XL.jpg","jetpack-related-posts":[],"_links":{"self":[{"href":"https:\/\/revistaempresarios.net\/web\/wp-json\/wp\/v2\/posts\/17904"}],"collection":[{"href":"https:\/\/revistaempresarios.net\/web\/wp-json\/wp\/v2\/posts"}],"about":[{"href":"https:\/\/revistaempresarios.net\/web\/wp-json\/wp\/v2\/types\/post"}],"author":[{"embeddable":true,"href":"https:\/\/revistaempresarios.net\/web\/wp-json\/wp\/v2\/users\/2"}],"replies":[{"embeddable":true,"href":"https:\/\/revistaempresarios.net\/web\/wp-json\/wp\/v2\/comments?post=17904"}],"version-history":[{"count":1,"href":"https:\/\/revistaempresarios.net\/web\/wp-json\/wp\/v2\/posts\/17904\/revisions"}],"predecessor-version":[{"id":17906,"href":"https:\/\/revistaempresarios.net\/web\/wp-json\/wp\/v2\/posts\/17904\/revisions\/17906"}],"wp:featuredmedia":[{"embeddable":true,"href":"https:\/\/revistaempresarios.net\/web\/wp-json\/wp\/v2\/media\/17905"}],"wp:attachment":[{"href":"https:\/\/revistaempresarios.net\/web\/wp-json\/wp\/v2\/media?parent=17904"}],"wp:term":[{"taxonomy":"category","embeddable":true,"href":"https:\/\/revistaempresarios.net\/web\/wp-json\/wp\/v2\/categories?post=17904"},{"taxonomy":"post_tag","embeddable":true,"href":"https:\/\/revistaempresarios.net\/web\/wp-json\/wp\/v2\/tags?post=17904"}],"curies":[{"name":"wp","href":"https:\/\/api.w.org\/{rel}","templated":true}]}}