{"id":17889,"date":"2025-04-28T12:53:53","date_gmt":"2025-04-28T15:53:53","guid":{"rendered":"https:\/\/revistaempresarios.net\/web\/?p=17889"},"modified":"2025-04-28T12:53:53","modified_gmt":"2025-04-28T15:53:53","slug":"ibm-acena-a-trump-e-promete-investir-us-150-bilhoes-nos-eua-nos-proximos-5-anos","status":"publish","type":"post","link":"https:\/\/revistaempresarios.net\/web\/2025\/04\/28\/ibm-acena-a-trump-e-promete-investir-us-150-bilhoes-nos-eua-nos-proximos-5-anos\/","title":{"rendered":"IBM acena a Trump e promete investir US$ 150 bilh\u00f5es nos EUA nos pr\u00f3ximos 5 anos"},"content":{"rendered":"<div class=\"flex items-center mb-4 undefined\">\n<div class=\"flex-1\">\n<p class=\"text-base leading-tight text-center md:text-left\">Uma das maiores empregadoras de tecnologia do pa\u00eds, a empresa disse que seu objetivo \u00e9 alimentar a economia americana e se tornar epicentro das capacidades de computa\u00e7\u00e3o e IA<\/p>\n<\/div>\n<\/div>\n<figure class=\"lead-art-wrapper\">\n<div><picture class=\"Image__StyledPicture-sc-1g24b0j-0 cztTld\"><source srcset=\"https:\/\/www.bloomberglinea.com\/resizer\/v2\/VHWJQTOPYNEUPKHU4TBEB4A6OM.jpeg?auth=d0b36108af494033f6129fca45bc65439c755971f874ce0a2ef3ba2c157f86b1&amp;width=800&amp;height=532&amp;quality=80&amp;smart=true\" media=\"screen and (min-width: 1024px)\" \/><source srcset=\"https:\/\/www.bloomberglinea.com\/resizer\/v2\/VHWJQTOPYNEUPKHU4TBEB4A6OM.jpeg?auth=d0b36108af494033f6129fca45bc65439c755971f874ce0a2ef3ba2c157f86b1&amp;width=800&amp;height=532&amp;quality=80&amp;smart=true\" media=\"screen and (min-width: 768px)\" \/><source srcset=\"https:\/\/www.bloomberglinea.com\/resizer\/v2\/VHWJQTOPYNEUPKHU4TBEB4A6OM.jpeg?auth=d0b36108af494033f6129fca45bc65439c755971f874ce0a2ef3ba2c157f86b1&amp;width=600&amp;height=399&amp;quality=80&amp;smart=true\" media=\"screen and (min-width: 0px)\" \/><\/picture><\/div>\n<\/figure>\n<div>\n<p>A IBM anunciou, nesta segunda-feira, 28, um plano de investimento de 150 bilh\u00f5es de d\u00f3lares (852 bilh\u00f5es de reais) na economia americana nos pr\u00f3ximos cinco anos, dos quais 30 bilh\u00f5es (170 bilh\u00f5es de reais) ser\u00e3o destinados a aumentar a fabrica\u00e7\u00e3o de unidades centrais e de computadores qu\u00e2nticos.<\/p>\n<p>Esse an\u00fancio, feito ao mesmo tempo em que o presidente Donald Trump pressiona as empresas para que invistam nos Estados Unidos, tem como objetivo consolidar a IBM como &#8220;o epicentro das capacidades\u00a0inform\u00e1ticas e de IA mais avan\u00e7adas do mundo&#8221;, disse o diretor-executivo da companhia, Arvind Krishna, em um comunicado.<\/p>\n<\/div>\n","protected":false},"excerpt":{"rendered":"<p>Uma das maiores empregadoras de tecnologia do pa\u00eds, a empresa disse que seu objetivo \u00e9 alimentar a economia americana e se tornar epicentro das capacidades de computa\u00e7\u00e3o e IA A IBM anunciou, nesta segunda-feira, 28, um plano de investimento de 150 bilh\u00f5es de d\u00f3lares (852 bilh\u00f5es de reais) na economia americana nos pr\u00f3ximos cinco anos, [&hellip;]<\/p>\n","protected":false},"author":2,"featured_media":17890,"comment_status":"open","ping_status":"open","sticky":false,"template":"","format":"standard","meta":{"_jetpack_memberships_contains_paid_content":false,"_joinchat":[],"footnotes":""},"categories":[51,54,57,60],"tags":[10603],"featured_image_src":{"landsacpe":["https:\/\/revistaempresarios.net\/web\/wp-content\/uploads\/2025\/04\/IBM-750x445.webp",750,445,true],"list":["https:\/\/revistaempresarios.net\/web\/wp-content\/uploads\/2025\/04\/IBM-463x348.webp",463,348,true],"medium":["https:\/\/revistaempresarios.net\/web\/wp-content\/uploads\/2025\/04\/IBM-300x200.webp",300,200,true],"full":["https:\/\/revistaempresarios.net\/web\/wp-content\/uploads\/2025\/04\/IBM.webp",750,500,false]},"jetpack_sharing_enabled":true,"jetpack_featured_media_url":"https:\/\/revistaempresarios.net\/web\/wp-content\/uploads\/2025\/04\/IBM.webp","jetpack-related-posts":[],"_links":{"self":[{"href":"https:\/\/revistaempresarios.net\/web\/wp-json\/wp\/v2\/posts\/17889"}],"collection":[{"href":"https:\/\/revistaempresarios.net\/web\/wp-json\/wp\/v2\/posts"}],"about":[{"href":"https:\/\/revistaempresarios.net\/web\/wp-json\/wp\/v2\/types\/post"}],"author":[{"embeddable":true,"href":"https:\/\/revistaempresarios.net\/web\/wp-json\/wp\/v2\/users\/2"}],"replies":[{"embeddable":true,"href":"https:\/\/revistaempresarios.net\/web\/wp-json\/wp\/v2\/comments?post=17889"}],"version-history":[{"count":1,"href":"https:\/\/revistaempresarios.net\/web\/wp-json\/wp\/v2\/posts\/17889\/revisions"}],"predecessor-version":[{"id":17891,"href":"https:\/\/revistaempresarios.net\/web\/wp-json\/wp\/v2\/posts\/17889\/revisions\/17891"}],"wp:featuredmedia":[{"embeddable":true,"href":"https:\/\/revistaempresarios.net\/web\/wp-json\/wp\/v2\/media\/17890"}],"wp:attachment":[{"href":"https:\/\/revistaempresarios.net\/web\/wp-json\/wp\/v2\/media?parent=17889"}],"wp:term":[{"taxonomy":"category","embeddable":true,"href":"https:\/\/revistaempresarios.net\/web\/wp-json\/wp\/v2\/categories?post=17889"},{"taxonomy":"post_tag","embeddable":true,"href":"https:\/\/revistaempresarios.net\/web\/wp-json\/wp\/v2\/tags?post=17889"}],"curies":[{"name":"wp","href":"https:\/\/api.w.org\/{rel}","templated":true}]}}