{"id":17791,"date":"2025-04-16T17:47:15","date_gmt":"2025-04-16T20:47:15","guid":{"rendered":"https:\/\/revistaempresarios.net\/web\/?p=17791"},"modified":"2025-04-16T17:47:15","modified_gmt":"2025-04-16T20:47:15","slug":"inclusao-que-movimenta-setor-fitness-investe-em-acessibilidade-para-acolher-todos-os-publicos","status":"publish","type":"post","link":"https:\/\/revistaempresarios.net\/web\/2025\/04\/16\/inclusao-que-movimenta-setor-fitness-investe-em-acessibilidade-para-acolher-todos-os-publicos\/","title":{"rendered":"Inclus\u00e3o que movimenta: setor fitness investe em acessibilidade para acolher todos os p\u00fablicos"},"content":{"rendered":"<div class=\"itemBody\">\n<div class=\"itemIntroText\">\n<p>Rampas, elevadores e equipe capacitada: academias ampliam o acesso de pessoas com mobilidade reduzida e fortalecem a cultura da diversidade<\/p>\n<\/div>\n<div class=\"itemFullText\">\n<p>A busca por uma vida ativa e saud\u00e1vel tamb\u00e9m faz parte da realidade de quem enfrenta limita\u00e7\u00f5es motoras. No entanto, a presen\u00e7a desse p\u00fablico em centros de treinamento ainda esbarra em barreiras f\u00edsicas e comportamentais. Segundo dados do IBGE de 2022 (Tabela 7553 &#8211; SIDRA), cerca de 17,2 milh\u00f5es de pessoas de 2 anos ou mais de idade possuem algum tipo de limita\u00e7\u00e3o funcional que dificulta atividades cotidianas, como caminhar ou subir escadas \u2014 um dos principais indicativos de restri\u00e7\u00e3o \u00e0 mobilidade. No universo do bem-estar e condicionamento f\u00edsico, cresce a percep\u00e7\u00e3o de que promover a inser\u00e7\u00e3o n\u00e3o \u00e9 apenas uma responsabilidade social, mas tamb\u00e9m uma estrat\u00e9gia de expans\u00e3o.<\/p>\n<p><strong>Estrutura inclusiva e atendimento emp\u00e1tico<\/strong><\/p>\n<p>A ado\u00e7\u00e3o de recursos como rampas, elevadores e vesti\u00e1rios adaptados tem sido fundamental para tornar os espa\u00e7os de treino mais acess\u00edveis. Mas n\u00e3o \u00e9 s\u00f3 a estrutura que conta: oferecer uma abordagem acolhedora e capacitada faz toda a diferen\u00e7a. Preparar a equipe para lidar com diferentes perfis de alunos e cultivar um ambiente respeitoso contribui diretamente para a perman\u00eancia e fideliza\u00e7\u00e3o dessas pessoas.<\/p>\n<p>A Gavi\u00f5es, reconhecida pelo funcionamento 24 horas, vem ampliando a acessibilidade com iniciativas como a oferta de atividades no piso t\u00e9rreo e a instala\u00e7\u00e3o de elevadores. Das 48 unidades em opera\u00e7\u00e3o, 35 possuem acessibilidade, o que representa cerca de 72,9% da rede. Segundo a CEO da marca, Priscila Aguiar, o compromisso vai al\u00e9m das adapta\u00e7\u00f5es f\u00edsicas. \u201cNosso objetivo \u00e9 que todos encontrem um ambiente seguro e acolhedor para treinar. A inclus\u00e3o precisa fazer parte da ess\u00eancia do neg\u00f3cio, sendo integrada desde o projeto arquitet\u00f4nico at\u00e9 o atendimento no dia a dia\u201d, afirma.<\/p>\n<p><strong>Um mercado com grande potencial de crescimento<\/strong><\/p>\n<p>Um estudo de caso publicado pela Revista Brasileira de Educa\u00e7\u00e3o Especial (Scielo, 2020), com foco em pessoas com defici\u00eancia f\u00edsica na cidade de S\u00e3o Paulo, revelou que apenas 15% dos entrevistados frequentam academias de forma regular. Entre os principais entraves citados est\u00e3o a inadequa\u00e7\u00e3o da estrutura, falta de equipamentos adaptados e escassez de profissionais qualificados.<\/p>\n<p>Com o avan\u00e7o da conscientiza\u00e7\u00e3o e a crescente demanda por ambientes mais inclusivos, o mercado fitness come\u00e7a a enxergar o valor da diversidade. Aumenta o n\u00famero de redes que oferecem treinos adaptados \u00e0s necessidades de cada aluno. Para Priscila Aguiar, o segredo est\u00e1 na escuta ativa e no comprometimento com a evolu\u00e7\u00e3o constante: \u201cNosso time est\u00e1 sempre buscando conhecimento para atender com mais empatia e compet\u00eancia. A inclus\u00e3o n\u00e3o pode ser tratada como um projeto paralelo \u2014 ela precisa estar no centro da nossa estrat\u00e9gia\u201d, conclui.<\/p>\n<p><strong>Sobre Academia Gavi\u00f5es<\/strong><\/p>\n<p>No cen\u00e1rio paulista h\u00e1 quase 50 anos e no franchising desde 2019, a Academia Gavi\u00f5es conta hoje com 109 unidades, 39 em funcionamento e 70 implanta\u00e7\u00f5es. A rede oferece modelos de neg\u00f3cios onde o franqueado pode ser o administrador ou somente o investidor, j\u00e1 que tamb\u00e9m oferece a op\u00e7\u00e3o do empreendedor contratar um servi\u00e7o de administra\u00e7\u00e3o especializado na marca. Todas as unidades oferecem um mix de aulas, atendimento diferenciado para iniciantes e modernos equipamentos de muscula\u00e7\u00e3o.<\/p>\n<\/div>\n<\/div>\n<div class=\"e-mailit_toolbox circular  size48\">\n<div class=\"e-mailit_btn_EMAILiT\"><\/div>\n<\/div>\n","protected":false},"excerpt":{"rendered":"<p>Rampas, elevadores e equipe capacitada: academias ampliam o acesso de pessoas com mobilidade reduzida e fortalecem a cultura da diversidade A busca por uma vida ativa e saud\u00e1vel tamb\u00e9m faz parte da realidade de quem enfrenta limita\u00e7\u00f5es motoras. No entanto, a presen\u00e7a desse p\u00fablico em centros de treinamento ainda esbarra em barreiras f\u00edsicas e comportamentais. [&hellip;]<\/p>\n","protected":false},"author":2,"featured_media":17792,"comment_status":"open","ping_status":"open","sticky":false,"template":"","format":"standard","meta":{"_jetpack_memberships_contains_paid_content":false,"footnotes":""},"categories":[51,54,56,57,60],"tags":[10556],"featured_image_src":{"landsacpe":["https:\/\/revistaempresarios.net\/web\/wp-content\/uploads\/2025\/04\/4376533c9cbbda55b0222868040c77f6_XL-1140x445.jpg",1140,445,true],"list":["https:\/\/revistaempresarios.net\/web\/wp-content\/uploads\/2025\/04\/4376533c9cbbda55b0222868040c77f6_XL-463x348.jpg",463,348,true],"medium":["https:\/\/revistaempresarios.net\/web\/wp-content\/uploads\/2025\/04\/4376533c9cbbda55b0222868040c77f6_XL-300x225.jpg",300,225,true],"full":["https:\/\/revistaempresarios.net\/web\/wp-content\/uploads\/2025\/04\/4376533c9cbbda55b0222868040c77f6_XL.jpg",1220,915,false]},"jetpack_sharing_enabled":true,"jetpack_featured_media_url":"https:\/\/revistaempresarios.net\/web\/wp-content\/uploads\/2025\/04\/4376533c9cbbda55b0222868040c77f6_XL.jpg","jetpack-related-posts":[],"_links":{"self":[{"href":"https:\/\/revistaempresarios.net\/web\/wp-json\/wp\/v2\/posts\/17791"}],"collection":[{"href":"https:\/\/revistaempresarios.net\/web\/wp-json\/wp\/v2\/posts"}],"about":[{"href":"https:\/\/revistaempresarios.net\/web\/wp-json\/wp\/v2\/types\/post"}],"author":[{"embeddable":true,"href":"https:\/\/revistaempresarios.net\/web\/wp-json\/wp\/v2\/users\/2"}],"replies":[{"embeddable":true,"href":"https:\/\/revistaempresarios.net\/web\/wp-json\/wp\/v2\/comments?post=17791"}],"version-history":[{"count":1,"href":"https:\/\/revistaempresarios.net\/web\/wp-json\/wp\/v2\/posts\/17791\/revisions"}],"predecessor-version":[{"id":17793,"href":"https:\/\/revistaempresarios.net\/web\/wp-json\/wp\/v2\/posts\/17791\/revisions\/17793"}],"wp:featuredmedia":[{"embeddable":true,"href":"https:\/\/revistaempresarios.net\/web\/wp-json\/wp\/v2\/media\/17792"}],"wp:attachment":[{"href":"https:\/\/revistaempresarios.net\/web\/wp-json\/wp\/v2\/media?parent=17791"}],"wp:term":[{"taxonomy":"category","embeddable":true,"href":"https:\/\/revistaempresarios.net\/web\/wp-json\/wp\/v2\/categories?post=17791"},{"taxonomy":"post_tag","embeddable":true,"href":"https:\/\/revistaempresarios.net\/web\/wp-json\/wp\/v2\/tags?post=17791"}],"curies":[{"name":"wp","href":"https:\/\/api.w.org\/{rel}","templated":true}]}}