{"id":17735,"date":"2025-04-11T18:10:04","date_gmt":"2025-04-11T21:10:04","guid":{"rendered":"https:\/\/revistaempresarios.net\/web\/?p=17735"},"modified":"2025-04-11T18:10:04","modified_gmt":"2025-04-11T21:10:04","slug":"oticas-diniz-investem-na-expansao-da-rede-e-buscam-alcancar-cidades-menores-que-possuem-potencial-de-consumo-em-2025","status":"publish","type":"post","link":"https:\/\/revistaempresarios.net\/web\/2025\/04\/11\/oticas-diniz-investem-na-expansao-da-rede-e-buscam-alcancar-cidades-menores-que-possuem-potencial-de-consumo-em-2025\/","title":{"rendered":"\u00d3ticas Diniz investem na expans\u00e3o da rede e buscam alcan\u00e7ar cidades menores que possuem potencial de consumo em 2025"},"content":{"rendered":"<p><em>Com investimentos de R$ 25 milh\u00f5es <\/em>direcionados a franqueados j\u00e1 integrados ao sistema e opera\u00e7\u00f5es da rede<em> e um modelo de neg\u00f3cio estruturado, a rede refor\u00e7a sua lideran\u00e7a no mercado \u00f3ptico com inova\u00e7\u00e3o e expans\u00e3o org\u00e2nica<\/em><\/p>\n<p>O mercado \u00f3ptico brasileiro passa por um momento pr\u00f3spero para o empreendedorismo, impulsionado pela prefer\u00eancia do p\u00fablico por produtos de sa\u00fade visual de alta qualidade.<\/p>\n<p>Esse cen\u00e1rio abre oportunidades para marcas que combinam qualidade, inova\u00e7\u00e3o e atendimento personalizado, como as <a href=\"https:\/\/www.oticasdiniz.com.br\/\"><strong>\u00d3ticas Diniz<\/strong><\/a><strong>, <\/strong>uma das maiores redes de \u00f3ticas 100% brasileiras. A empresa se posiciona como uma das principais refer\u00eancias do setor, com mais de mil unidades distribu\u00eddas por todo territ\u00f3rio nacional em mais de 420 cidades.<\/p>\n<p>Com mais de 30 anos de atua\u00e7\u00e3o, a marca construiu um modelo de franquias que re\u00fane solidez, inova\u00e7\u00e3o e suporte completo aos empreendedores. Para 2025, o plano de expans\u00e3o conta com investimento de <strong>mais de R$ 25 milh\u00f5es<\/strong>.<\/p>\n<p><strong>&#8220;<em>Queremos ampliar nossa presen\u00e7a em cidades menores e regi\u00f5es ainda n\u00e3o atendidas, sem abrir m\u00e3o do padr\u00e3o de qualidade que nos consagrou<\/em>&#8220;, afirma Claudia Valerio, diretora de opera\u00e7\u00f5es e expans\u00e3o da rede. \u201c<em>A expectativa \u00e9 fechar o ano com crescimento de tr\u00eas d\u00edgitos, impulsionados por essa estrat\u00e9gia bem fundamentada<\/em>\u201d.<\/strong><\/p>\n<p>Outro diferencial \u00e9 o compromisso com a responsabilidade social. A plataforma <a href=\"https:\/\/www.oticasdiniz.com.br\/diniz-social?gad_source=1&amp;gclid=Cj0KCQjwytS-BhCKARIsAMGJyzokuM6FDo6w5k5EE7Jht3sfzDxilTcKPxwz0Y6XMvyvHxUVeluS4CsaAhm4EALw_wcB\"><strong>Diniz Social<\/strong><\/a> permite que franqueados e colaboradores participem de iniciativas que impactam positivamente a comunidade e agregam um prop\u00f3sito nobre ao neg\u00f3cio.<\/p>\n<p><strong><em>Fatores que impulsionam a expans\u00e3o<\/em><\/strong><\/p>\n<p>Um dos principais valores das \u00d3ticas Diniz \u00e9 o atendimento personalizado, que coloca a experi\u00eancia do cliente como prioridade nas a\u00e7\u00f5es realizadas durante o ano todo. As lojas s\u00e3o projetadas para oferecer conforto e bem-estar, com espa\u00e7os amplos e ambientes que unem funcionalidade e design. A rede tamb\u00e9m se destaca pela qualidade dos produtos, com um portf\u00f3lio que vai desde \u00f3culos de corre\u00e7\u00e3o e \u00f3culos de sol, at\u00e9 arma\u00e7\u00f5es de grifes internacionais.<\/p>\n<p>&#8220;<em>Estamos h\u00e1 mais de tr\u00eas d\u00e9cadas no mercado, formando empreendedores em um setor que cresce de forma cont\u00ednua. Nosso prop\u00f3sito \u00e9 estar pr\u00f3ximo dos franqueados e oferecer assist\u00eancia completa em todas as etapas da opera\u00e7\u00e3o<\/em>&#8220;, assegura a especialista.<\/p>\n<p>A rede tamb\u00e9m investe em capacita\u00e7\u00e3o por meio da <strong>Universidade Diniz<\/strong>, que disponibiliza treinamentos em opera\u00e7\u00f5es, finan\u00e7as, produtos e marketing. A Plataforma de Ensino a Dist\u00e2ncia (EAD) complementa essa forma\u00e7\u00e3o e assegura que colaboradores e franqueados tenham acesso a conte\u00fados atualizados e estrat\u00e9gicos para o neg\u00f3cio.<\/p>\n<p><strong>Rentabilidade e retorno para os franqueados<\/strong><\/p>\n<p>Com um faturamento m\u00e9dio mensal de R$ 110 mil por loja e lucratividade entre 15% e 20%, as \u00d3ticas Diniz se destacam como uma das mais vantajosas do mercado. O prazo de retorno do investimento varia de 12 a 18 meses, um atrativo para quem busca empreender com seguran\u00e7a.<\/p>\n<p>O investimento inicial para se tornar um franqueado parte de R$ 250 mil, com capital de giro estimado entre R$\u00a080 mil e R$ 120 mil. A rede n\u00e3o cobra taxa de franquia, o que reduz os custos iniciais e facilita o ingresso de novos empreendedores.<\/p>\n<p>Com uma trajet\u00f3ria marcada por inova\u00e7\u00e3o, qualidade e compromisso com o cliente, a rede planeja seguir com sua expans\u00e3o e oferecer oportunidades reais para quem deseja empreender com uma marca reconhecida e confi\u00e1vel.<\/p>\n<p><strong>Mercado<\/strong><\/p>\n<p>De acordo com dados recentes do Instituto Brasileiro de Geografia e Estat\u00edstica (IBGE), a Pesquisa Mensal do Com\u00e9rcio revela que em 2024, o com\u00e9rcio varejista brasileiro registrou um <strong>aumento de 4,7% nas vendas<\/strong>, em compara\u00e7\u00e3o com o ano anterior. Este foi o maior crescimento em 12 anos.<\/p>\n<p>Segundo dados da Sociedade Brasileira de Oftalmologia divulgados esse ano, <strong>cerca de 70% da popula\u00e7\u00e3o<\/strong> sofre de algum tipo de desconforto visual recorrente, por conta do uso prolongado de computadores, <em>laptops<\/em>, <em>tablets<\/em> e celulares.<\/p>\n<p><strong>Sobre as \u00d3ticas Diniz<\/strong><\/p>\n<p>Fundada em 1992 por Arione Diniz, na cidade de S\u00e3o Lu\u00eds (MA), \u00e9 uma das maiores redes de \u00f3ticas 100% brasileira. Presente em todo o pa\u00eds, oferece um diversificado mix de produtos e solu\u00e7\u00f5es \u00f3pticas de qualidade, alta tecnologia para lentes e \u00f3culos de grau e de sol das principais grifes. Autoridade em sa\u00fade visual h\u00e1 mais de 30 anos, a rede tamb\u00e9m proporciona aos seus clientes um ambiente aconchegante e acolhedor nas lojas modelo cl\u00e1ssico e prime.<\/p>\n<p>Desde 2016 a rede atua com a plataforma de responsabilidade Diniz Social. Essa iniciativa pioneira visa contribuir para a mudan\u00e7a da realidade da vis\u00e3o infantil no Brasil e j\u00e1 beneficiou 110 mil crian\u00e7as em idade de alfabetiza\u00e7\u00e3o de escolas p\u00fablicas e entidades parceiras, que passaram por consultas com m\u00e9dico oftalmologista gratuitamente \u2013 e mais de 36 mil receberam a doa\u00e7\u00e3o de \u00f3culos de grau completo.<\/p>\n<p>Recebeu o Selo de Excel\u00eancia em Franchising da Associa\u00e7\u00e3o Brasileira de Franchising (ABF), que \u00e9 sin\u00f4nimo de qualidade e padroniza\u00e7\u00e3o, por dois anos consecutivos, em 2022, 2023 e 2024. Foi classificada entre as maiores franquias do pa\u00eds pelo Ranking da ABF em 2025. Recebeu o pr\u00eamio do Reclame Aqui como o melhor atendimento do mercado \u00f3ptico por mais um ano, colecionando tr\u00eas premia\u00e7\u00f5es nesta categoria (2020, 2021 e 2023), e conquistou o selo de 5 estrelas do pr\u00eamio Melhores Franquias do Brasil, chancelado pela revista Pequenas Empresas, Grandes Neg\u00f3cios (PEGN), em parceria com a Serasa Experian.<\/p>\n","protected":false},"excerpt":{"rendered":"<p>Com investimentos de R$ 25 milh\u00f5es direcionados a franqueados j\u00e1 integrados ao sistema e opera\u00e7\u00f5es da rede e um modelo de neg\u00f3cio estruturado, a rede refor\u00e7a sua lideran\u00e7a no mercado \u00f3ptico com inova\u00e7\u00e3o e expans\u00e3o org\u00e2nica O mercado \u00f3ptico brasileiro passa por um momento pr\u00f3spero para o empreendedorismo, impulsionado pela prefer\u00eancia do p\u00fablico por produtos [&hellip;]<\/p>\n","protected":false},"author":2,"featured_media":17736,"comment_status":"open","ping_status":"open","sticky":false,"template":"","format":"standard","meta":{"_jetpack_memberships_contains_paid_content":false,"footnotes":""},"categories":[51,54,56,60],"tags":[10528],"featured_image_src":{"landsacpe":["https:\/\/revistaempresarios.net\/web\/wp-content\/uploads\/2025\/04\/b2fcee02-ccdd-4f96-aee0-5d3f345f072a-954x445.jpg",954,445,true],"list":["https:\/\/revistaempresarios.net\/web\/wp-content\/uploads\/2025\/04\/b2fcee02-ccdd-4f96-aee0-5d3f345f072a-463x348.jpg",463,348,true],"medium":["https:\/\/revistaempresarios.net\/web\/wp-content\/uploads\/2025\/04\/b2fcee02-ccdd-4f96-aee0-5d3f345f072a-300x169.jpg",300,169,true],"full":["https:\/\/revistaempresarios.net\/web\/wp-content\/uploads\/2025\/04\/b2fcee02-ccdd-4f96-aee0-5d3f345f072a.jpg",954,539,false]},"jetpack_sharing_enabled":true,"jetpack_featured_media_url":"https:\/\/revistaempresarios.net\/web\/wp-content\/uploads\/2025\/04\/b2fcee02-ccdd-4f96-aee0-5d3f345f072a.jpg","jetpack-related-posts":[],"_links":{"self":[{"href":"https:\/\/revistaempresarios.net\/web\/wp-json\/wp\/v2\/posts\/17735"}],"collection":[{"href":"https:\/\/revistaempresarios.net\/web\/wp-json\/wp\/v2\/posts"}],"about":[{"href":"https:\/\/revistaempresarios.net\/web\/wp-json\/wp\/v2\/types\/post"}],"author":[{"embeddable":true,"href":"https:\/\/revistaempresarios.net\/web\/wp-json\/wp\/v2\/users\/2"}],"replies":[{"embeddable":true,"href":"https:\/\/revistaempresarios.net\/web\/wp-json\/wp\/v2\/comments?post=17735"}],"version-history":[{"count":1,"href":"https:\/\/revistaempresarios.net\/web\/wp-json\/wp\/v2\/posts\/17735\/revisions"}],"predecessor-version":[{"id":17737,"href":"https:\/\/revistaempresarios.net\/web\/wp-json\/wp\/v2\/posts\/17735\/revisions\/17737"}],"wp:featuredmedia":[{"embeddable":true,"href":"https:\/\/revistaempresarios.net\/web\/wp-json\/wp\/v2\/media\/17736"}],"wp:attachment":[{"href":"https:\/\/revistaempresarios.net\/web\/wp-json\/wp\/v2\/media?parent=17735"}],"wp:term":[{"taxonomy":"category","embeddable":true,"href":"https:\/\/revistaempresarios.net\/web\/wp-json\/wp\/v2\/categories?post=17735"},{"taxonomy":"post_tag","embeddable":true,"href":"https:\/\/revistaempresarios.net\/web\/wp-json\/wp\/v2\/tags?post=17735"}],"curies":[{"name":"wp","href":"https:\/\/api.w.org\/{rel}","templated":true}]}}