{"id":17600,"date":"2025-04-06T19:03:14","date_gmt":"2025-04-06T22:03:14","guid":{"rendered":"https:\/\/revistaempresarios.net\/web\/?p=17600"},"modified":"2025-04-06T19:03:14","modified_gmt":"2025-04-06T22:03:14","slug":"minas-summit-acontece-em-junho-e-deve-reunir-10-mil-pessoas-em-bh","status":"publish","type":"post","link":"https:\/\/revistaempresarios.net\/web\/2025\/04\/06\/minas-summit-acontece-em-junho-e-deve-reunir-10-mil-pessoas-em-bh\/","title":{"rendered":"Minas Summit acontece em junho e deve reunir 10 mil pessoas em BH"},"content":{"rendered":"<div class=\"v1x_elementToProof\">O Minas Summit 2025, maior evento de inova\u00e7\u00e3o corporativa de Minas Gerais, est\u00e1 chegando. Marcado para os dias 5 e 6 de junho, no Minascentro, em Belo Horizonte, ter\u00e1 como tema deste ano &#8220;Inova\u00e7\u00e3o que move o mundo&#8221;.\u00a0 O evento espera receber mais de 10 mil participantes, 1.500 startups, 400 palestrantes, 150 estandes, 7 palcos simult\u00e2neos e 80 horas de conte\u00fado.<\/div>\n<div class=\"v1x_elementToProof\"><\/div>\n<div class=\"v1x_elementToProof\">O Minas Summit 2025 tamb\u00e9m se destaca pelas parcerias firmadas com grandes eventos nacionais, como o SEG Summit, AI Summit Brasil e Future Law \u2013 todos com programa\u00e7\u00f5es pr\u00f3prias e curadoria de conte\u00fado exclusiva. Al\u00e9m disso, tamb\u00e9m conta com a presen\u00e7a de delega\u00e7\u00f5es internacionais e especialistas de pa\u00edses como Irlanda, Argentina, Chile, Estados Unidos, Portugal, Espanha e Israel.<\/div>\n<div class=\"v1x_elementToProof\"><\/div>\n<div class=\"v1x_elementToProof\"><b>Servi\u00e7o:<\/b><\/div>\n<div class=\"v1x_elementToProof\"><\/div>\n<div class=\"v1x_elementToProof\"><b>Minas Summit 2025<\/b><\/div>\n<div class=\"v1x_elementToProof\"><b>Data:<\/b>\u00a05 e 6 de junho<\/div>\n<div class=\"v1x_elementToProof\"><b>Local:<\/b>\u00a0Minascentro, Belo Horizonte \u2013 MG<\/div>\n<div class=\"v1x_elementToProof\"><b>Ingressos:<\/b>\u00a0<a id=\"v1OWAb54a0b49-c000-0105-1cd8-afaf7c510c00\" class=\"v1x_OWAAutoLink\" href=\"https:\/\/www.minassummit.com\/\" target=\"_blank\" rel=\"noopener noreferrer\">www.minassummit.com<\/a><\/div>\n<div class=\"v1x_elementToProof\"><\/div>\n<div class=\"v1x_elementToProof\"><b><u>Sobre o FCJ Group<\/u><\/b><\/div>\n<div class=\"v1x_elementToProof\">FCJ Group \u00e9 pioneira e refer\u00eancia no modelo de Corporate Venture Builder (CVB) na Am\u00e9rica Latina, sendo uma das maiores venture builders do mundo. Fundada em 2013, a empresa \u00e9 reconhecida por sua abordagem inovadora em conectar grandes corpora\u00e7\u00f5es a startups de alto potencial, ajudando-as a inovar, crescer e transformar mercados. O grupo se destaca por seu modelo \u00fanico de venture building, que vai al\u00e9m de incubadoras e aceleradoras tradicionais, oferecendo uma estrutura completa para desenvolvimento, escalabilidade e gest\u00e3o de startups. Com presen\u00e7a em mais de 50 opera\u00e7\u00f5es globais e um portf\u00f3lio que ultrapassa 300 startups com valuation combinado de R$ 2,4 bilh\u00f5es, o FCJ Group \u00e9 um catalisador de inova\u00e7\u00e3o aberta e resultados consistentes para empresas de diversos setores. O FCJ Group \u00e9 amplamente reconhecido por sua capacidade de criar valor tanto para startups quanto para grandes empresas, consolidando-se como l\u00edder em um dos modelos mais promissores de inova\u00e7\u00e3o corporativa.<\/div>\n","protected":false},"excerpt":{"rendered":"<p>O Minas Summit 2025, maior evento de inova\u00e7\u00e3o corporativa de Minas Gerais, est\u00e1 chegando. Marcado para os dias 5 e 6 de junho, no Minascentro, em Belo Horizonte, ter\u00e1 como tema deste ano &#8220;Inova\u00e7\u00e3o que move o mundo&#8221;.\u00a0 O evento espera receber mais de 10 mil participantes, 1.500 startups, 400 palestrantes, 150 estandes, 7 palcos [&hellip;]<\/p>\n","protected":false},"author":2,"featured_media":17601,"comment_status":"open","ping_status":"open","sticky":false,"template":"","format":"standard","meta":{"_jetpack_memberships_contains_paid_content":false,"_joinchat":[],"footnotes":""},"categories":[51,54,56,57,58,60],"tags":[10486],"featured_image_src":{"landsacpe":["https:\/\/revistaempresarios.net\/web\/wp-content\/uploads\/2025\/04\/Minas-Summit-2025-1140x445.jpg",1140,445,true],"list":["https:\/\/revistaempresarios.net\/web\/wp-content\/uploads\/2025\/04\/Minas-Summit-2025-463x348.jpg",463,348,true],"medium":["https:\/\/revistaempresarios.net\/web\/wp-content\/uploads\/2025\/04\/Minas-Summit-2025-300x128.jpg",300,128,true],"full":["https:\/\/revistaempresarios.net\/web\/wp-content\/uploads\/2025\/04\/Minas-Summit-2025.jpg",1600,680,false]},"jetpack_sharing_enabled":true,"jetpack_featured_media_url":"https:\/\/revistaempresarios.net\/web\/wp-content\/uploads\/2025\/04\/Minas-Summit-2025.jpg","jetpack-related-posts":[],"_links":{"self":[{"href":"https:\/\/revistaempresarios.net\/web\/wp-json\/wp\/v2\/posts\/17600"}],"collection":[{"href":"https:\/\/revistaempresarios.net\/web\/wp-json\/wp\/v2\/posts"}],"about":[{"href":"https:\/\/revistaempresarios.net\/web\/wp-json\/wp\/v2\/types\/post"}],"author":[{"embeddable":true,"href":"https:\/\/revistaempresarios.net\/web\/wp-json\/wp\/v2\/users\/2"}],"replies":[{"embeddable":true,"href":"https:\/\/revistaempresarios.net\/web\/wp-json\/wp\/v2\/comments?post=17600"}],"version-history":[{"count":1,"href":"https:\/\/revistaempresarios.net\/web\/wp-json\/wp\/v2\/posts\/17600\/revisions"}],"predecessor-version":[{"id":17602,"href":"https:\/\/revistaempresarios.net\/web\/wp-json\/wp\/v2\/posts\/17600\/revisions\/17602"}],"wp:featuredmedia":[{"embeddable":true,"href":"https:\/\/revistaempresarios.net\/web\/wp-json\/wp\/v2\/media\/17601"}],"wp:attachment":[{"href":"https:\/\/revistaempresarios.net\/web\/wp-json\/wp\/v2\/media?parent=17600"}],"wp:term":[{"taxonomy":"category","embeddable":true,"href":"https:\/\/revistaempresarios.net\/web\/wp-json\/wp\/v2\/categories?post=17600"},{"taxonomy":"post_tag","embeddable":true,"href":"https:\/\/revistaempresarios.net\/web\/wp-json\/wp\/v2\/tags?post=17600"}],"curies":[{"name":"wp","href":"https:\/\/api.w.org\/{rel}","templated":true}]}}