{"id":17571,"date":"2025-04-05T21:58:59","date_gmt":"2025-04-06T00:58:59","guid":{"rendered":"https:\/\/revistaempresarios.net\/web\/?p=17571"},"modified":"2025-04-05T21:59:10","modified_gmt":"2025-04-06T00:59:10","slug":"cortes-na-producao-de-cafe-no-brasil-faz-disparar-o-preco-em-todo-o-mundo","status":"publish","type":"post","link":"https:\/\/revistaempresarios.net\/web\/2025\/04\/05\/cortes-na-producao-de-cafe-no-brasil-faz-disparar-o-preco-em-todo-o-mundo\/","title":{"rendered":"Cortes na produ\u00e7\u00e3o de caf\u00e9 no Brasil faz disparar o pre\u00e7o em todo o mundo"},"content":{"rendered":"<p>O pre\u00e7o do caf\u00e9 atingiu valores recorde em janeiro. Segundo o \u00faltimo relat\u00f3rio divulgado pela Organiza\u00e7\u00e3o Mundial do Caf\u00e9, o valor indicativo composto atingiu os 310,12 d\u00f3lares (299 euros) por libra de produ\u00e7\u00e3o (cerca de 453 gramas), um aumento de 3,5% face a dezembro e de 75,8% face a janeiro 2024.<\/p>\n<p>As condi\u00e7\u00f5es climat\u00e9ricas adversas no Brasil e no Vietname provocaram uma quebra significativa da oferta de caf\u00e9. O Brasil, maior produtor e exportador de caf\u00e9 do mundo, prev\u00ea uma menor colheita de caf\u00e9 em 2025, o que far\u00e1 com que os pre\u00e7os deste produto se mantenham altos no mercado internacional.<\/p>\n<p>Segundo o \u00faltimo relat\u00f3rio divulgado pela Organiza\u00e7\u00e3o Mundial do Caf\u00e9 (ICO, na sigla em ingl\u00eas) o \u00edndice de pre\u00e7os composto do caf\u00e9, em janeiro de 2025, foi em m\u00e9dia de 310,12 d\u00f3lares (298,77 euros) por libra-peso (cerca de 453 gramas), mais 3,5% do que em dezembro e mais 75,8% do que em janeiro de 2024.<\/p>\n<p>De acordo com fontes oficiais do Minist\u00e9rio da Agricultura brasileiro, o pa\u00eds espera colher 51,8 milh\u00f5es de sacas de 60 quilos de caf\u00e9 este ano, uma redu\u00e7\u00e3o 600 mil sacas (-4,4%) face a 2024.<\/p>\n<p>Os pre\u00e7os globais do caf\u00e9 subiram para n\u00edveis que n\u00e3o se registavam desde a d\u00e9cada de 1970, quando outra grande crise clim\u00e1tica atingiu o Brasil.<\/p>\n<p>O diretor-geral do Conselho dos Exportadores de Caf\u00e9 do Brasil (Cecaf\u00e9) disse \u00e0 ag\u00eancia Lusa que ainda \u201c\u00e9 cedo para estimar com precis\u00e3o o desempenho do setor este ano\u201d, j\u00e1 que a colheita do caf\u00e9 s\u00f3 come\u00e7a em abril e que os desafios log\u00edsticos e clim\u00e1ticos podem impactar, ou n\u00e3o, a sua produ\u00e7\u00e3o. E o presidente da Associa\u00e7\u00e3o Brasileira da Ind\u00fastria de Caf\u00e9 (ABIC) acrescentou que os pre\u00e7os no mercado internacional \u201cs\u00f3 devem recuar de facto em 2026, quando o Brasil obtiver uma colheita maior\u201d.<\/p>\n<p>Ainda de acordo com o relat\u00f3rio da ICO, a subida do pre\u00e7o do caf\u00e9 continuou nas primeiras semanas de fevereiro. Na quinta-feira, o \u00edndice de pre\u00e7os composto chegou aos 375,34 d\u00f3lares por libra produzida.<\/p>\n<p>Para a Organiza\u00e7\u00e3o Mundial do Caf\u00e9, as amea\u00e7as face \u00e0s tarifas aduaneiras prometidas pela nova administra\u00e7\u00e3o Trump, tamb\u00e9m est\u00e3o a levantar incerteza na economia mundial.<\/p>\n<p>O com\u00e9rcio internacional poder\u00e1 afetar o setor cafeeiro mundial, uma vez que algumas das principais origens, incluindo o Brasil, a \u00cdndia e a Indon\u00e9sia, fazem parte da revis\u00e3o atualmente em curso pelos EUA.<\/p>\n<p>A Am\u00e9rica do Norte \u00e9 atualmente o principal destino do caf\u00e9 do Brasil, com 713.348 sacas de caf\u00e9 importado no m\u00eas passado, seguindo-se a Alemanha (457.569), It\u00e1lia (262.829), Jap\u00e3o (247.840) e B\u00e9lgica (206.283).<\/p>\n","protected":false},"excerpt":{"rendered":"<p>O pre\u00e7o do caf\u00e9 atingiu valores recorde em janeiro. Segundo o \u00faltimo relat\u00f3rio divulgado pela Organiza\u00e7\u00e3o Mundial do Caf\u00e9, o valor indicativo composto atingiu os 310,12 d\u00f3lares (299 euros) por libra de produ\u00e7\u00e3o (cerca de 453 gramas), um aumento de 3,5% face a dezembro e de 75,8% face a janeiro 2024. As condi\u00e7\u00f5es climat\u00e9ricas adversas [&hellip;]<\/p>\n","protected":false},"author":2,"featured_media":17572,"comment_status":"open","ping_status":"open","sticky":false,"template":"","format":"standard","meta":{"_jetpack_memberships_contains_paid_content":false,"footnotes":""},"categories":[51,54,57,60],"tags":[10478],"featured_image_src":{"landsacpe":["https:\/\/revistaempresarios.net\/web\/wp-content\/uploads\/2025\/04\/1920x1080_cmsv2_71a9e9d3-f38f-5d46-b471-aaed99ac51a0-9058426-1140x445.webp",1140,445,true],"list":["https:\/\/revistaempresarios.net\/web\/wp-content\/uploads\/2025\/04\/1920x1080_cmsv2_71a9e9d3-f38f-5d46-b471-aaed99ac51a0-9058426-463x348.webp",463,348,true],"medium":["https:\/\/revistaempresarios.net\/web\/wp-content\/uploads\/2025\/04\/1920x1080_cmsv2_71a9e9d3-f38f-5d46-b471-aaed99ac51a0-9058426-300x169.webp",300,169,true],"full":["https:\/\/revistaempresarios.net\/web\/wp-content\/uploads\/2025\/04\/1920x1080_cmsv2_71a9e9d3-f38f-5d46-b471-aaed99ac51a0-9058426.webp",1920,1080,false]},"jetpack_sharing_enabled":true,"jetpack_featured_media_url":"https:\/\/revistaempresarios.net\/web\/wp-content\/uploads\/2025\/04\/1920x1080_cmsv2_71a9e9d3-f38f-5d46-b471-aaed99ac51a0-9058426.webp","jetpack-related-posts":[],"_links":{"self":[{"href":"https:\/\/revistaempresarios.net\/web\/wp-json\/wp\/v2\/posts\/17571"}],"collection":[{"href":"https:\/\/revistaempresarios.net\/web\/wp-json\/wp\/v2\/posts"}],"about":[{"href":"https:\/\/revistaempresarios.net\/web\/wp-json\/wp\/v2\/types\/post"}],"author":[{"embeddable":true,"href":"https:\/\/revistaempresarios.net\/web\/wp-json\/wp\/v2\/users\/2"}],"replies":[{"embeddable":true,"href":"https:\/\/revistaempresarios.net\/web\/wp-json\/wp\/v2\/comments?post=17571"}],"version-history":[{"count":1,"href":"https:\/\/revistaempresarios.net\/web\/wp-json\/wp\/v2\/posts\/17571\/revisions"}],"predecessor-version":[{"id":17573,"href":"https:\/\/revistaempresarios.net\/web\/wp-json\/wp\/v2\/posts\/17571\/revisions\/17573"}],"wp:featuredmedia":[{"embeddable":true,"href":"https:\/\/revistaempresarios.net\/web\/wp-json\/wp\/v2\/media\/17572"}],"wp:attachment":[{"href":"https:\/\/revistaempresarios.net\/web\/wp-json\/wp\/v2\/media?parent=17571"}],"wp:term":[{"taxonomy":"category","embeddable":true,"href":"https:\/\/revistaempresarios.net\/web\/wp-json\/wp\/v2\/categories?post=17571"},{"taxonomy":"post_tag","embeddable":true,"href":"https:\/\/revistaempresarios.net\/web\/wp-json\/wp\/v2\/tags?post=17571"}],"curies":[{"name":"wp","href":"https:\/\/api.w.org\/{rel}","templated":true}]}}