{"id":17568,"date":"2025-04-05T21:49:44","date_gmt":"2025-04-06T00:49:44","guid":{"rendered":"https:\/\/revistaempresarios.net\/web\/?p=17568"},"modified":"2025-04-05T21:49:44","modified_gmt":"2025-04-06T00:49:44","slug":"o-boicote-de-canadenses-a-viagens-aos-eua-um-pais-hostil","status":"publish","type":"post","link":"https:\/\/revistaempresarios.net\/web\/2025\/04\/05\/o-boicote-de-canadenses-a-viagens-aos-eua-um-pais-hostil\/","title":{"rendered":"O boicote de canadenses a viagens aos EUA: &#8216;Um pa\u00eds hostil&#8217;"},"content":{"rendered":"<div class=\"bbc-19j92fr ebmt73l0\" dir=\"ltr\">\n<p class=\"bbc-hhl7in e17g058b0\" dir=\"ltr\">Muitos canadenses est\u00e3o irados com Trump.<\/p>\n<\/div>\n<div class=\"bbc-19j92fr ebmt73l0\" dir=\"ltr\">\n<p class=\"bbc-hhl7in e17g058b0\" dir=\"ltr\">Primeiro, houve amea\u00e7as de que o\u00a0<a class=\"focusIndicatorReducedWidth bbc-n8oauk e1p3sufg0\" href=\"https:\/\/www.bbc.com\/portuguese\/topics\/c8y94y351djt\">Canad\u00e1\u00a0<\/a>se tornaria\u00a0<a class=\"focusIndicatorReducedWidth bbc-n8oauk e1p3sufg0\" href=\"https:\/\/www.bbc.com\/portuguese\/articles\/c0rnr8p0gkjo\">o 51\u00ba Estado dos EUA<\/a>. Depois veio o an\u00fancio de que ele\u00a0<a class=\"focusIndicatorReducedWidth bbc-n8oauk e1p3sufg0\" href=\"https:\/\/www.bbc.com\/portuguese\/articles\/clydql528zjo\">imporia tarifas sobre produtos canadenses<\/a>. E mais recentemente, a not\u00edcia de que uma mulher canadense foi detida por duas semanas nos EUA e submetida a &#8220;tratamento desumano&#8221; pelo ICE (Servi\u00e7o de Imigra\u00e7\u00e3o e Alf\u00e2ndega dos EUA).<\/p>\n<\/div>\n<div class=\"bbc-19j92fr ebmt73l0\" dir=\"ltr\">\n<p class=\"bbc-hhl7in e17g058b0\" dir=\"ltr\">Esses acontecimentos n\u00e3o apenas\u00a0<a class=\"focusIndicatorReducedWidth bbc-n8oauk e1p3sufg0\" href=\"https:\/\/www.bbc.com\/portuguese\/articles\/czed6dd6g1go\">deterioraram o relacionamento entre os dois pa\u00edses<\/a>\u00a0\u2014 uma alian\u00e7a est\u00e1vel de mais de oito d\u00e9cadas \u2014, como tamb\u00e9m desencadearam um grande movimento de\u00a0<a class=\"focusIndicatorReducedWidth bbc-n8oauk e1p3sufg0\" href=\"https:\/\/www.bbc.com\/portuguese\/articles\/cly7g8kzwyno\">cidad\u00e3os defendendo um &#8220;boicote&#8221; aos EUA<\/a>.<\/p>\n<\/div>\n<div class=\"bbc-19j92fr ebmt73l0\" dir=\"ltr\">\n<p class=\"bbc-hhl7in e17g058b0\" dir=\"ltr\">E uma das maneiras de fazer isso \u00e9 parando de viajar para seu vizinho do sul.<\/p>\n<\/div>\n<section class=\"bbc-geybui\" role=\"region\" aria-label=\"Publicidade 2\" aria-hidden=\"true\" data-e2e=\"advertisement\">\n<div id=\"dotcom-mpu\" class=\"dotcom-ad active\" aria-hidden=\"true\">\n<div class=\"dotcom-ad-inner\">\n<div id=\"dotcom-slot-mpu\" class=\"dotcom-slot\" data-google-query-id=\"CMyur6uXwowDFYdu3QIdId8zqA\">\n<div id=\"google_ads_iframe_\/4817\/bbcworldservice.live.site.portuguese\/portuguese_content_1__container__\"><\/div>\n<\/div>\n<\/div>\n<\/div>\n<\/section>\n<div class=\"bbc-19j92fr ebmt73l0\" dir=\"ltr\">\n<p class=\"bbc-hhl7in e17g058b0\" dir=\"ltr\">A ag\u00eancia Statistics Canada registrou uma queda de 23% nas viagens de carro de residentes canadenses para os EUA em fevereiro de 2025, em compara\u00e7\u00e3o ao mesmo m\u00eas do ano anterior. Al\u00e9m disso, as viagens a\u00e9reas ca\u00edram 13%.<\/p>\n<\/div>\n<div class=\"bbc-1n4f7vm ebmt73l0\" dir=\"ltr\">\n<section class=\"bbc-1saxq9t etbfg571\" role=\"region\" data-e2e=\"recommendations-heading\" aria-labelledby=\"recommendations-heading\">\n<div class=\"bbc-bjn8wh eveec6k2\"><\/div>\n<\/section>\n<\/div>\n","protected":false},"excerpt":{"rendered":"<p>Muitos canadenses est\u00e3o irados com Trump. Primeiro, houve amea\u00e7as de que o\u00a0Canad\u00e1\u00a0se tornaria\u00a0o 51\u00ba Estado dos EUA. Depois veio o an\u00fancio de que ele\u00a0imporia tarifas sobre produtos canadenses. E mais recentemente, a not\u00edcia de que uma mulher canadense foi detida por duas semanas nos EUA e submetida a &#8220;tratamento desumano&#8221; pelo ICE (Servi\u00e7o de Imigra\u00e7\u00e3o [&hellip;]<\/p>\n","protected":false},"author":2,"featured_media":17569,"comment_status":"open","ping_status":"open","sticky":false,"template":"","format":"standard","meta":{"_jetpack_memberships_contains_paid_content":false,"_joinchat":[],"footnotes":""},"categories":[51,54,57,60,63],"tags":[10477],"featured_image_src":{"landsacpe":["https:\/\/revistaempresarios.net\/web\/wp-content\/uploads\/2025\/04\/Acoes-e-declaracoes-de-Trump-provocaram-a-ira-de-alguns-canadenses-800x445.webp",800,445,true],"list":["https:\/\/revistaempresarios.net\/web\/wp-content\/uploads\/2025\/04\/Acoes-e-declaracoes-de-Trump-provocaram-a-ira-de-alguns-canadenses-463x348.webp",463,348,true],"medium":["https:\/\/revistaempresarios.net\/web\/wp-content\/uploads\/2025\/04\/Acoes-e-declaracoes-de-Trump-provocaram-a-ira-de-alguns-canadenses-300x168.webp",300,168,true],"full":["https:\/\/revistaempresarios.net\/web\/wp-content\/uploads\/2025\/04\/Acoes-e-declaracoes-de-Trump-provocaram-a-ira-de-alguns-canadenses.webp",800,449,false]},"jetpack_sharing_enabled":true,"jetpack_featured_media_url":"https:\/\/revistaempresarios.net\/web\/wp-content\/uploads\/2025\/04\/Acoes-e-declaracoes-de-Trump-provocaram-a-ira-de-alguns-canadenses.webp","jetpack-related-posts":[],"_links":{"self":[{"href":"https:\/\/revistaempresarios.net\/web\/wp-json\/wp\/v2\/posts\/17568"}],"collection":[{"href":"https:\/\/revistaempresarios.net\/web\/wp-json\/wp\/v2\/posts"}],"about":[{"href":"https:\/\/revistaempresarios.net\/web\/wp-json\/wp\/v2\/types\/post"}],"author":[{"embeddable":true,"href":"https:\/\/revistaempresarios.net\/web\/wp-json\/wp\/v2\/users\/2"}],"replies":[{"embeddable":true,"href":"https:\/\/revistaempresarios.net\/web\/wp-json\/wp\/v2\/comments?post=17568"}],"version-history":[{"count":1,"href":"https:\/\/revistaempresarios.net\/web\/wp-json\/wp\/v2\/posts\/17568\/revisions"}],"predecessor-version":[{"id":17570,"href":"https:\/\/revistaempresarios.net\/web\/wp-json\/wp\/v2\/posts\/17568\/revisions\/17570"}],"wp:featuredmedia":[{"embeddable":true,"href":"https:\/\/revistaempresarios.net\/web\/wp-json\/wp\/v2\/media\/17569"}],"wp:attachment":[{"href":"https:\/\/revistaempresarios.net\/web\/wp-json\/wp\/v2\/media?parent=17568"}],"wp:term":[{"taxonomy":"category","embeddable":true,"href":"https:\/\/revistaempresarios.net\/web\/wp-json\/wp\/v2\/categories?post=17568"},{"taxonomy":"post_tag","embeddable":true,"href":"https:\/\/revistaempresarios.net\/web\/wp-json\/wp\/v2\/tags?post=17568"}],"curies":[{"name":"wp","href":"https:\/\/api.w.org\/{rel}","templated":true}]}}