{"id":17513,"date":"2025-04-02T22:27:05","date_gmt":"2025-04-03T01:27:05","guid":{"rendered":"https:\/\/revistaempresarios.net\/web\/?p=17513"},"modified":"2025-04-02T22:27:05","modified_gmt":"2025-04-03T01:27:05","slug":"intermodal-south-america-2025-atrai-20-de-novas-marcas-expositoras","status":"publish","type":"post","link":"https:\/\/revistaempresarios.net\/web\/2025\/04\/02\/intermodal-south-america-2025-atrai-20-de-novas-marcas-expositoras\/","title":{"rendered":"Intermodal South America 2025 atrai 20% de novas marcas expositoras"},"content":{"rendered":"<div class=\"text col component col-lg-12 col-12 aem-GridColumn col-md-12 aem-GridColumn--default--12 col-xl-12 col-sm-12\">\n<div class=\"cmp-text animated delay- out-view\" data-visible=\"false\">\n<p><strong><em>Empresas como Braspress, Samsung, Toyota, entre v\u00e1rias outras, estreiam no maior da Am\u00e9rica Latina nos setores de log\u00edstica, intralog\u00edstica, transporte de carga, inova\u00e7\u00e3o, tecnologia e com\u00e9rcio exterior.<\/em><\/strong><\/p>\n<\/div>\n<\/div>\n<div class=\"image col component col-lg-12 col-12 aem-GridColumn col-md-12 aem-GridColumn--default--12 col-xl-12 col-sm-12\">\n<div class=\"row cmp-responsivegrid__row informa-row\">\n<div class=\"responsivegrid offset-xl-0 col col-lg-12 authorable-area content content-center aem-GridColumn--offset--default--0 col-sm-12 content col-12 offset-lg-0 content-center aem-GridColumn--default--newline aem-GridColumn col-md-12 authorable-area aem-GridColumn--default--12 col-xl-12\">\n<div class=\"cmp-responsivegrid animated delay- quickclass_1738861578 aem-Grid aem-Grid--12 aem-Grid--default--12 out-view\" data-visible=\"false\">\n<div class=\"row cmp-responsivegrid__row informa-row\">\n<div class=\"responsivegrid container-fluid container-override offset-xl-0 col col-lg-12 col-sm-12 aem-GridColumn--offset--default--0 component col-12 offset-lg-0 aem-GridColumn aem-GridColumn--default--newline col-md-12 aem-GridColumn--default--12 col-xl-12\">\n<div class=\"cmp-responsivegrid none animated delay-none quickclass_1606247738 border-none aem-Grid aem-Grid--12 aem-Grid--default--12 out-view\" data-visible=\"false\">\n<div class=\"row cmp-responsivegrid__row informa-row  \">\n<div class=\"responsivegrid col component col-lg-12 col-12 aem-GridColumn col-md-12 aem-GridColumn--default--12 col-xl-12 col-sm-12\">\n<div class=\"cmp-responsivegrid animated delay- quickclass_1038478289 aem-Grid aem-Grid--12 aem-Grid--default--12 out-view\" data-visible=\"false\">\n<div class=\"row cmp-responsivegrid__row informa-row  \">\n<div class=\"text col col-lg-12 col-12 aem-GridColumn col-md-12 aem-GridColumn--default--12 col-xl-12 col-sm-12 component component--spacing-top--1x\">\n<div class=\"cmp-text animated delay- in-view\" data-visible=\"true\">\n<p>A Intermodal South America 2025 promete ser uma edi\u00e7\u00e3o hist\u00f3rica. A previs\u00e3o \u00e9 un\u00e2nime entre as empresas que participam pela primeira vez do evento, considerado o maior encontro de neg\u00f3cios, networking e conhecimento da Am\u00e9rica Latina. Com mais de 550 marcas expositoras j\u00e1 confirmadas, o evento se mant\u00e9m como refer\u00eancia nos setores de log\u00edstica, transporte de cargas e com\u00e9rcio exterior. A feira acontece de 22 a 24 de abril de 2025, no Distrito Anhembi, em S\u00e3o Paulo.<\/p>\n<p>Do total de mais de 550 marcas expositoras, 20% representam empresas que participam pela primeira vez. Entre elas, est\u00e3o organiza\u00e7\u00f5es de todos os modais de transporte de carga, al\u00e9m de companhias especializadas em intralog\u00edstica, um dos segmentos do evento que tem crescido significativamente ano ap\u00f3s ano.<\/p>\n<p>\u201cA procura do mercado por participar do evento vem superando as expectativas de todos, e nosso desafio \u00e9 acomodar todas as empresas na edi\u00e7\u00e3o de 2025. Isso refor\u00e7a a atratividade da Intermodal South America como uma plataforma estrat\u00e9gica para networking, lan\u00e7amentos e parcerias comerciais. A edi\u00e7\u00e3o de 2025 tamb\u00e9m reflete as tend\u00eancias mais recentes em inova\u00e7\u00e3o e sustentabilidade, abordando desafios cr\u00edticos para o setor, como a digitaliza\u00e7\u00e3o dos processos log\u00edsticos e as metas de descarboniza\u00e7\u00e3o\u201d, afirma\u00a0<strong>Fernando D\u2019\u00c1scola, business manager da Intermodal South America<\/strong>.<\/p>\n<p>Entre as empresas estreantes no evento est\u00e3o Baterias Moura, Braspress, EP Equipment, Eternity Group Brasil,\u00a0 Grupo Krueger, Hong FA Shipping, JBS Terminais, PIL, Prometeon, Tyre Group, Samsung SDS, Toyota Empilhadeiras, Zurich Airport Brasil\/Floripa Airport, entre outras. Al\u00e9m disso, empresas renomadas que marcaram presen\u00e7a em edi\u00e7\u00f5es anteriores retornam com expectativas renovadas em rela\u00e7\u00e3o ao potencial de neg\u00f3cios que o evento oferece, como Allink\/WWA, Blu Logistics, Fedex, JAS, Nautika Coberturas, Paletrans, T\u00f3pico, Transui\u00e7a, entre outras.<\/p>\n<p><strong>Demanda aquecida<\/strong><\/p>\n<p>O evento reflete a for\u00e7a do ecossistema de transporte de carga. Segundo o Observat\u00f3rio Nacional de Transporte e Log\u00edstica da Infra S.A., divulgado em agosto, todos os principais modais de transporte de carga no pa\u00eds registraram alta na movimenta\u00e7\u00e3o durante o primeiro semestre de 2024, impulsionando a demanda por servi\u00e7os e solu\u00e7\u00f5es em toda a cadeia log\u00edstica.<\/p>\n<p>Rodovias, ferrovias, portos e aeroportos apresentaram crescimento em rela\u00e7\u00e3o ao mesmo per\u00edodo do ano passado. Os resultados demonstram ainda a recupera\u00e7\u00e3o do setor a\u00e9reo de cargas, que havia registrado queda no primeiro semestre de 2023, mas j\u00e1 apresenta alta de 8,2% no acumulado deste ano.<\/p>\n<p>Outro dado relevante \u00e9 o aumento expressivo de investimentos p\u00fablicos no setor de transportes, especialmente no modal rodovi\u00e1rio. Cerca de R$ 6,5 bilh\u00f5es foram investidos na matriz de transportes brasileira, o que representa um aumento de 26% em rela\u00e7\u00e3o ao mesmo per\u00edodo do ano anterior.<\/p>\n<\/div>\n<\/div>\n<div class=\"separator col col-lg-12 col-12 aem-GridColumn col-md-12 aem-GridColumn--default--12 component component--spacing-top--1x component--spacing-bottom--1x col-xl-12 col-sm-12\">\n<div class=\"cmp-separator animated delay- out-view\" data-visible=\"false\">\n<hr class=\"cmp-separator__horizontal-rule\" \/>\n<\/div>\n<\/div>\n<div class=\"text col col-lg-12 col-12 aem-GridColumn col-md-12 aem-GridColumn--default--12 component component--spacing-top--1x component--spacing-bottom--2x col-xl-12 col-sm-12\">\n<div class=\"cmp-text none animated delay-none in-view\" data-animating-number-speed=\"500\" data-visible=\"true\">\n<p><strong>Sobre a Intermodal\u00a0<\/strong>&#8211;\u00a0A Intermodal, hoje, se transformou em uma plataforma de neg\u00f3cios completa para o setor de log\u00edstica, transporte de cargas e com\u00e9rcio exterior, gerando neg\u00f3cios, relacionamentos e entregando conte\u00fados de qualidade em todos os ambientes: digital e f\u00edsico, sinergicamente. Atualmente, possui uma base de dados qualificada, com mais de 150 mil contatos de profissionais do setor e diversos canais, como plataforma digital, website, redes sociais e uma plataforma de conte\u00fados exclusivos, com os quais consegue promover marcas, lan\u00e7ar produtos, gerar leads e realizar a\u00e7\u00f5es personalizadas para obten\u00e7\u00e3o de um melhor retorno dos investimentos, com mais foco e assertividade.<\/p>\n<p><strong>Sobre a Informa Markets<\/strong>\u00a0&#8211;\u00a0A Informa Markets cria plataformas para ind\u00fastrias e mercados especializados em fazer neg\u00f3cios, inovar e crescer. Seu portf\u00f3lio global \u00e9 composto por mais de 550 eventos e marcas internacionais, sendo mais de 30 no Brasil, em mercados como Sa\u00fade e Nutri\u00e7\u00e3o, Infraestrutura, Constru\u00e7\u00e3o, Alimentos e Bebidas, Agroneg\u00f3cio, Tecnologia e Telecom, Metal Mec\u00e2nico, entre outros. Oferecendo aos clientes e parceiros em todo o mundo oportunidades de networking, de viver experi\u00eancias e de fazer neg\u00f3cios por meio de feiras e eventos h\u00edbridos, conte\u00fado digital especializado e solu\u00e7\u00f5es de intelig\u00eancia de mercado, construindo uma jornada de relacionamento e neg\u00f3cios entre empresas e mercados 365 dias por ano. Para mais informa\u00e7\u00f5es, visite o site da Informa ou entre em contato pelo e-mail\u00a0<a href=\"https:\/\/www.intermodal.com.br\/pt\/assessoria-de-imprensa-intermodal\/releases-2025\/institucional@informa.com\" target=\"_blank\" rel=\"noopener\"><u>institucional@informa.com<\/u><\/a>.<\/p>\n<\/div>\n<\/div>\n<\/div>\n<\/div>\n<\/div>\n<\/div>\n<\/div>\n<\/div>\n<\/div>\n<\/div>\n<\/div>\n<\/div>\n<div class=\"row cmp-responsivegrid__row informa-row\"><\/div>\n<\/div>\n<div><\/div>\n","protected":false},"excerpt":{"rendered":"<p>Empresas como Braspress, Samsung, Toyota, entre v\u00e1rias outras, estreiam no maior da Am\u00e9rica Latina nos setores de log\u00edstica, intralog\u00edstica, transporte de carga, inova\u00e7\u00e3o, tecnologia e com\u00e9rcio exterior. A Intermodal South America 2025 promete ser uma edi\u00e7\u00e3o hist\u00f3rica. A previs\u00e3o \u00e9 un\u00e2nime entre as empresas que participam pela primeira vez do evento, considerado o maior encontro [&hellip;]<\/p>\n","protected":false},"author":2,"featured_media":17514,"comment_status":"open","ping_status":"open","sticky":false,"template":"","format":"standard","meta":{"_jetpack_memberships_contains_paid_content":false,"_joinchat":[],"footnotes":""},"categories":[51,54,56,57,58,60],"tags":[10453],"featured_image_src":{"landsacpe":["https:\/\/revistaempresarios.net\/web\/wp-content\/uploads\/2025\/04\/Intermodal-2025-deve-superar-os-recordes-de-2024-768x399-1.jpg",768,399,false],"list":["https:\/\/revistaempresarios.net\/web\/wp-content\/uploads\/2025\/04\/Intermodal-2025-deve-superar-os-recordes-de-2024-768x399-1-463x348.jpg",463,348,true],"medium":["https:\/\/revistaempresarios.net\/web\/wp-content\/uploads\/2025\/04\/Intermodal-2025-deve-superar-os-recordes-de-2024-768x399-1-300x156.jpg",300,156,true],"full":["https:\/\/revistaempresarios.net\/web\/wp-content\/uploads\/2025\/04\/Intermodal-2025-deve-superar-os-recordes-de-2024-768x399-1.jpg",768,399,false]},"jetpack_sharing_enabled":true,"jetpack_featured_media_url":"https:\/\/revistaempresarios.net\/web\/wp-content\/uploads\/2025\/04\/Intermodal-2025-deve-superar-os-recordes-de-2024-768x399-1.jpg","jetpack-related-posts":[],"_links":{"self":[{"href":"https:\/\/revistaempresarios.net\/web\/wp-json\/wp\/v2\/posts\/17513"}],"collection":[{"href":"https:\/\/revistaempresarios.net\/web\/wp-json\/wp\/v2\/posts"}],"about":[{"href":"https:\/\/revistaempresarios.net\/web\/wp-json\/wp\/v2\/types\/post"}],"author":[{"embeddable":true,"href":"https:\/\/revistaempresarios.net\/web\/wp-json\/wp\/v2\/users\/2"}],"replies":[{"embeddable":true,"href":"https:\/\/revistaempresarios.net\/web\/wp-json\/wp\/v2\/comments?post=17513"}],"version-history":[{"count":1,"href":"https:\/\/revistaempresarios.net\/web\/wp-json\/wp\/v2\/posts\/17513\/revisions"}],"predecessor-version":[{"id":17515,"href":"https:\/\/revistaempresarios.net\/web\/wp-json\/wp\/v2\/posts\/17513\/revisions\/17515"}],"wp:featuredmedia":[{"embeddable":true,"href":"https:\/\/revistaempresarios.net\/web\/wp-json\/wp\/v2\/media\/17514"}],"wp:attachment":[{"href":"https:\/\/revistaempresarios.net\/web\/wp-json\/wp\/v2\/media?parent=17513"}],"wp:term":[{"taxonomy":"category","embeddable":true,"href":"https:\/\/revistaempresarios.net\/web\/wp-json\/wp\/v2\/categories?post=17513"},{"taxonomy":"post_tag","embeddable":true,"href":"https:\/\/revistaempresarios.net\/web\/wp-json\/wp\/v2\/tags?post=17513"}],"curies":[{"name":"wp","href":"https:\/\/api.w.org\/{rel}","templated":true}]}}