{"id":17498,"date":"2025-04-02T21:54:14","date_gmt":"2025-04-03T00:54:14","guid":{"rendered":"https:\/\/revistaempresarios.net\/web\/?p=17498"},"modified":"2025-04-02T21:54:14","modified_gmt":"2025-04-03T00:54:14","slug":"impulsionada-pela-alta-nas-exportacoes-e-pelo-mercado-interno-aquecido-producao-foi-a-maior-para-o-mes-de-fevereiro-desde-2019","status":"publish","type":"post","link":"https:\/\/revistaempresarios.net\/web\/2025\/04\/02\/impulsionada-pela-alta-nas-exportacoes-e-pelo-mercado-interno-aquecido-producao-foi-a-maior-para-o-mes-de-fevereiro-desde-2019\/","title":{"rendered":"Impulsionada pela alta nas exporta\u00e7\u00f5es e pelo mercado interno aquecido, produ\u00e7\u00e3o foi a maior para o m\u00eas de fevereiro desde 2019"},"content":{"rendered":"<div class=\"conteudo-noticia\">\n<p>A produ\u00e7\u00e3o de ve\u00edculos no m\u00eas de fevereiro ultrapassou as 217 mil unidades. Esse valor \u00e9 o maior registrado no Brasil para meses de fevereiro desde 2019, segundo dados da Anfavea, Associa\u00e7\u00e3o Nacional dos Fabricantes de Ve\u00edculos Automotores, divulgados nesta sexta-feira (14).<img decoding=\"async\" src=\"https:\/\/agenciabrasil.ebc.com.br\/ebc.png?id=1634690&amp;o=node\" \/><img decoding=\"async\" src=\"https:\/\/agenciabrasil.ebc.com.br\/ebc.gif?id=1634690&amp;o=node\" \/><\/p>\n<p>Com isso, a produ\u00e7\u00e3o acumulada do primeiro bimestre chegou a mais de 392 mil unidades, alta de quase 15% na compara\u00e7\u00e3o com o mesmo per\u00edodo do ano passado. Segundo a Anfavea, esse \u00e9 o melhor resultado para o bimestre desde 2021.<\/p>\n<p>Boa parte desse resultado se deve ao aumento das exporta\u00e7\u00f5es. Mais de 76 mil unidades deixaram o Brasil neste ano, 55% a mais do que nos dois primeiros meses do ano passado, sendo 62% desse montante para a Argentina, de acordo com a Anfavea. Al\u00e9m do nosso vizinho, outros principais importadores dos nossos ve\u00edculos foram Col\u00f4mbia, Uruguai e Chile.<\/p>\n<p>O diretor-presidente da Anfavea, M\u00e1rcio Leite, comenta os n\u00fameros:<\/p>\n<blockquote><p>\u201cProdu\u00e7\u00e3o, um dado muito importante. N\u00f3s tivemos um crescimento de praticamente 15% no per\u00edodo, muito puxado pelo mercado interno, naturalmente, mas tamb\u00e9m as exporta\u00e7\u00f5es\u201d.<\/p><\/blockquote>\n<p>No primeiro bimestre deste ano, as vendas tamb\u00e9m aumentaram, com destaque para os \u00f4nibus, que tiveram alta de 50% por conta dos segmentos escolar e urbano.<\/p>\n<p>Dados de emprego tamb\u00e9m foram destacados. Em fevereiro, o setor empregou 108 mil pessoas no pa\u00eds \u2013 dez mil trabalhadores a mais do que em fevereiro de 2024.<\/p>\n<\/div>\n<div class=\"footer-noticia\">\n<div class=\"editor rowflex\"><\/div>\n<\/div>\n","protected":false},"excerpt":{"rendered":"<p>A produ\u00e7\u00e3o de ve\u00edculos no m\u00eas de fevereiro ultrapassou as 217 mil unidades. Esse valor \u00e9 o maior registrado no Brasil para meses de fevereiro desde 2019, segundo dados da Anfavea, Associa\u00e7\u00e3o Nacional dos Fabricantes de Ve\u00edculos Automotores, divulgados nesta sexta-feira (14). Com isso, a produ\u00e7\u00e3o acumulada do primeiro bimestre chegou a mais de 392 [&hellip;]<\/p>\n","protected":false},"author":2,"featured_media":17499,"comment_status":"open","ping_status":"open","sticky":false,"template":"","format":"standard","meta":{"_jetpack_memberships_contains_paid_content":false,"footnotes":""},"categories":[52,54,56,57,60],"tags":[10448,10449],"featured_image_src":{"landsacpe":["https:\/\/revistaempresarios.net\/web\/wp-content\/uploads\/2025\/04\/2021-03-04t135348z_1505485745_rc2d4m9zy70p_rtrmadp_3_general-motors-electric-1140x445.webp",1140,445,true],"list":["https:\/\/revistaempresarios.net\/web\/wp-content\/uploads\/2025\/04\/2021-03-04t135348z_1505485745_rc2d4m9zy70p_rtrmadp_3_general-motors-electric-463x348.webp",463,348,true],"medium":["https:\/\/revistaempresarios.net\/web\/wp-content\/uploads\/2025\/04\/2021-03-04t135348z_1505485745_rc2d4m9zy70p_rtrmadp_3_general-motors-electric-300x179.webp",300,179,true],"full":["https:\/\/revistaempresarios.net\/web\/wp-content\/uploads\/2025\/04\/2021-03-04t135348z_1505485745_rc2d4m9zy70p_rtrmadp_3_general-motors-electric.webp",1170,700,false]},"jetpack_sharing_enabled":true,"jetpack_featured_media_url":"https:\/\/revistaempresarios.net\/web\/wp-content\/uploads\/2025\/04\/2021-03-04t135348z_1505485745_rc2d4m9zy70p_rtrmadp_3_general-motors-electric.webp","jetpack-related-posts":[],"_links":{"self":[{"href":"https:\/\/revistaempresarios.net\/web\/wp-json\/wp\/v2\/posts\/17498"}],"collection":[{"href":"https:\/\/revistaempresarios.net\/web\/wp-json\/wp\/v2\/posts"}],"about":[{"href":"https:\/\/revistaempresarios.net\/web\/wp-json\/wp\/v2\/types\/post"}],"author":[{"embeddable":true,"href":"https:\/\/revistaempresarios.net\/web\/wp-json\/wp\/v2\/users\/2"}],"replies":[{"embeddable":true,"href":"https:\/\/revistaempresarios.net\/web\/wp-json\/wp\/v2\/comments?post=17498"}],"version-history":[{"count":1,"href":"https:\/\/revistaempresarios.net\/web\/wp-json\/wp\/v2\/posts\/17498\/revisions"}],"predecessor-version":[{"id":17500,"href":"https:\/\/revistaempresarios.net\/web\/wp-json\/wp\/v2\/posts\/17498\/revisions\/17500"}],"wp:featuredmedia":[{"embeddable":true,"href":"https:\/\/revistaempresarios.net\/web\/wp-json\/wp\/v2\/media\/17499"}],"wp:attachment":[{"href":"https:\/\/revistaempresarios.net\/web\/wp-json\/wp\/v2\/media?parent=17498"}],"wp:term":[{"taxonomy":"category","embeddable":true,"href":"https:\/\/revistaempresarios.net\/web\/wp-json\/wp\/v2\/categories?post=17498"},{"taxonomy":"post_tag","embeddable":true,"href":"https:\/\/revistaempresarios.net\/web\/wp-json\/wp\/v2\/tags?post=17498"}],"curies":[{"name":"wp","href":"https:\/\/api.w.org\/{rel}","templated":true}]}}