{"id":17480,"date":"2025-04-02T17:46:33","date_gmt":"2025-04-02T20:46:33","guid":{"rendered":"https:\/\/revistaempresarios.net\/web\/?p=17480"},"modified":"2025-04-02T17:46:33","modified_gmt":"2025-04-02T20:46:33","slug":"galeao-rj-bate-recorde-de-turistas-internacionais-com-mais-de-473-mil-desembarques","status":"publish","type":"post","link":"https:\/\/revistaempresarios.net\/web\/2025\/04\/02\/galeao-rj-bate-recorde-de-turistas-internacionais-com-mais-de-473-mil-desembarques\/","title":{"rendered":"Gale\u00e3o (RJ) bate recorde de turistas internacionais, com mais de 473 mil desembarques"},"content":{"rendered":"<p class=\"resumo-noticia-conteudo\">Este \u00e9 o maior volume registrado para os dois primeiros meses do ano desde 1977. Pa\u00eds tamb\u00e9m registrou n\u00fameros recordes de turistas estrangeiros no primeiro bimestre<\/p>\n<footer class=\"title\">\n<nav class=\"compartilhar-btns\"><\/nav>\n<\/footer>\n<div class=\"assinatura-e-data\"><\/div>\n<div class=\"foto-com-creditos\"><img loading=\"lazy\" decoding=\"async\" title=\"Gale\u00e3o (RJ) bate recorde de turistas internacionais, com mais de 473 mil desembarques\" src=\"https:\/\/agenciagov.ebc.com.br\/noticias\/202504\/aeroporto-do-galeao-rj-bate-recorde-de-turistas-internacionais-com-mais-de-473-mil-desembarques\/@@images\/2b0be8a1-120c-4966-8145-b13473aae39e.jpeg\" alt=\"Gale\u00e3o (RJ) bate recorde de turistas internacionais, com mais de 473 mil desembarques\" width=\"768\" height=\"512\" \/><\/p>\n<div class=\"legenda-foto\"><\/div>\n<\/div>\n<div class=\"texto-conteudo\">\n<p>Mais de 473 mil turistas internacionais desembarcaram no Aeroporto do Gale\u00e3o, no Rio de Janeiro (RJ), nos dois primeiros meses de 2025. Esse \u00e9 o maior volume de estrangeiros para o per\u00edodo desde 1977. O aeroporto tem recebido novos voos desde 2023, ap\u00f3s um processo de reestrutura\u00e7\u00e3o da malha a\u00e9rea que atende a capital fluminense.<\/p>\n<p>De acordo com a concession\u00e1ria RIOGale\u00e3o, o levantamento n\u00e3o inclui totalmente os n\u00fameros da \u00e9poca do Carnaval, no in\u00edcio de mar\u00e7o. O trabalho de reestrutura\u00e7\u00e3o incluiu a redistribui\u00e7\u00e3o da quantidade de viagens operadas no Aeroporto Santos Dumont, tamb\u00e9m situado na capital fluminense, e contou com a participa\u00e7\u00e3o do Minist\u00e9rio do Turismo (MTur), da Prefeitura Municipal do Rio, e outros \u00f3rg\u00e3os do Governo Federal.<\/p>\n<p>O ministro Celso Sabino (Turismo), destacou os benef\u00edcios da uni\u00e3o de esfor\u00e7os na \u00e1rea. \u201cOs dados mostram, mais uma vez, o quanto \u00e9 efetivo o amplo di\u00e1logo entre as diferentes esferas do poder p\u00fablico. O Gale\u00e3o reafirma a sua condi\u00e7\u00e3o de grande porta de entrada de turistas internacionais no Brasil e contribui para o alcance de resultados in\u00e9ditos no setor\u201d, enfatizou.<\/p>\n<p><strong>NACIONAL <\/strong>\u2014 Os n\u00fameros de turistas estrangeiros tamb\u00e9m bateu recorde a n\u00edvel nacional. No primeiro bimestre de 2025, o Brasil contabilizou a maior entrada de turistas internacionais da hist\u00f3ria, com 2,81 milh\u00f5es de chegadas de pessoas de outros pa\u00edses aos destinos nacionais. O n\u00famero representa um crescimento de 57% comparado ao mesmo per\u00edodo de 2024, de acordo com dados do MTur, Embratur e Pol\u00edcia Federal.<\/p>\n<p><strong>A\u00c7\u00d5ES\u00a0<\/strong>\u2014 O Minist\u00e9rio do Turismo desenvolve v\u00e1rias a\u00e7\u00f5es no sentido de incrementar a conectividade a\u00e9rea do Brasil junto a outros pa\u00edses. Uma delas \u00e9 o Programa de Acelera\u00e7\u00e3o do Turismo Internacional (PATI), iniciativa em parceria com o Minist\u00e9rio de Portos e Aeroportos e a Embratur. No primeiro edital do PATI, no ano passado, houve um investimento de R$3,3 milh\u00f5es e a capta\u00e7\u00e3o de mais de 70 mil assentos em voos estrangeiros rumo ao Brasil.<\/p>\n<p><strong>CAMPANHAS\u00a0<\/strong>\u2014 O MTur tamb\u00e9m tem firmado protocolos de inten\u00e7\u00f5es com empresas a\u00e9reas nacionais, no \u00e2mbito do Programa \u201cConhe\u00e7a o Brasil: Voando\u201d, para ampliar a oferta de \u201cstopover\u201d. A modalidade permite visitar uma cidade intermedi\u00e1ria antes de chegar ao destino final, utilizando a mesma passagem. A coopera\u00e7\u00e3o envolve, ainda, campanhas conjuntas de marketing para promover destinos brasileiros e a plotagem de aeronaves com imagens de destinos locais, entre outras a\u00e7\u00f5es.<\/p>\n<p><strong>VISIBILIDADE\u00a0<\/strong>\u2014 A estrat\u00e9gia do Governo Federal de ampliar a visibilidade do Brasil no cen\u00e1rio tur\u00edstico global ganhou um novo refor\u00e7o no m\u00eas de mar\u00e7o, com o in\u00edcio das atividades do Escrit\u00f3rio da ONU Turismo no Rio de Janeiro (RJ). Fruto da articula\u00e7\u00e3o do MTur, a unidade \u00e9 a primeira representa\u00e7\u00e3o da entidade nas Am\u00e9ricas e no Caribe e ser\u00e1 essencial para atrair visitantes, eventos e investimentos \u00e0 regi\u00e3o.<\/p>\n<\/div>\n","protected":false},"excerpt":{"rendered":"<p>Este \u00e9 o maior volume registrado para os dois primeiros meses do ano desde 1977. Pa\u00eds tamb\u00e9m registrou n\u00fameros recordes de turistas estrangeiros no primeiro bimestre Mais de 473 mil turistas internacionais desembarcaram no Aeroporto do Gale\u00e3o, no Rio de Janeiro (RJ), nos dois primeiros meses de 2025. Esse \u00e9 o maior volume de estrangeiros [&hellip;]<\/p>\n","protected":false},"author":2,"featured_media":17481,"comment_status":"open","ping_status":"open","sticky":false,"template":"","format":"standard","meta":{"_jetpack_memberships_contains_paid_content":false,"_joinchat":[],"footnotes":""},"categories":[51,54,56,60,63],"tags":[10444,10443],"featured_image_src":{"landsacpe":["https:\/\/revistaempresarios.net\/web\/wp-content\/uploads\/2025\/04\/2b0be8a1-120c-4966-8145-b13473aae39e-768x445.jpeg",768,445,true],"list":["https:\/\/revistaempresarios.net\/web\/wp-content\/uploads\/2025\/04\/2b0be8a1-120c-4966-8145-b13473aae39e-463x348.jpeg",463,348,true],"medium":["https:\/\/revistaempresarios.net\/web\/wp-content\/uploads\/2025\/04\/2b0be8a1-120c-4966-8145-b13473aae39e-300x200.jpeg",300,200,true],"full":["https:\/\/revistaempresarios.net\/web\/wp-content\/uploads\/2025\/04\/2b0be8a1-120c-4966-8145-b13473aae39e.jpeg",768,512,false]},"jetpack_sharing_enabled":true,"jetpack_featured_media_url":"https:\/\/revistaempresarios.net\/web\/wp-content\/uploads\/2025\/04\/2b0be8a1-120c-4966-8145-b13473aae39e.jpeg","jetpack-related-posts":[],"_links":{"self":[{"href":"https:\/\/revistaempresarios.net\/web\/wp-json\/wp\/v2\/posts\/17480"}],"collection":[{"href":"https:\/\/revistaempresarios.net\/web\/wp-json\/wp\/v2\/posts"}],"about":[{"href":"https:\/\/revistaempresarios.net\/web\/wp-json\/wp\/v2\/types\/post"}],"author":[{"embeddable":true,"href":"https:\/\/revistaempresarios.net\/web\/wp-json\/wp\/v2\/users\/2"}],"replies":[{"embeddable":true,"href":"https:\/\/revistaempresarios.net\/web\/wp-json\/wp\/v2\/comments?post=17480"}],"version-history":[{"count":1,"href":"https:\/\/revistaempresarios.net\/web\/wp-json\/wp\/v2\/posts\/17480\/revisions"}],"predecessor-version":[{"id":17482,"href":"https:\/\/revistaempresarios.net\/web\/wp-json\/wp\/v2\/posts\/17480\/revisions\/17482"}],"wp:featuredmedia":[{"embeddable":true,"href":"https:\/\/revistaempresarios.net\/web\/wp-json\/wp\/v2\/media\/17481"}],"wp:attachment":[{"href":"https:\/\/revistaempresarios.net\/web\/wp-json\/wp\/v2\/media?parent=17480"}],"wp:term":[{"taxonomy":"category","embeddable":true,"href":"https:\/\/revistaempresarios.net\/web\/wp-json\/wp\/v2\/categories?post=17480"},{"taxonomy":"post_tag","embeddable":true,"href":"https:\/\/revistaempresarios.net\/web\/wp-json\/wp\/v2\/tags?post=17480"}],"curies":[{"name":"wp","href":"https:\/\/api.w.org\/{rel}","templated":true}]}}