{"id":17458,"date":"2025-04-02T17:13:23","date_gmt":"2025-04-02T20:13:23","guid":{"rendered":"https:\/\/revistaempresarios.net\/web\/?p=17458"},"modified":"2025-04-02T17:13:23","modified_gmt":"2025-04-02T20:13:23","slug":"diego-azevedo-e-o-novo-vice-presidente-comercial-da-ezze","status":"publish","type":"post","link":"https:\/\/revistaempresarios.net\/web\/2025\/04\/02\/diego-azevedo-e-o-novo-vice-presidente-comercial-da-ezze\/","title":{"rendered":"Diego Azevedo \u00e9 o novo vice-presidente Comercial da EZZE"},"content":{"rendered":"<div class=\"itemBody\">\n<div class=\"itemIntroText\">\n<p>A EZZE Seguros passa a contar com a atua\u00e7\u00e3o de Diego Azevedo como vice-presidente Comercial. No novo cargo, o executivo assume o desafio de manter o forte crescimento registrado pela companhia, al\u00e9m de se dedicar \u00e0 consolida\u00e7\u00e3o dos diferentes canais de relacionamento e ao lan\u00e7amento de novos produtos que ajudem o corretor a servir seus clientes.<\/p>\n<\/div>\n<div class=\"itemFullText\">\n<p>\u201cQueremos estreitar o relacionamento com os principais parceiros e aproveitar todo potencial que o amplo portf\u00f3lio de produtos da EZZE permite. Assim, estaremos mais pr\u00f3ximos dos corretores que enxergam na EZZE um parceiro completo\u201d, diz Diego Azevedo.<\/p>\n<p>Segundo ele, neste novo momento o foco estar\u00e1 na qualidade de atendimento, com forte investimento na digitaliza\u00e7\u00e3o da empresa, mas sem deixar de lado o relacionamento direto com os parceiros. \u201cEstamos focados em melhorar a experi\u00eancia dos nossos clientes. Somos parte de um seleto grupo no mercado de seguros com alta reputa\u00e7\u00e3o no Reclame Aqui. Isso \u00e9 resultado de foco e muito trabalho. Almejamos ser uma seguradora f\u00e1cil para o corretor. \u00c9 o que procuramos diariamente\u201d, ressalta.<\/p>\n<p>Diego Azevedo iniciou sua trajet\u00f3ria na EZZE em 2019 como respons\u00e1vel pelo segmento de Massificados e liderou a \u00e1rea de Autom\u00f3vel e Personal Lines. Com 25 anos no mercado de seguros, o executivo atuou em renomadas empresas como Unibanco-AIG, Zurich e Uber.<\/p>\n<\/div>\n<\/div>\n<div class=\"e-mailit_toolbox circular  size48\">\n<div class=\"e-mailit_btn_EMAILiT\"><\/div>\n<\/div>\n","protected":false},"excerpt":{"rendered":"<p>A EZZE Seguros passa a contar com a atua\u00e7\u00e3o de Diego Azevedo como vice-presidente Comercial. No novo cargo, o executivo assume o desafio de manter o forte crescimento registrado pela companhia, al\u00e9m de se dedicar \u00e0 consolida\u00e7\u00e3o dos diferentes canais de relacionamento e ao lan\u00e7amento de novos produtos que ajudem o corretor a servir seus [&hellip;]<\/p>\n","protected":false},"author":2,"featured_media":17459,"comment_status":"open","ping_status":"open","sticky":false,"template":"","format":"standard","meta":{"_jetpack_memberships_contains_paid_content":false,"footnotes":""},"categories":[51,56,57,60],"tags":[10427],"featured_image_src":{"landsacpe":["https:\/\/revistaempresarios.net\/web\/wp-content\/uploads\/2025\/04\/79ad13f1bd684361a97320dd8d9ef038_XL-1140x445.jpg",1140,445,true],"list":["https:\/\/revistaempresarios.net\/web\/wp-content\/uploads\/2025\/04\/79ad13f1bd684361a97320dd8d9ef038_XL-463x348.jpg",463,348,true],"medium":["https:\/\/revistaempresarios.net\/web\/wp-content\/uploads\/2025\/04\/79ad13f1bd684361a97320dd8d9ef038_XL-300x298.jpg",300,298,true],"full":["https:\/\/revistaempresarios.net\/web\/wp-content\/uploads\/2025\/04\/79ad13f1bd684361a97320dd8d9ef038_XL.jpg",1220,1212,false]},"jetpack_sharing_enabled":true,"jetpack_featured_media_url":"https:\/\/revistaempresarios.net\/web\/wp-content\/uploads\/2025\/04\/79ad13f1bd684361a97320dd8d9ef038_XL.jpg","jetpack-related-posts":[],"_links":{"self":[{"href":"https:\/\/revistaempresarios.net\/web\/wp-json\/wp\/v2\/posts\/17458"}],"collection":[{"href":"https:\/\/revistaempresarios.net\/web\/wp-json\/wp\/v2\/posts"}],"about":[{"href":"https:\/\/revistaempresarios.net\/web\/wp-json\/wp\/v2\/types\/post"}],"author":[{"embeddable":true,"href":"https:\/\/revistaempresarios.net\/web\/wp-json\/wp\/v2\/users\/2"}],"replies":[{"embeddable":true,"href":"https:\/\/revistaempresarios.net\/web\/wp-json\/wp\/v2\/comments?post=17458"}],"version-history":[{"count":1,"href":"https:\/\/revistaempresarios.net\/web\/wp-json\/wp\/v2\/posts\/17458\/revisions"}],"predecessor-version":[{"id":17460,"href":"https:\/\/revistaempresarios.net\/web\/wp-json\/wp\/v2\/posts\/17458\/revisions\/17460"}],"wp:featuredmedia":[{"embeddable":true,"href":"https:\/\/revistaempresarios.net\/web\/wp-json\/wp\/v2\/media\/17459"}],"wp:attachment":[{"href":"https:\/\/revistaempresarios.net\/web\/wp-json\/wp\/v2\/media?parent=17458"}],"wp:term":[{"taxonomy":"category","embeddable":true,"href":"https:\/\/revistaempresarios.net\/web\/wp-json\/wp\/v2\/categories?post=17458"},{"taxonomy":"post_tag","embeddable":true,"href":"https:\/\/revistaempresarios.net\/web\/wp-json\/wp\/v2\/tags?post=17458"}],"curies":[{"name":"wp","href":"https:\/\/api.w.org\/{rel}","templated":true}]}}