{"id":17431,"date":"2025-04-01T18:39:04","date_gmt":"2025-04-01T21:39:04","guid":{"rendered":"https:\/\/revistaempresarios.net\/web\/?p=17431"},"modified":"2025-04-01T18:39:04","modified_gmt":"2025-04-01T21:39:04","slug":"dia-do-backup-por-que-empresas-ainda-falham-tanto-na-protecao-de-dados","status":"publish","type":"post","link":"https:\/\/revistaempresarios.net\/web\/2025\/04\/01\/dia-do-backup-por-que-empresas-ainda-falham-tanto-na-protecao-de-dados\/","title":{"rendered":"Dia do Backup: por que empresas ainda falham tanto na prote\u00e7\u00e3o de dados?"},"content":{"rendered":"<div class=\"itemBody\">\n<div class=\"itemIntroText\">\n<p>Falta de rotina, testes ineficientes e equ\u00edvocos sobre a nuvem. Especialista da Teltec Solutions destaca estrat\u00e9gias essenciais para garantir que backups realmente protejam os neg\u00f3cios contra falhas e ataques.<\/p>\n<\/div>\n<div class=\"itemFullText\">\n<p>No cen\u00e1rio atual, em que a transforma\u00e7\u00e3o digital avan\u00e7a mais a cada dia, a seguran\u00e7a da informa\u00e7\u00e3o se tornou uma prioridade inegoci\u00e1vel para institui\u00e7\u00f5es de todos os portes e setores. Entretanto, muitas organiza\u00e7\u00f5es ainda enfrentam desafios significativos na prote\u00e7\u00e3o de seus dados, principalmente quando o assunto envolve pr\u00e1ticas de backup e recupera\u00e7\u00e3o de desastres. Com a aproxima\u00e7\u00e3o do Dia Internacional do Backup, celebrado em 31 de mar\u00e7o, somos convidados a refletir sobre os erros cometidos no dia a dia que levam a desastres digitais, bem como as estrat\u00e9gias que podem ajudar a evit\u00e1-los.<\/p>\n<p>A falta de pr\u00e1ticas eficazes de backup tem impacto direto na sa\u00fade financeira das companhias. Segundo o Gartner, os gastos globais com seguran\u00e7a da informa\u00e7\u00e3o e gerenciamento de riscos atingiram US$ 215 bilh\u00f5es em 2024, um crescimento de 14,3% em rela\u00e7\u00e3o ao ano anterior, evidenciando a necessidade de medidas eficazes para evitar perdas financeiras causadas por falhas na prote\u00e7\u00e3o dos dados. Em outro estudo, a consultoria projetou que, at\u00e9 2028, 75% das grandes empresas adotar\u00e3o o backup as a service (BaaS) em conjunto com ferramentas on-premises, uma estrat\u00e9gia que visa proteger cargas de trabalho tanto na nuvem quanto nas pr\u00f3prias instala\u00e7\u00f5es. Essa abordagem h\u00edbrida permite maior flexibilidade e seguran\u00e7a, garantindo que dados cr\u00edticos estejam protegidos independentemente do ambiente em que s\u00e3o armazenados.<\/p>\n<p>Diante desse cen\u00e1rio, a aus\u00eancia de uma rotina consistente de backups ainda \u00e9 uma das principais falhas cometidas pelas empresas. Muitas n\u00e3o realizam c\u00f3pias regulares de seus dados, o que as deixa vulner\u00e1veis a perdas irrevers\u00edveis. Outro problema frequente \u00e9 confiar cegamente na integridade dos backups sem realizar testes peri\u00f3dicos. &#8220;Em muitos casos, as pessoas assumem que seus backups est\u00e3o seguros, mas, quando precisam recuperar os dados, descobrem que est\u00e3o corrompidos ou incompletos&#8221;, alerta Luciano Rocha, diretor de servi\u00e7os cloud da Teltec Solutions.<\/p>\n<p>Al\u00e9m disso, h\u00e1 um equ\u00edvoco bastante comum sobre a responsabilidade na nuvem. Muitas corpora\u00e7\u00f5es acreditam que os provedores de servi\u00e7os cloud s\u00e3o respons\u00e1veis pela prote\u00e7\u00e3o total dos dados armazenados, quando, na verdade, a seguran\u00e7a e a recupera\u00e7\u00e3o dessas informa\u00e7\u00f5es s\u00e3o de responsabilidade compartilhada. Segundo Rocha, essa interpreta\u00e7\u00e3o equivocada pode gerar grandes preju\u00edzos, pois sem uma estrat\u00e9gia clara de recupera\u00e7\u00e3o, o impacto de um ataque ou falha t\u00e9cnica pode ser devastador.<\/p>\n<p>Outro erro cr\u00edtico \u00e9 armazenar backups no mesmo local dos dados originais. Quando h\u00e1 um ataque ransomware, desastre natural ou pane t\u00e9cnica, ambas as c\u00f3pias podem ser comprometidas simultaneamente. Al\u00e9m disso, muitas companhias falham ao n\u00e3o atualizar suas estrat\u00e9gias de backup conforme a evolu\u00e7\u00e3o das amea\u00e7as cibern\u00e9ticas.<\/p>\n<p>Para evitar essas vulnerabilidades, Luciano Rocha destaca a import\u00e2ncia de uma abordagem proativa e estruturada. &#8220;As organiza\u00e7\u00f5es precisam seguir a regra 3-2-1, que consiste em manter tr\u00eas c\u00f3pias dos dados, armazenadas em dois tipos diferentes de m\u00eddia, sendo uma delas externa. Isso reduz o risco de perda total em casos de ataques ou falhas.&#8221; Ele tamb\u00e9m refor\u00e7a a necessidade de automa\u00e7\u00e3o dos processos de backup. &#8220;Quanto menos depender de interven\u00e7\u00e3o humana, menor a chance de erro. Sistemas automatizados garantem que as c\u00f3pias sejam feitas regularmente e sem falhas.&#8221;<\/p>\n<p>Al\u00e9m disso, Rocha enfatiza a import\u00e2ncia de testes frequentes. &#8220;N\u00e3o basta ter um backup, \u00e9 preciso test\u00e1-lo regularmente para garantir que pode ser restaurado quando necess\u00e1rio. Muitas vezes, falhas s\u00f3 s\u00e3o descobertas quando j\u00e1 \u00e9 tarde demais.&#8221; Ele tamb\u00e9m refor\u00e7a a necessidade de conscientiza\u00e7\u00e3o. &#8220;A seguran\u00e7a da informa\u00e7\u00e3o n\u00e3o \u00e9 apenas uma quest\u00e3o tecnol\u00f3gica, mas tamb\u00e9m cultural. Investir em treinamentos para que equipes saibam como agir diante de incidentes \u00e9 essencial para reduzir riscos e garantir a continuidade dos neg\u00f3cios.&#8221;<\/p>\n<p>Por fim, o executivo destaca que o Dia Internacional do Backup deve servir como um alerta para a import\u00e2ncia de pr\u00e1ticas robustas de prote\u00e7\u00e3o de dados. Para as empresas brasileiras, reconhecer vulnerabilidades e adotar medidas preventivas eficazes \u00e9 essencial. Implementar estrat\u00e9gias s\u00f3lidas de backup e recupera\u00e7\u00e3o n\u00e3o \u00e9 apenas uma escolha estrat\u00e9gica \u2013 \u00e9 uma necessidade urgente para evitar preju\u00edzos milion\u00e1rios e garantir a resili\u00eancia dos neg\u00f3cios diante das crescentes amea\u00e7as digitais.<\/p>\n<p><strong>Sobre a Teltec<\/strong><\/p>\n<p>Com mais de 33 anos de mercado, a Teltec Solutions \u00e9 uma empresa 100% nacional que fornece solu\u00e7\u00f5es, servi\u00e7os e consultoria de Tecnologia da Informa\u00e7\u00e3o, com \u00eanfase em cloud computing, seguran\u00e7a da informa\u00e7\u00e3o e conectividade com atua\u00e7\u00e3o em todo Brasil e escrit\u00f3rios em S\u00e3o Paulo (SP), Bras\u00edlia (DF), Florian\u00f3polis (SC), Curitiba (PR) Cuiab\u00e1 (MT), Recife (PE) e Porto Alegre (RS).<\/p>\n<p>A companhia oferece as mais inovadoras solu\u00e7\u00f5es de TI, por meio de parcerias com grandes players globais como, Cisco, F5, Fortinet, Microsoft, Palo Alto e outros grandes fabricantes, juntamente com um portf\u00f3lio de servi\u00e7os gerenciados pr\u00f3prios que incluem um SOC (Security Operations Center).<\/p>\n<p>Com uma estrat\u00e9gia diferenciada que une o que h\u00e1 de melhor em pessoas, processos e ferramentas, colocando o cliente no centro de todas as suas iniciativas, a Teltec Solutions conta com 230 colaboradores altamente capacitados para prestar um atendimento personalizado aos seus mais de 1000 clientes e soma mais de 400 certifica\u00e7\u00f5es, entre elas a ISO 27.001, ISO 20.000 e ISO 37.001<\/p>\n<p>H\u00e1 sete anos, a Teltec Solutions figura na lista do Great Place To Work (GPTW).<\/p>\n<\/div>\n<\/div>\n<div class=\"e-mailit_toolbox circular  size48\">\n<div class=\"e-mailit_btn_Facebook\"><\/div>\n<div class=\"e-mailit_btn_EMAILiT\"><\/div>\n<\/div>\n","protected":false},"excerpt":{"rendered":"<p>Falta de rotina, testes ineficientes e equ\u00edvocos sobre a nuvem. Especialista da Teltec Solutions destaca estrat\u00e9gias essenciais para garantir que backups realmente protejam os neg\u00f3cios contra falhas e ataques. No cen\u00e1rio atual, em que a transforma\u00e7\u00e3o digital avan\u00e7a mais a cada dia, a seguran\u00e7a da informa\u00e7\u00e3o se tornou uma prioridade inegoci\u00e1vel para institui\u00e7\u00f5es de todos [&hellip;]<\/p>\n","protected":false},"author":2,"featured_media":17432,"comment_status":"open","ping_status":"open","sticky":false,"template":"","format":"standard","meta":{"_jetpack_memberships_contains_paid_content":false,"footnotes":""},"categories":[1],"tags":[],"featured_image_src":{"landsacpe":["https:\/\/revistaempresarios.net\/web\/wp-content\/uploads\/2025\/04\/07670b2e7c7652aeb8c9f49f1eaecc8c_XL-1140x445.jpg",1140,445,true],"list":["https:\/\/revistaempresarios.net\/web\/wp-content\/uploads\/2025\/04\/07670b2e7c7652aeb8c9f49f1eaecc8c_XL-463x348.jpg",463,348,true],"medium":["https:\/\/revistaempresarios.net\/web\/wp-content\/uploads\/2025\/04\/07670b2e7c7652aeb8c9f49f1eaecc8c_XL-300x200.jpg",300,200,true],"full":["https:\/\/revistaempresarios.net\/web\/wp-content\/uploads\/2025\/04\/07670b2e7c7652aeb8c9f49f1eaecc8c_XL.jpg",1220,813,false]},"jetpack_sharing_enabled":true,"jetpack_featured_media_url":"https:\/\/revistaempresarios.net\/web\/wp-content\/uploads\/2025\/04\/07670b2e7c7652aeb8c9f49f1eaecc8c_XL.jpg","jetpack-related-posts":[],"_links":{"self":[{"href":"https:\/\/revistaempresarios.net\/web\/wp-json\/wp\/v2\/posts\/17431"}],"collection":[{"href":"https:\/\/revistaempresarios.net\/web\/wp-json\/wp\/v2\/posts"}],"about":[{"href":"https:\/\/revistaempresarios.net\/web\/wp-json\/wp\/v2\/types\/post"}],"author":[{"embeddable":true,"href":"https:\/\/revistaempresarios.net\/web\/wp-json\/wp\/v2\/users\/2"}],"replies":[{"embeddable":true,"href":"https:\/\/revistaempresarios.net\/web\/wp-json\/wp\/v2\/comments?post=17431"}],"version-history":[{"count":1,"href":"https:\/\/revistaempresarios.net\/web\/wp-json\/wp\/v2\/posts\/17431\/revisions"}],"predecessor-version":[{"id":17433,"href":"https:\/\/revistaempresarios.net\/web\/wp-json\/wp\/v2\/posts\/17431\/revisions\/17433"}],"wp:featuredmedia":[{"embeddable":true,"href":"https:\/\/revistaempresarios.net\/web\/wp-json\/wp\/v2\/media\/17432"}],"wp:attachment":[{"href":"https:\/\/revistaempresarios.net\/web\/wp-json\/wp\/v2\/media?parent=17431"}],"wp:term":[{"taxonomy":"category","embeddable":true,"href":"https:\/\/revistaempresarios.net\/web\/wp-json\/wp\/v2\/categories?post=17431"},{"taxonomy":"post_tag","embeddable":true,"href":"https:\/\/revistaempresarios.net\/web\/wp-json\/wp\/v2\/tags?post=17431"}],"curies":[{"name":"wp","href":"https:\/\/api.w.org\/{rel}","templated":true}]}}