{"id":17368,"date":"2025-03-31T14:56:19","date_gmt":"2025-03-31T17:56:19","guid":{"rendered":"https:\/\/revistaempresarios.net\/web\/?p=17368"},"modified":"2025-03-31T14:56:19","modified_gmt":"2025-03-31T17:56:19","slug":"bradesco-saude-amplia-em-64-a-base-de-beneficiarios-em-pernambuco","status":"publish","type":"post","link":"https:\/\/revistaempresarios.net\/web\/2025\/03\/31\/bradesco-saude-amplia-em-64-a-base-de-beneficiarios-em-pernambuco\/","title":{"rendered":"Bradesco Sa\u00fade amplia em 6,4% a base de benefici\u00e1rios em Pernambuco"},"content":{"rendered":"<div class=\"itemBody\">\n<div class=\"itemIntroText\">\n<p>A Bradesco Sa\u00fade ampliou em 6,4% sua base de benefici\u00e1rios para o mercado de Pernambuco, na compara\u00e7\u00e3o de 2024 com 2023. O crescimento \u00e9 quase o triplo do registrado pelo setor no estado (2,2%), de acordo com o balan\u00e7o da ANS sobre o fechamento do \u00faltimo ano, considerando todas as operadoras.<\/p>\n<\/div>\n<div class=\"itemFullText\">\n<p>O crescimento da Bradesco Sa\u00fade em Pernambuco \u00e9 resultado da reformula\u00e7\u00e3o de sua estrutura comercial, com a cria\u00e7\u00e3o de equipes comerciais locais especializadas, que atuam em parceria com corretores e com ag\u00eancias do banco Bradesco na comercializa\u00e7\u00e3o dos planos. E, tamb\u00e9m, da diversifica\u00e7\u00e3o do portf\u00f3lio, com a oferta de produtos customizados para as necessidades das empresas que buscam oferecer o benef\u00edcio do plano de sa\u00fade a seus funcion\u00e1rios.<\/p>\n<p>\u201cEsse crescimento \u00e9 reflexo das nossas a\u00e7\u00f5es integradas, com a nossa for\u00e7a de vendas, corretores de seguros e ag\u00eancias Bradesco empenhados em levar solu\u00e7\u00f5es cada vez mais personalizadas para as empresas-clientes. Ter um plano de sa\u00fade \u00e9 um dos principais desejos dos brasileiros, al\u00e9m de ser um dos benef\u00edcios mais valorizados pelos funcion\u00e1rios. Buscamos entender a necessidade de cada cliente, para oferecer a solu\u00e7\u00e3o mais adequada \u00e0 sua realidade\u201d, comenta Pablo Guimar\u00e3es, superintendente s\u00eanior de Neg\u00f3cios da Bradesco Sa\u00fade para a regi\u00e3o Nordeste.<\/p>\n<\/div>\n<\/div>\n<div class=\"e-mailit_toolbox circular  size48\">\n<div class=\"e-mailit_btn_EMAILiT\"><\/div>\n<\/div>\n","protected":false},"excerpt":{"rendered":"<p>A Bradesco Sa\u00fade ampliou em 6,4% sua base de benefici\u00e1rios para o mercado de Pernambuco, na compara\u00e7\u00e3o de 2024 com 2023. O crescimento \u00e9 quase o triplo do registrado pelo setor no estado (2,2%), de acordo com o balan\u00e7o da ANS sobre o fechamento do \u00faltimo ano, considerando todas as operadoras. O crescimento da Bradesco [&hellip;]<\/p>\n","protected":false},"author":2,"featured_media":17369,"comment_status":"open","ping_status":"open","sticky":false,"template":"","format":"standard","meta":{"_jetpack_memberships_contains_paid_content":false,"_joinchat":[],"footnotes":""},"categories":[51,54,56,57,60],"tags":[10393,10392],"featured_image_src":{"landsacpe":["https:\/\/revistaempresarios.net\/web\/wp-content\/uploads\/2025\/03\/47cedf7e93dfbd2e4acfb34d216f0dfc_XL-1140x445.jpg",1140,445,true],"list":["https:\/\/revistaempresarios.net\/web\/wp-content\/uploads\/2025\/03\/47cedf7e93dfbd2e4acfb34d216f0dfc_XL-463x348.jpg",463,348,true],"medium":["https:\/\/revistaempresarios.net\/web\/wp-content\/uploads\/2025\/03\/47cedf7e93dfbd2e4acfb34d216f0dfc_XL-300x200.jpg",300,200,true],"full":["https:\/\/revistaempresarios.net\/web\/wp-content\/uploads\/2025\/03\/47cedf7e93dfbd2e4acfb34d216f0dfc_XL.jpg",1220,813,false]},"jetpack_sharing_enabled":true,"jetpack_featured_media_url":"https:\/\/revistaempresarios.net\/web\/wp-content\/uploads\/2025\/03\/47cedf7e93dfbd2e4acfb34d216f0dfc_XL.jpg","jetpack-related-posts":[],"_links":{"self":[{"href":"https:\/\/revistaempresarios.net\/web\/wp-json\/wp\/v2\/posts\/17368"}],"collection":[{"href":"https:\/\/revistaempresarios.net\/web\/wp-json\/wp\/v2\/posts"}],"about":[{"href":"https:\/\/revistaempresarios.net\/web\/wp-json\/wp\/v2\/types\/post"}],"author":[{"embeddable":true,"href":"https:\/\/revistaempresarios.net\/web\/wp-json\/wp\/v2\/users\/2"}],"replies":[{"embeddable":true,"href":"https:\/\/revistaempresarios.net\/web\/wp-json\/wp\/v2\/comments?post=17368"}],"version-history":[{"count":1,"href":"https:\/\/revistaempresarios.net\/web\/wp-json\/wp\/v2\/posts\/17368\/revisions"}],"predecessor-version":[{"id":17370,"href":"https:\/\/revistaempresarios.net\/web\/wp-json\/wp\/v2\/posts\/17368\/revisions\/17370"}],"wp:featuredmedia":[{"embeddable":true,"href":"https:\/\/revistaempresarios.net\/web\/wp-json\/wp\/v2\/media\/17369"}],"wp:attachment":[{"href":"https:\/\/revistaempresarios.net\/web\/wp-json\/wp\/v2\/media?parent=17368"}],"wp:term":[{"taxonomy":"category","embeddable":true,"href":"https:\/\/revistaempresarios.net\/web\/wp-json\/wp\/v2\/categories?post=17368"},{"taxonomy":"post_tag","embeddable":true,"href":"https:\/\/revistaempresarios.net\/web\/wp-json\/wp\/v2\/tags?post=17368"}],"curies":[{"name":"wp","href":"https:\/\/api.w.org\/{rel}","templated":true}]}}