{"id":17354,"date":"2025-03-28T15:44:50","date_gmt":"2025-03-28T18:44:50","guid":{"rendered":"https:\/\/revistaempresarios.net\/web\/?p=17354"},"modified":"2025-03-28T15:44:50","modified_gmt":"2025-03-28T18:44:50","slug":"sustentabilidade-no-mercado-de-trabalho-empresas-com-compromisso-ambiental-atraem-mais-talentos","status":"publish","type":"post","link":"https:\/\/revistaempresarios.net\/web\/2025\/03\/28\/sustentabilidade-no-mercado-de-trabalho-empresas-com-compromisso-ambiental-atraem-mais-talentos\/","title":{"rendered":"Sustentabilidade no mercado de trabalho: empresas com compromisso ambiental atraem mais talentos"},"content":{"rendered":"<p>A quest\u00e3o ambiental \u00e9 um tema cada vez mais recorrente e as empresas devem estar atentas a essa demanda de responsabilidade clim\u00e1tica<\/p>\n<p>O cuidado com quest\u00f5es sociais e ambientais est\u00e1 cada vez mais em pauta e muitas das grandes e m\u00e9dias empresas j\u00e1 incorporaram as pr\u00e1ticas sustent\u00e1veis na sua gest\u00e3o. Al\u00e9m disso, os candidatos \u00e0s vagas est\u00e3o atentos ao tema sustentabilidade das empresas. Segundo a pesquisa Panorama Gest\u00e3o de Pessoas e Empregabilidade 2025, o posicionamento por parte das empresas em causas sociais e o engajamento em a\u00e7\u00f5es ESG s\u00e3o fatores que atraem candidatos, que buscam empresas alinhadas aos seus valores, e quase 90% afirmam que esse fator influencia sua escolha.<\/p>\n<p>Al\u00e9m disso, 43% disseram que um dos principais crit\u00e9rios para a candidatura \u00e9 se a empresa se compromete a reduzir o impacto ambiental por meio de pr\u00e1ticas sustent\u00e1veis. Empresas que t\u00eam no DNA pr\u00e1ticas ambientais s\u00f3lidas reduzem o impacto ambiental negativo, mant\u00e9m a boa reputa\u00e7\u00e3o e t\u00eam mais chances de reter e atrair a aten\u00e7\u00e3o de investidores, profissionais e consumidores satisfeitos e engajados.<\/p>\n<p>Isso porque a quest\u00e3o ambiental \u00e9 um tema cada vez mais recorrente e as empresas devem estar atentas a essa demanda de responsabilidade clim\u00e1tica. Nesse sentido, a 30\u00aa Confer\u00eancia das Na\u00e7\u00f5es Unidas sobre Mudan\u00e7a do Clima, a COP 30, que acontecer\u00e1 este ano no Brasil, \u00e9 uma oportunidade para a discuss\u00e3o de temas cruciais como o financiamento clim\u00e1tico para a diminui\u00e7\u00e3o das emiss\u00f5es de gases de efeito estufa, construindo espa\u00e7os para uma mudan\u00e7a significativa.<\/p>\n<p><strong>Cen\u00e1rio brasileiro<\/strong><\/p>\n<p>Enquanto a COP 30 refor\u00e7a a necessidade global de a\u00e7\u00e3o clim\u00e1tica, o Brasil apresenta avan\u00e7os em sustentabilidade, mas ainda enfrenta desafios significativos. A ado\u00e7\u00e3o de pr\u00e1ticas ambientais pelas empresas e a transi\u00e7\u00e3o para uma economia de baixo carbono s\u00e3o essenciais para que o pa\u00eds se consolide como refer\u00eancia no tema.<\/p>\n<p>Em 2022, a produ\u00e7\u00e3o e o uso de energia representaram 24% das emiss\u00f5es de gases de efeito estufa no Brasil, estudo divulgado pelo Minist\u00e9rio de Minas e Energia (MME), no ano de 2024. O estudo mostra que o percentual \u00e9 relativamente baixo em compara\u00e7\u00e3o a outros pa\u00edses devido \u00e0 matriz energ\u00e9tica diversificada, que conta com o uso de fontes renov\u00e1veis, como hidrel\u00e9trica, e\u00f3lica e solar.<\/p>\n<p>Apesar dessa boa not\u00edcia, o Brasil ainda enfrenta desafios ambientais como o descarte incorreto de res\u00edduos por parte das empresas, mas que pode ser combatido com gest\u00e3o sustent\u00e1vel. Para Caio Queiroz, CEO da Aguama Ambiental, o Brasil tem um grande potencial para liderar a sustentabilidade global. \u201cPor meio de pol\u00edticas ambientais eficazes, o apoio das empresas e da popula\u00e7\u00e3o, podemos crescer economicamente sem comprometer o meio ambiente\u201d, observa o especialista.<\/p>\n<p>A Aguama conta com o Programa CO2 Respons\u00e1vel, que visa auxiliar empresas no levantamento, monitoramento e redu\u00e7\u00e3o de suas emiss\u00f5es, bem como desenvolver um canal de comunica\u00e7\u00e3o eficiente entre a rede de relacionamentos, promovendo uma consci\u00eancia para o setor que representa ou est\u00e1 inserido.<\/p>\n<p>Segundo Caio, a gest\u00e3o do meio ambiente n\u00e3o \u00e9 apenas uma tend\u00eancia, mas uma revolu\u00e7\u00e3o no ambiente corporativo. \u201cEmpresas que adotam pr\u00e1ticas sustent\u00e1veis n\u00e3o s\u00f3 reduzem seu impacto ambiental, mas tamb\u00e9m criam um ambiente de trabalho mais saud\u00e1vel, produtivo e feliz. Isso porque a sustentabilidade n\u00e3o \u00e9 apenas cuidar do meio ambiente, mas \u00e9 a chave para uma vida menos estressante, mais saud\u00e1vel e feliz, promovendo bem-estar tanto individual quanto coletivo\u201d, conta.<\/p>\n<p>Contudo, empresas respons\u00e1veis com o meio ambiente atendem \u00e0s exig\u00eancias regulat\u00f3rias dos governos, como tamb\u00e9m se destacam no mercado. \u201cPr\u00e1ticas sustent\u00e1veis, como a redu\u00e7\u00e3o de emiss\u00e3o de carbono, o uso eficiente de recursos e a implementa\u00e7\u00e3o de processos produtivos mais limpos, contribuem para a prote\u00e7\u00e3o ambiental, aumentam o engajamento e a satisfa\u00e7\u00e3o dos funcion\u00e1rios e tamb\u00e9m tornam a empresa mais atraente para consumidores e investidores\u201d, finaliza.<\/p>\n","protected":false},"excerpt":{"rendered":"<p>A quest\u00e3o ambiental \u00e9 um tema cada vez mais recorrente e as empresas devem estar atentas a essa demanda de responsabilidade clim\u00e1tica O cuidado com quest\u00f5es sociais e ambientais est\u00e1 cada vez mais em pauta e muitas das grandes e m\u00e9dias empresas j\u00e1 incorporaram as pr\u00e1ticas sustent\u00e1veis na sua gest\u00e3o. Al\u00e9m disso, os candidatos \u00e0s [&hellip;]<\/p>\n","protected":false},"author":2,"featured_media":17355,"comment_status":"open","ping_status":"open","sticky":false,"template":"","format":"standard","meta":{"_jetpack_memberships_contains_paid_content":false,"footnotes":""},"categories":[51,56,57,60],"tags":[10389],"featured_image_src":{"landsacpe":["https:\/\/revistaempresarios.net\/web\/wp-content\/uploads\/2025\/03\/Caio-Queiroz-CEO-da-Aguama-Ambiental-o.avif",370,318,false],"list":["https:\/\/revistaempresarios.net\/web\/wp-content\/uploads\/2025\/03\/Caio-Queiroz-CEO-da-Aguama-Ambiental-o.avif",370,318,false],"medium":["https:\/\/revistaempresarios.net\/web\/wp-content\/uploads\/2025\/03\/Caio-Queiroz-CEO-da-Aguama-Ambiental-o.avif",300,258,false],"full":["https:\/\/revistaempresarios.net\/web\/wp-content\/uploads\/2025\/03\/Caio-Queiroz-CEO-da-Aguama-Ambiental-o.avif",370,318,false]},"jetpack_sharing_enabled":true,"jetpack_featured_media_url":"https:\/\/revistaempresarios.net\/web\/wp-content\/uploads\/2025\/03\/Caio-Queiroz-CEO-da-Aguama-Ambiental-o.avif","jetpack-related-posts":[],"_links":{"self":[{"href":"https:\/\/revistaempresarios.net\/web\/wp-json\/wp\/v2\/posts\/17354"}],"collection":[{"href":"https:\/\/revistaempresarios.net\/web\/wp-json\/wp\/v2\/posts"}],"about":[{"href":"https:\/\/revistaempresarios.net\/web\/wp-json\/wp\/v2\/types\/post"}],"author":[{"embeddable":true,"href":"https:\/\/revistaempresarios.net\/web\/wp-json\/wp\/v2\/users\/2"}],"replies":[{"embeddable":true,"href":"https:\/\/revistaempresarios.net\/web\/wp-json\/wp\/v2\/comments?post=17354"}],"version-history":[{"count":1,"href":"https:\/\/revistaempresarios.net\/web\/wp-json\/wp\/v2\/posts\/17354\/revisions"}],"predecessor-version":[{"id":17356,"href":"https:\/\/revistaempresarios.net\/web\/wp-json\/wp\/v2\/posts\/17354\/revisions\/17356"}],"wp:featuredmedia":[{"embeddable":true,"href":"https:\/\/revistaempresarios.net\/web\/wp-json\/wp\/v2\/media\/17355"}],"wp:attachment":[{"href":"https:\/\/revistaempresarios.net\/web\/wp-json\/wp\/v2\/media?parent=17354"}],"wp:term":[{"taxonomy":"category","embeddable":true,"href":"https:\/\/revistaempresarios.net\/web\/wp-json\/wp\/v2\/categories?post=17354"},{"taxonomy":"post_tag","embeddable":true,"href":"https:\/\/revistaempresarios.net\/web\/wp-json\/wp\/v2\/tags?post=17354"}],"curies":[{"name":"wp","href":"https:\/\/api.w.org\/{rel}","templated":true}]}}