{"id":17254,"date":"2025-03-19T22:19:59","date_gmt":"2025-03-20T01:19:59","guid":{"rendered":"https:\/\/revistaempresarios.net\/web\/?p=17254"},"modified":"2025-03-19T22:19:59","modified_gmt":"2025-03-20T01:19:59","slug":"entenda-as-razoes-para-apostar-no-mercado-de-varejo-mobile-em-2025-por-guilherme-martins-cofundador-da-eitri","status":"publish","type":"post","link":"https:\/\/revistaempresarios.net\/web\/2025\/03\/19\/entenda-as-razoes-para-apostar-no-mercado-de-varejo-mobile-em-2025-por-guilherme-martins-cofundador-da-eitri\/","title":{"rendered":"Entenda as raz\u00f5es para apostar no mercado de varejo mobile em 2025 &#8211; Por Guilherme Martins, cofundador da Eitri"},"content":{"rendered":"<p>O varejo mobile tem se consolidado como um dos segmentos mais promissores do com\u00e9rcio digital. Com consumidores cada vez mais conectados, o uso de aplicativos para compras cresceu exponencialmente nos \u00faltimos anos, tornando-se um canal essencial para varejistas que desejam expandir sua presen\u00e7a e competitividade.<\/p>\n<p>Segundo o relat\u00f3rio State of Mobile 2025, da Sensor Tower, o segmento continua evoluindo, impulsionado por mudan\u00e7as no comportamento do consumidor, avan\u00e7o da intelig\u00eancia artificial (IA) e globaliza\u00e7\u00e3o do e-commerce. Considerando o cen\u00e1rio, investir nesse tipo de neg\u00f3cio n\u00e3o \u00e9 apenas op\u00e7\u00e3o, mas uma necessidade para empresas que buscam inovar e crescer.<\/p>\n<p><strong>Crescimento cont\u00ednuo do mobile commerce<\/strong><\/p>\n<p>Em 2024, os consumidores gastaram cerca de US$ 150 bilh\u00f5es em aplicativos, aumento de 12,5% em rela\u00e7\u00e3o ao ano anterior. Al\u00e9m disso, o tempo m\u00e9dio di\u00e1rio por usu\u00e1rio subiu para 3,5 horas, e o total de horas gastas em aplicativos ultrapassou 4,2 trilh\u00f5es, aumento de 5,8%. Os dados indicam que as pessoas n\u00e3o apenas passaram mais tempo em dispositivos m\u00f3veis, como aumentaram os gastos em plataformas digitais.<\/p>\n<p>Outro fator relevante \u00e9 a expans\u00e3o global de marketplaces focados nos dispositivos m\u00f3veis. Empresas como Temu e Shein demonstram como \u00e9 poss\u00edvel escalar um neg\u00f3cio globalmente a partir da estrat\u00e9gia digital bem estruturada. No entanto, o sucesso desses modelos exige uma experi\u00eancia de usu\u00e1rio aprimorada e integra\u00e7\u00e3o eficiente entre os canais f\u00edsicos e digitais.<\/p>\n<p><strong>Intelig\u00eancia artificial como diferencial competitivo<\/strong><\/p>\n<p><strong>\u00a0<\/strong>O relat\u00f3rio da Sensor Tower aponta ainda que os aplicativos de IA generativa atingiram US$ 1,3 bilh\u00e3o em receita global, crescimento significativo em compara\u00e7\u00e3o aos US$ 455 milh\u00f5es em 2023. O n\u00famero total de downloads de apps de IA disparou, chegando a 1,5 bilh\u00e3o em 2024. No varejo, a IA permite personaliza\u00e7\u00e3o avan\u00e7ada, recomenda\u00e7\u00f5es de produtos mais assertivas e experi\u00eancias interativas que aumentam o engajamento do consumidor. A tecnologia tamb\u00e9m melhora a efici\u00eancia operacional, otimizando a log\u00edstica e a gest\u00e3o de estoques com base em dados preditivos.<\/p>\n<p><strong>Brasil: mercado promissor <\/strong><\/p>\n<p>O Brasil \u00e9 destaque entre os mercados emergentes mais promissores, atraindo o interesse de grandes marcas internacionais. Apesar da forte concorr\u00eancia, ainda h\u00e1 muitas oportunidades para empresas que compreendem as particularidades do consumidor brasileiro e conseguem adaptar suas estrat\u00e9gias para atender tanto \u00e0s compras online quanto ao varejo f\u00edsico. A integra\u00e7\u00e3o entre canais \u2013 f\u00edsico, web e dispositivos m\u00f3veis \u2013 j\u00e1 n\u00e3o \u00e9 mais um diferencial, mas necessidade estrat\u00e9gica. Companhias que conseguem unir essas experi\u00eancias e oferecer servi\u00e7os adicionais com os apps, como atendimento personalizado, programas de fidelidade e conte\u00fados exclusivos, saem na frente.<\/p>\n<p>O varejo digital focado em dispositivos m\u00f3veis representa uma grande oportunidade para empresas que desejam inovar e expandir em 2025. O crescimento no tempo de uso dos aplicativos, o avan\u00e7o da IA e a amplia\u00e7\u00e3o dos marketplaces globais s\u00e3o fatores determinantes para a evolu\u00e7\u00e3o do setor. No Brasil, a crescente demanda e a transforma\u00e7\u00e3o digital do com\u00e9rcio tornam o cen\u00e1rio ainda mais prop\u00edcio para investimentos. Para varejistas que ainda n\u00e3o consolidaram a presen\u00e7a nesse ambiente, o momento de agir \u00e9 agora. Adaptar-se a essa realidade n\u00e3o \u00e9 apenas uma tend\u00eancia, mas um requisito essencial para manter a competitividade.<\/p>\n<p><strong><u>Sobre a Eitri<\/u><\/strong><\/p>\n<p>Fundada em 2024, a Eitri \u00e9 uma plataforma para o desenvolvimento de aplicativos m\u00f3veis, com inspira\u00e7\u00e3o nos principais apps chineses. O objetivo \u00e9 tornar o processo escal\u00e1vel, flex\u00edvel, \u00e1gil, seguro e modular. Seu nome \u00e9 inspirado no an\u00e3o da mitologia n\u00f3rdica que forjou Mj\u00f6lnir e outros artefatos m\u00e1gicos para os deuses, demonstrando habilidades excepcionais como ferreiro e construtor. Essa conex\u00e3o arquet\u00edpica com a refer\u00eancia da mitologia n\u00f3rdica estabelece uma analogia com o fato de que construir aplicativos por meio do Eitri \u00e9 t\u00e3o r\u00e1pido e pr\u00e1tico que chega a parecer m\u00e1gica. Mais informa\u00e7\u00f5es em: <a href=\"https:\/\/www.eitri.tech\/\">https:\/\/www.eitri.tech<\/a><u>.<\/u><\/p>\n","protected":false},"excerpt":{"rendered":"<p>O varejo mobile tem se consolidado como um dos segmentos mais promissores do com\u00e9rcio digital. Com consumidores cada vez mais conectados, o uso de aplicativos para compras cresceu exponencialmente nos \u00faltimos anos, tornando-se um canal essencial para varejistas que desejam expandir sua presen\u00e7a e competitividade. Segundo o relat\u00f3rio State of Mobile 2025, da Sensor Tower, [&hellip;]<\/p>\n","protected":false},"author":2,"featured_media":17255,"comment_status":"open","ping_status":"open","sticky":false,"template":"","format":"standard","meta":{"_jetpack_memberships_contains_paid_content":false,"footnotes":""},"categories":[51],"tags":[10263,10351],"featured_image_src":{"landsacpe":["https:\/\/revistaempresarios.net\/web\/wp-content\/uploads\/2025\/03\/Guilherme-Martins-cofundador-da-Eitri-31-1140x445.jpg",1140,445,true],"list":["https:\/\/revistaempresarios.net\/web\/wp-content\/uploads\/2025\/03\/Guilherme-Martins-cofundador-da-Eitri-31-463x348.jpg",463,348,true],"medium":["https:\/\/revistaempresarios.net\/web\/wp-content\/uploads\/2025\/03\/Guilherme-Martins-cofundador-da-Eitri-31-300x225.jpg",300,225,true],"full":["https:\/\/revistaempresarios.net\/web\/wp-content\/uploads\/2025\/03\/Guilherme-Martins-cofundador-da-Eitri-31-scaled.jpg",2560,1920,false]},"jetpack_sharing_enabled":true,"jetpack_featured_media_url":"https:\/\/revistaempresarios.net\/web\/wp-content\/uploads\/2025\/03\/Guilherme-Martins-cofundador-da-Eitri-31-scaled.jpg","jetpack-related-posts":[],"_links":{"self":[{"href":"https:\/\/revistaempresarios.net\/web\/wp-json\/wp\/v2\/posts\/17254"}],"collection":[{"href":"https:\/\/revistaempresarios.net\/web\/wp-json\/wp\/v2\/posts"}],"about":[{"href":"https:\/\/revistaempresarios.net\/web\/wp-json\/wp\/v2\/types\/post"}],"author":[{"embeddable":true,"href":"https:\/\/revistaempresarios.net\/web\/wp-json\/wp\/v2\/users\/2"}],"replies":[{"embeddable":true,"href":"https:\/\/revistaempresarios.net\/web\/wp-json\/wp\/v2\/comments?post=17254"}],"version-history":[{"count":1,"href":"https:\/\/revistaempresarios.net\/web\/wp-json\/wp\/v2\/posts\/17254\/revisions"}],"predecessor-version":[{"id":17256,"href":"https:\/\/revistaempresarios.net\/web\/wp-json\/wp\/v2\/posts\/17254\/revisions\/17256"}],"wp:featuredmedia":[{"embeddable":true,"href":"https:\/\/revistaempresarios.net\/web\/wp-json\/wp\/v2\/media\/17255"}],"wp:attachment":[{"href":"https:\/\/revistaempresarios.net\/web\/wp-json\/wp\/v2\/media?parent=17254"}],"wp:term":[{"taxonomy":"category","embeddable":true,"href":"https:\/\/revistaempresarios.net\/web\/wp-json\/wp\/v2\/categories?post=17254"},{"taxonomy":"post_tag","embeddable":true,"href":"https:\/\/revistaempresarios.net\/web\/wp-json\/wp\/v2\/tags?post=17254"}],"curies":[{"name":"wp","href":"https:\/\/api.w.org\/{rel}","templated":true}]}}