{"id":17151,"date":"2025-02-24T15:10:35","date_gmt":"2025-02-24T18:10:35","guid":{"rendered":"https:\/\/revistaempresarios.net\/web\/?p=17151"},"modified":"2025-02-24T15:10:35","modified_gmt":"2025-02-24T18:10:35","slug":"45-dos-profissionais-gostariam-de-receber-auxilio-mobilidade","status":"publish","type":"post","link":"https:\/\/revistaempresarios.net\/web\/2025\/02\/24\/45-dos-profissionais-gostariam-de-receber-auxilio-mobilidade\/","title":{"rendered":"45% dos profissionais gostariam de receber aux\u00edlio-mobilidade"},"content":{"rendered":"<p>Esse benef\u00edcio flexibiliza o transporte dos funcion\u00e1rios at\u00e9 a empresa e pode ser uma estrat\u00e9gia eficaz para atrair e reter talentos no mercado de trabalho<\/p>\n<p>O aux\u00edlio-mobilidade \u00e9 um benef\u00edcio fornecido por empresas para auxiliar os funcion\u00e1rios no transporte at\u00e9 o trabalho. Essa iniciativa promove maior flexibilidade, sendo um diferencial na contrata\u00e7\u00e3o e reten\u00e7\u00e3o de talentos.<\/p>\n<p>De acordo com uma pesquisa da Robert Half, 45% dos profissionais do mercado de trabalho gostariam de receber esse benef\u00edcio.<\/p>\n<p>Com a redu\u00e7\u00e3o do desemprego e as mudan\u00e7as no comportamento dos trabalhadores, a oferta de benef\u00edcios atrativos tem se tornado essencial para recrutadores que desejam atrair os melhores profissionais.<\/p>\n<p><strong>39% das empresas oferecem aux\u00edlio-mobilidade no Brasil<\/strong><\/p>\n<p>Um levantamento realizado pela Robert Half aponta que <a href=\"https:\/\/www.roberthalf.com\/br\/pt\/insights\/guia-salarial\/beneficios\">apenas 39% das empresas<\/a> no Brasil oferecem o aux\u00edlio-mobilidade, n\u00famero inferior \u00e0 demanda dos trabalhadores.<\/p>\n<p>A necessidade desse benef\u00edcio pode variar conforme o setor, mas ele facilita o acesso ao transporte e amplia as op\u00e7\u00f5es dispon\u00edveis. Essa flexibilidade pode ser \u00fatil em grandes centros urbanos, como S\u00e3o Paulo e Rio de Janeiro, por exemplo.<\/p>\n<p>Apesar disso, o benef\u00edcio ainda \u00e9 relativamente novo e, muitas vezes, confundido com o vale-transporte. Entender <a href=\"https:\/\/solides.com.br\/blog\/auxilio-mobilidade\/\">como implementar o aux\u00edlio-mobilidade<\/a> \u00e9 o primeiro passo para avaliar se ele \u00e9 v\u00e1lido em uma organiza\u00e7\u00e3o.<\/p>\n<p><strong>O que \u00e9 aux\u00edlio-mobilidade?<\/strong><\/p>\n<p>O aux\u00edlio-mobilidade \u00e9 um benef\u00edcio concedido aos funcion\u00e1rios para facilitar o deslocamento entre a resid\u00eancia e o local de trabalho. Ao contr\u00e1rio do vale-transporte, que \u00e9 restrito ao uso de transportes p\u00fablicos, ele pode ser utilizado em diversas modalidades.<\/p>\n<p>Entre as aplica\u00e7\u00f5es est\u00e3o: estacionamentos, ped\u00e1gios, corridas de t\u00e1xi ou aplicativos como Uber, e at\u00e9 o aluguel de ve\u00edculos. Geralmente, o benef\u00edcio \u00e9 fornecido por meio de um cart\u00e3o recarreg\u00e1vel com um valor espec\u00edfico para esse fim.<\/p>\n<p><strong>Como implementar o benef\u00edcio na empresa?<\/strong><\/p>\n<p>Para implementar o aux\u00edlio-mobilidade, \u00e9 fundamental conhecer o perfil da empresa e os interesses dos funcion\u00e1rios. Algumas etapas importantes incluem:<\/p>\n<ul>\n<li><strong>Realizar uma pesquisa interna:<\/strong> identificar a percep\u00e7\u00e3o dos colaboradores sobre os benef\u00edcios atuais e verificar se h\u00e1 demanda pelo aux\u00edlio-mobilidade.<\/li>\n<li><strong>Avaliar o or\u00e7amento:<\/strong> analisar as finan\u00e7as da empresa para determinar a viabilidade do benef\u00edcio, considerando um poss\u00edvel planejamento de longo prazo.<\/li>\n<li><strong>Atender \u00e0 legisla\u00e7\u00e3o:<\/strong> garantir que o benef\u00edcio esteja em conformidade com as normas trabalhistas.<\/li>\n<li><strong>Fazer benchmarking:<\/strong> estudar a concorr\u00eancia para entender quais benef\u00edcios s\u00e3o oferecidos e verificar a aplicabilidade na pr\u00f3pria organiza\u00e7\u00e3o.<\/li>\n<li><strong>Definir uma pol\u00edtica de benef\u00edcios:<\/strong> estabelecer regras claras para o uso do aux\u00edlio, garantindo que o saldo seja destinado de maneira adequada.<\/li>\n<\/ul>\n<p>Essas etapas ajudam no planejamento e implementa\u00e7\u00e3o do aux\u00edlio-mobilidade, sempre alinhadas \u00e0s pol\u00edticas internas e \u00e0s exig\u00eancias legais. Geralmente, a inclus\u00e3o do benef\u00edcio pode ser feita atrav\u00e9s do cart\u00e3o de multibenef\u00edcio, oferecendo uma solu\u00e7\u00e3o pr\u00e1tica e integrada para os colaboradores.<\/p>\n<p><strong>Benef\u00edcios do aux\u00edlio-mobilidade e expectativa para o futuro<\/strong><\/p>\n<p>O mercado de trabalho atual exige maior flexibilidade das empresas, inclusive no que diz respeito ao transporte. Nesse cen\u00e1rio, o aux\u00edlio-mobilidade dispensa a necessidade de restringir os funcion\u00e1rios a um \u00fanico meio de deslocamento.<\/p>\n<p>Para organiza\u00e7\u00f5es onde o local de trabalho varia, o benef\u00edcio \u00e9 ainda mais relevante, al\u00e9m de proporcionar mais qualidade de vida aos colaboradores, que podem reduzir os custos mensais com transporte.<\/p>\n<p>Al\u00e9m disso, empresas que oferecem o aux\u00edlio-mobilidade se destacam na reten\u00e7\u00e3o de talentos e ganham vantagem no mercado. A iniciativa tamb\u00e9m impacta positivamente a produtividade e os resultados.<\/p>\n<p>Em um mercado cada vez mais qualificado e competitivo, oferecer benef\u00edcios pode ser um passo estrat\u00e9gico para empresas que desejam atrair e reter os melhores profissionais.<\/p>\n","protected":false},"excerpt":{"rendered":"<p>Esse benef\u00edcio flexibiliza o transporte dos funcion\u00e1rios at\u00e9 a empresa e pode ser uma estrat\u00e9gia eficaz para atrair e reter talentos no mercado de trabalho O aux\u00edlio-mobilidade \u00e9 um benef\u00edcio fornecido por empresas para auxiliar os funcion\u00e1rios no transporte at\u00e9 o trabalho. Essa iniciativa promove maior flexibilidade, sendo um diferencial na contrata\u00e7\u00e3o e reten\u00e7\u00e3o de [&hellip;]<\/p>\n","protected":false},"author":2,"featured_media":17152,"comment_status":"open","ping_status":"open","sticky":false,"template":"","format":"standard","meta":{"_jetpack_memberships_contains_paid_content":false,"footnotes":""},"categories":[51,54,57,60],"tags":[10321],"featured_image_src":{"landsacpe":["https:\/\/revistaempresarios.net\/web\/wp-content\/uploads\/2025\/02\/beneficio-flexibiliza-740x445.png",740,445,true],"list":["https:\/\/revistaempresarios.net\/web\/wp-content\/uploads\/2025\/02\/beneficio-flexibiliza-463x348.png",463,348,true],"medium":["https:\/\/revistaempresarios.net\/web\/wp-content\/uploads\/2025\/02\/beneficio-flexibiliza-300x200.png",300,200,true],"full":["https:\/\/revistaempresarios.net\/web\/wp-content\/uploads\/2025\/02\/beneficio-flexibiliza.png",740,494,false]},"jetpack_sharing_enabled":true,"jetpack_featured_media_url":"https:\/\/revistaempresarios.net\/web\/wp-content\/uploads\/2025\/02\/beneficio-flexibiliza.png","jetpack-related-posts":[],"_links":{"self":[{"href":"https:\/\/revistaempresarios.net\/web\/wp-json\/wp\/v2\/posts\/17151"}],"collection":[{"href":"https:\/\/revistaempresarios.net\/web\/wp-json\/wp\/v2\/posts"}],"about":[{"href":"https:\/\/revistaempresarios.net\/web\/wp-json\/wp\/v2\/types\/post"}],"author":[{"embeddable":true,"href":"https:\/\/revistaempresarios.net\/web\/wp-json\/wp\/v2\/users\/2"}],"replies":[{"embeddable":true,"href":"https:\/\/revistaempresarios.net\/web\/wp-json\/wp\/v2\/comments?post=17151"}],"version-history":[{"count":1,"href":"https:\/\/revistaempresarios.net\/web\/wp-json\/wp\/v2\/posts\/17151\/revisions"}],"predecessor-version":[{"id":17153,"href":"https:\/\/revistaempresarios.net\/web\/wp-json\/wp\/v2\/posts\/17151\/revisions\/17153"}],"wp:featuredmedia":[{"embeddable":true,"href":"https:\/\/revistaempresarios.net\/web\/wp-json\/wp\/v2\/media\/17152"}],"wp:attachment":[{"href":"https:\/\/revistaempresarios.net\/web\/wp-json\/wp\/v2\/media?parent=17151"}],"wp:term":[{"taxonomy":"category","embeddable":true,"href":"https:\/\/revistaempresarios.net\/web\/wp-json\/wp\/v2\/categories?post=17151"},{"taxonomy":"post_tag","embeddable":true,"href":"https:\/\/revistaempresarios.net\/web\/wp-json\/wp\/v2\/tags?post=17151"}],"curies":[{"name":"wp","href":"https:\/\/api.w.org\/{rel}","templated":true}]}}