{"id":17121,"date":"2025-02-18T13:39:53","date_gmt":"2025-02-18T16:39:53","guid":{"rendered":"https:\/\/revistaempresarios.net\/web\/?p=17121"},"modified":"2025-02-18T13:56:44","modified_gmt":"2025-02-18T16:56:44","slug":"reflexao-business-se-prepara-para-lancar-novos-livros-em-parceria-com-o-grupo-conecta-eventos","status":"publish","type":"post","link":"https:\/\/revistaempresarios.net\/web\/2025\/02\/18\/reflexao-business-se-prepara-para-lancar-novos-livros-em-parceria-com-o-grupo-conecta-eventos\/","title":{"rendered":"Reflex\u00e3o Business se prepara para lan\u00e7ar novos livros em parceria com o Grupo Conecta Eventos"},"content":{"rendered":"<p>A editora liderada por Carol Diaz planeja cinco lan\u00e7amentos in\u00e9ditos no primeiro semestre de 2025, expandindo a Cole\u00e7\u00e3o com temas inovadores sobre o mercado de eventos<\/p>\n<p><img loading=\"lazy\" decoding=\"async\" class=\"alignnone size-medium wp-image-17128\" src=\"https:\/\/revistaempresarios.net\/web\/wp-content\/uploads\/2025\/02\/b47b082a-0688-4659-84ab-8f2275c063a5-300x199.jpeg\" alt=\"\" width=\"300\" height=\"199\" \/><\/p>\n<p>A Editora Reflex\u00e3o Business, comandada pela publisher Carol Diaz, est\u00e1 se preparando para lan\u00e7ar uma s\u00e9rie de novos livros em parceria com o Grupo Conecta Eventos. O primeiro semestre de 2025 promete ser um marco para a editora, que trar\u00e1 ao p\u00fablico mais cinco lan\u00e7amentos in\u00e9ditos que abordam temas essenciais para o setor de eventos. As obras, que fazem parte da Cole\u00e7\u00e3o Conecta Eventos, s\u00e3o:<\/p>\n<ul>\n<li>\u2060 \u2060Feira de Neg\u00f3cios B2C<\/li>\n<li>\u2060 \u2060Centro de Conven\u00e7\u00f5es<\/li>\n<li>\u2060 \u2060Diversidade em Eventos<\/li>\n<li>\u2060 \u2060Aspectos Jur\u00eddicos dos Eventos<\/li>\n<li>\u2060 \u2060Conven\u00e7\u00f5es<\/li>\n<\/ul>\n<p>A Cole\u00e7\u00e3o Conecta Eventos, que j\u00e1 conta com 19 livros, \u00e9 fruto da parceria entre o Grupo Conecta e o selo Reflex\u00e3o Business. Com um total de 40 t\u00edtulos planejados, a cole\u00e7\u00e3o oferece uma ampla gama de conhecimentos sobre o universo dos eventos, \u00a0como eventos esportivos, viagens de incentivo, tecnologia em eventos, eventos de incentivo, com temas como Hospitalidade, Seguran\u00e7a e ESG, Lan\u00e7amento de Produtos, Feiras de Neg\u00f3cios B2B, Comunica\u00e7\u00e3o e Forma\u00e7\u00e3o em Eventos, entre outros. Cada obra \u00e9 enriquecida pela colabora\u00e7\u00e3o de autores renomados, proporcionando aos leitores um conte\u00fado de excel\u00eancia.<\/p>\n<p>Carol Diaz, publisher da Reflex\u00e3o Business, destaca a import\u00e2ncia dessa parceria para o setor: \u201cA parceria com o Grupo Conecta tem sido fundamental para levar conte\u00fado relevante e inovador para todos os profissionais da \u00e1rea. Essa Cole\u00e7\u00e3o reflete nossa miss\u00e3o de promover a troca de conhecimento e impulsionar o desenvolvimento do setor, e estamos ansiosos para apresentar esses novos t\u00edtulos ao p\u00fablico.&#8221;<\/p>\n<p>Sergio Junqueira Arantes, organizador da Cole\u00e7\u00e3o Conecta Eventos, tamb\u00e9m fala sobre o impacto dessa parceria: \u201cA cole\u00e7\u00e3o tem sido um grande sucesso e, com cada novo lan\u00e7amento, continuamos a fortalecer nossa miss\u00e3o de capacitar os profissionais da ind\u00fastria de eventos com conte\u00fado pr\u00e1tico e relevante. Trabalhar com Carol e sua equipe tem sido uma experi\u00eancia enriquecedora, e estamos empolgados com as novas obras que est\u00e3o por vir.&#8221;<\/p>\n<p><strong>Sobre Carol Diaz<\/strong><\/p>\n<p>Carol Diaz, conhecida como &#8220;publisher das celebridades&#8221; pelo selo DISRUPTalks, \u00e9 uma empres\u00e1ria com mais de 20 anos de experi\u00eancia no mercado editorial. Com grande habilidade em criar best-sellers, ela se destaca no cen\u00e1rio brasileiro como uma empreendedora de sucesso. Formada em Design de Produto e Mestre em Artes, com foco em Empreendedorismo Feminino, Carol fundou sua primeira empresa aos 20 anos e, em 2021, criou o selo DISRUPTalks, especializado em biografias de celebridades, como Sonia Abr\u00e3o, Rodriguinho e Samara Felippo.<\/p>\n<p>Al\u00e9m disso, Carol est\u00e1 expandindo para o audiovisual em 2025 e est\u00e1 lan\u00e7ando um novo selo editorial, o Shark Talks. Com mais de 1.200 obras publicadas, ela continua investindo na transforma\u00e7\u00e3o do setor.<\/p>\n<p>&nbsp;<\/p>\n<p><strong>Instagram:<\/strong><\/p>\n<p><a href=\"https:\/\/www.instagram.com\/publishercarol?igsh=MTN4Z2VzaWx5aDBxZw==\">@publishercarol<\/a><\/p>\n","protected":false},"excerpt":{"rendered":"<p>A editora liderada por Carol Diaz planeja cinco lan\u00e7amentos in\u00e9ditos no primeiro semestre de 2025, expandindo a Cole\u00e7\u00e3o com temas inovadores sobre o mercado de eventos A Editora Reflex\u00e3o Business, comandada pela publisher Carol Diaz, est\u00e1 se preparando para lan\u00e7ar uma s\u00e9rie de novos livros em parceria com o Grupo Conecta Eventos. O primeiro semestre [&hellip;]<\/p>\n","protected":false},"author":2,"featured_media":17128,"comment_status":"open","ping_status":"open","sticky":false,"template":"","format":"standard","meta":{"_jetpack_memberships_contains_paid_content":false,"_joinchat":[],"footnotes":""},"categories":[51,57,58,60],"tags":[10305],"featured_image_src":{"landsacpe":["https:\/\/revistaempresarios.net\/web\/wp-content\/uploads\/2025\/02\/b47b082a-0688-4659-84ab-8f2275c063a5-1140x445.jpeg",1140,445,true],"list":["https:\/\/revistaempresarios.net\/web\/wp-content\/uploads\/2025\/02\/b47b082a-0688-4659-84ab-8f2275c063a5-463x348.jpeg",463,348,true],"medium":["https:\/\/revistaempresarios.net\/web\/wp-content\/uploads\/2025\/02\/b47b082a-0688-4659-84ab-8f2275c063a5-300x199.jpeg",300,199,true],"full":["https:\/\/revistaempresarios.net\/web\/wp-content\/uploads\/2025\/02\/b47b082a-0688-4659-84ab-8f2275c063a5.jpeg",1600,1060,false]},"jetpack_sharing_enabled":true,"jetpack_featured_media_url":"https:\/\/revistaempresarios.net\/web\/wp-content\/uploads\/2025\/02\/b47b082a-0688-4659-84ab-8f2275c063a5.jpeg","jetpack-related-posts":[],"_links":{"self":[{"href":"https:\/\/revistaempresarios.net\/web\/wp-json\/wp\/v2\/posts\/17121"}],"collection":[{"href":"https:\/\/revistaempresarios.net\/web\/wp-json\/wp\/v2\/posts"}],"about":[{"href":"https:\/\/revistaempresarios.net\/web\/wp-json\/wp\/v2\/types\/post"}],"author":[{"embeddable":true,"href":"https:\/\/revistaempresarios.net\/web\/wp-json\/wp\/v2\/users\/2"}],"replies":[{"embeddable":true,"href":"https:\/\/revistaempresarios.net\/web\/wp-json\/wp\/v2\/comments?post=17121"}],"version-history":[{"count":3,"href":"https:\/\/revistaempresarios.net\/web\/wp-json\/wp\/v2\/posts\/17121\/revisions"}],"predecessor-version":[{"id":17130,"href":"https:\/\/revistaempresarios.net\/web\/wp-json\/wp\/v2\/posts\/17121\/revisions\/17130"}],"wp:featuredmedia":[{"embeddable":true,"href":"https:\/\/revistaempresarios.net\/web\/wp-json\/wp\/v2\/media\/17128"}],"wp:attachment":[{"href":"https:\/\/revistaempresarios.net\/web\/wp-json\/wp\/v2\/media?parent=17121"}],"wp:term":[{"taxonomy":"category","embeddable":true,"href":"https:\/\/revistaempresarios.net\/web\/wp-json\/wp\/v2\/categories?post=17121"},{"taxonomy":"post_tag","embeddable":true,"href":"https:\/\/revistaempresarios.net\/web\/wp-json\/wp\/v2\/tags?post=17121"}],"curies":[{"name":"wp","href":"https:\/\/api.w.org\/{rel}","templated":true}]}}