{"id":17080,"date":"2025-02-07T11:19:54","date_gmt":"2025-02-07T14:19:54","guid":{"rendered":"https:\/\/revistaempresarios.net\/web\/?p=17080"},"modified":"2025-02-07T11:19:54","modified_gmt":"2025-02-07T14:19:54","slug":"ano-de-2025-tera-4-feriados-prolongados-confira-o-calendario","status":"publish","type":"post","link":"https:\/\/revistaempresarios.net\/web\/2025\/02\/07\/ano-de-2025-tera-4-feriados-prolongados-confira-o-calendario\/","title":{"rendered":"Ano de 2025 ter\u00e1 4 feriados prolongados, confira o calend\u00e1rio"},"content":{"rendered":"<p><em>Carnaval, Dia do Trabalho e Corpus Christi s\u00e3o alguns dos feriados para descansar ou planejar uma viagem<\/em><\/p>\n<p>O in\u00edcio do ano \u00e9 um momento repleto de planejamento, seja para tra\u00e7ar novas metas pessoais ou organizar compromissos futuros. Para muitos, \u00e9 tamb\u00e9m a ocasi\u00e3o ideal para consultar o calend\u00e1rio e programar viagens.<\/p>\n<p>Em 2025, o cen\u00e1rio \u00e9 especialmente favor\u00e1vel, com diversos feriados prolongados que possibilitam escapadas estrat\u00e9gicas para explorar novos lugares ou recarregar as energias.<\/p>\n<p>O primeiro deles \u00e9 o Carnaval, realizado de 1\u00ba (s\u00e1bado) a 4 de mar\u00e7o (ter\u00e7a-feira). Apesar de n\u00e3o ser um feriado nacional, o ponto facultativo costuma ser concedido por muitas empresas, tornando o per\u00edodo uma das datas mais esperadas para viagens.<\/p>\n<p>Nesse sentido, Salvador (BA), com seus animados blocos de rua, Rio de Janeiro (RJ), palco dos desfiles mais ic\u00f4nicos do pa\u00eds, e S\u00e3o Paulo (SP), que tamb\u00e9m se consolida como destino carnavalesco, s\u00e3o op\u00e7\u00f5es perfeitas para quem busca divers\u00e3o.<\/p>\n<p>Abril traz uma rara coincid\u00eancia no calend\u00e1rio: a Sexta-Feira Santa, dia 18, emenda com Tiradentes, dia 21 (segunda-feira), proporcionando quatro dias de descanso. Para quem busca uma op\u00e7\u00e3o tem\u00e1tica, Aparecida do Norte (SP) \u00e9 uma escolha interessante, com atra\u00e7\u00f5es religiosas e hist\u00f3ricas.<\/p>\n<p>J\u00e1 Foz do Igua\u00e7u (PR) oferece a chance de explorar as famosas Cataratas, uma das sete maravilhas naturais do mundo, cercadas por uma biodiversidade \u00fanica.<\/p>\n<p>O Dia do Trabalho, em 1\u00ba de maio, cai em uma quinta-feira, o que pode ser transformado em 4 dias de descanso se emendar a sexta-feira. Ent\u00e3o, com o clima mais ameno e menos turistas, destinos como Bonito (MS) e Florian\u00f3polis (SC) s\u00e3o perfeitos para aproveitar essa data, principalmente para quem busca contato com a natureza.<\/p>\n<p>Al\u00e9m disso, outro destaque no calend\u00e1rio \u00e9 Corpus Christi, em 19 de junho, tamb\u00e9m uma quinta-feira. Assim, este feriado \u00e9 uma chance de viajar para cidades tradicionais de Minas Gerais, como Mariana e Diamantina, que oferecem uma rica combina\u00e7\u00e3o de celebra\u00e7\u00f5es religiosas e atra\u00e7\u00f5es regionais, em cen\u00e1rios marcados pela arquitetura colonial e pelo charme das ruas de pedra.<\/p>\n<p>O Dia da Consci\u00eancia Negra, realizado em 20 de novembro (quinta-feira), oferece mais uma oportunidade para um descanso mais longo. Portanto, a data \u00e9 ideal para quem busca lugares hist\u00f3ricos e culturais, como Salvador (BA), Paraty (RJ) e Ouro Preto (MG).<\/p>\n<p>Por fim, o Natal, em 25 de dezembro, cai em uma quinta-feira, abrindo a possibilidade para celebrar em fam\u00edlia ou curtir destinos especiais. Desse modo, Campos do Jord\u00e3o (SP), Monte Verde (MG), Gramado (RS) e Canela (RS) se destacam por suas atra\u00e7\u00f5es natalinas, com decora\u00e7\u00f5es tem\u00e1ticas e clima aconchegante.<\/p>\n<p>Ent\u00e3o, com tantos feriados prolongados, o planejamento \u00e9 essencial para garantir o m\u00e1ximo proveito nessas ocasi\u00f5es. Al\u00e9m de reservar hospedagens e passagens com anteced\u00eancia, \u00e9 importante considerar o or\u00e7amento dispon\u00edvel e o perfil da <a href=\"https:\/\/www.viajanet.com.br\/pacotes\"><strong>viagem<\/strong><\/a> desejada, seja ela mais econ\u00f4mica ou sofisticada.<\/p>\n<p>Para quem viaja com a fam\u00edlia deve prestar aten\u00e7\u00e3o em documenta\u00e7\u00f5es como autoriza\u00e7\u00f5es para menores e carteiras de vacina\u00e7\u00e3o. Uma boa dica \u00e9 aproveitar programas de milhagens, garantindo economia e a chance de conhecer lugares nacionais sem extrapolar o or\u00e7amento.<\/p>\n<p>Confira o calend\u00e1rio:<\/p>\n<p>Janeiro<\/p>\n<ul>\n<li>1\u00ba de janeiro \u2013 Quarta-feira \u2013 Ano Novo 2025 (feriado nacional)<\/li>\n<\/ul>\n<p>Mar\u00e7o<\/p>\n<ul>\n<li>3 de mar\u00e7o \u2013 Segunda-feira \u2013 Carnaval 2025 (ponto facultativo)<\/li>\n<li>4 de mar\u00e7o \u2013 Ter\u00e7a-feira \u2013 Carnaval 2025 (ponto facultativo)<\/li>\n<li>5 de mar\u00e7o \u2013 Quarta-feira \u2013 Quarta-feira de Cinzas (ponto facultativo at\u00e9 14h)<\/li>\n<\/ul>\n<p>Abril<\/p>\n<ul>\n<li>18 de abril \u2013 Sexta-feira \u2013 Sexta-feira Santa 2025 \u2013 Paix\u00e3o de Cristo (feriado nacional)<\/li>\n<li>20 de abril \u2013 Domingo \u2013 P\u00e1scoa (data comemorativa da Semana Santa 2025)<\/li>\n<li>21 de abril \u2013 Segunda-feira \u2013 Tiradentes (feriado nacional)<\/li>\n<\/ul>\n<p>Maio<\/p>\n<ul>\n<li>1\u00ba de maio \u2013 Quinta-feira \u2013 Dia do Trabalhador (feriado nacional)<\/li>\n<\/ul>\n<p>Junho<\/p>\n<ul>\n<li>19 de junho \u2013 Quinta-feira \u2013 Corpus Christi 2025 (ponto facultativo)<\/li>\n<\/ul>\n<p>Setembro<\/p>\n<ul>\n<li>7 de setembro \u2013 Domingo \u2013 Independ\u00eancia do Brasil (feriado nacional)<\/li>\n<\/ul>\n<p>Outubro<\/p>\n<ul>\n<li>12 de outubro \u2013 Domingo \u2013 Nossa Sra. Aparecida (feriado nacional)<\/li>\n<\/ul>\n<p>Novembro<\/p>\n<ul>\n<li>2 de novembro \u2013 Domingo \u2013 Finados (feriado nacional)<\/li>\n<li>15 de novembro \u2013 S\u00e1bado \u2013 Proclama\u00e7\u00e3o da Rep\u00fablica (feriado nacional)<\/li>\n<li>20 de novembro \u2013 Quinta-feira \u2013 Dia de Zumbi e da Consci\u00eancia Negra (feriado nacional)<\/li>\n<\/ul>\n<p>Dezembro<\/p>\n<ul>\n<li>24 de dezembro \u2013 Quarta-feira \u2013 V\u00e9spera de Natal (ponto facultativo)<\/li>\n<li>25 de dezembro \u2013 Quinta-feira \u2013 Natal (feriado nacional)<\/li>\n<li>31 de dezembro \u2013 Quarta-feira \u2013 V\u00e9spera do Ano Novo 2026 (ponto facultativo)<\/li>\n<\/ul>\n","protected":false},"excerpt":{"rendered":"<p>Carnaval, Dia do Trabalho e Corpus Christi s\u00e3o alguns dos feriados para descansar ou planejar uma viagem O in\u00edcio do ano \u00e9 um momento repleto de planejamento, seja para tra\u00e7ar novas metas pessoais ou organizar compromissos futuros. Para muitos, \u00e9 tamb\u00e9m a ocasi\u00e3o ideal para consultar o calend\u00e1rio e programar viagens. Em 2025, o cen\u00e1rio [&hellip;]<\/p>\n","protected":false},"author":2,"featured_media":17081,"comment_status":"open","ping_status":"open","sticky":false,"template":"","format":"standard","meta":{"_jetpack_memberships_contains_paid_content":false,"footnotes":""},"categories":[51,60],"tags":[10285,10286],"featured_image_src":{"landsacpe":["https:\/\/revistaempresarios.net\/web\/wp-content\/uploads\/2025\/02\/feriado-1140x445.jpg",1140,445,true],"list":["https:\/\/revistaempresarios.net\/web\/wp-content\/uploads\/2025\/02\/feriado-463x348.jpg",463,348,true],"medium":["https:\/\/revistaempresarios.net\/web\/wp-content\/uploads\/2025\/02\/feriado-300x200.jpg",300,200,true],"full":["https:\/\/revistaempresarios.net\/web\/wp-content\/uploads\/2025\/02\/feriado.jpg",2048,1365,false]},"jetpack_sharing_enabled":true,"jetpack_featured_media_url":"https:\/\/revistaempresarios.net\/web\/wp-content\/uploads\/2025\/02\/feriado.jpg","jetpack-related-posts":[],"_links":{"self":[{"href":"https:\/\/revistaempresarios.net\/web\/wp-json\/wp\/v2\/posts\/17080"}],"collection":[{"href":"https:\/\/revistaempresarios.net\/web\/wp-json\/wp\/v2\/posts"}],"about":[{"href":"https:\/\/revistaempresarios.net\/web\/wp-json\/wp\/v2\/types\/post"}],"author":[{"embeddable":true,"href":"https:\/\/revistaempresarios.net\/web\/wp-json\/wp\/v2\/users\/2"}],"replies":[{"embeddable":true,"href":"https:\/\/revistaempresarios.net\/web\/wp-json\/wp\/v2\/comments?post=17080"}],"version-history":[{"count":1,"href":"https:\/\/revistaempresarios.net\/web\/wp-json\/wp\/v2\/posts\/17080\/revisions"}],"predecessor-version":[{"id":17082,"href":"https:\/\/revistaempresarios.net\/web\/wp-json\/wp\/v2\/posts\/17080\/revisions\/17082"}],"wp:featuredmedia":[{"embeddable":true,"href":"https:\/\/revistaempresarios.net\/web\/wp-json\/wp\/v2\/media\/17081"}],"wp:attachment":[{"href":"https:\/\/revistaempresarios.net\/web\/wp-json\/wp\/v2\/media?parent=17080"}],"wp:term":[{"taxonomy":"category","embeddable":true,"href":"https:\/\/revistaempresarios.net\/web\/wp-json\/wp\/v2\/categories?post=17080"},{"taxonomy":"post_tag","embeddable":true,"href":"https:\/\/revistaempresarios.net\/web\/wp-json\/wp\/v2\/tags?post=17080"}],"curies":[{"name":"wp","href":"https:\/\/api.w.org\/{rel}","templated":true}]}}