{"id":17019,"date":"2025-01-24T10:50:31","date_gmt":"2025-01-24T13:50:31","guid":{"rendered":"https:\/\/revistaempresarios.net\/web\/?p=17019"},"modified":"2025-01-24T10:50:31","modified_gmt":"2025-01-24T13:50:31","slug":"bar-jobim-recria-a-calcada-de-ipanema-e-recebe-helo-pinheiro-em-fim-de-tarde-de-inauguracao","status":"publish","type":"post","link":"https:\/\/revistaempresarios.net\/web\/2025\/01\/24\/bar-jobim-recria-a-calcada-de-ipanema-e-recebe-helo-pinheiro-em-fim-de-tarde-de-inauguracao\/","title":{"rendered":"Bar Jobim recria a Cal\u00e7ada de Ipanema e recebe Hel\u00f4 Pinheiro em fim de tarde de inaugura\u00e7\u00e3o"},"content":{"rendered":"<p><em>Grupo de bares cariocas, mais conhecido como, \u201cIpaneminha de Moema\u201d, presenteia o bairro com um \u201cpeda\u00e7o do Rio\u201d e realiza celebra\u00e7\u00f5es especiais com participa\u00e7\u00e3o da eterna Garota de Ipanema<\/em><\/p>\n<p>No pr\u00f3ximo dia 29 de janeiro (Quarta-Feira), o bairro de\u00a0<strong>Moema<\/strong>, em S\u00e3o Paulo, ser\u00e1 palco de um evento \u00fanico\u00a0que\u00a0une\u00a0moda,\u00a0gastronomia\u00a0e\u00a0cultura.\u00a0A\u00a0<strong>Chef Mariele Horbach<\/strong>, celebrar\u00e1 a inaugura\u00e7\u00e3o da nova cal\u00e7ada inspirada no ic\u00f4nico mosaico de pedras portuguesas da aut\u00eantica cal\u00e7ada de Ipanema, projetada pelo \u201carquiteto\u201d, paisagista e urbanista\u00a0<strong>Roberto Burle Marx<\/strong>. O evento, promovido pelo\u00a0<strong>Grupo Hungry<\/strong>, ser\u00e1 realizado no\u00a0<strong>Bar Jobim<\/strong>\u00a0&#8211; mais conhecido pelo seus frequentadores, como\u00a0<strong>Ipaneminha de Moema<\/strong>\u00a0&#8211; a partir das 18h, e j\u00e1 tem a confirmada a presen\u00e7a da jornalista a presen\u00e7a de\u00a0<strong>Hel\u00f4 Pinheiro<\/strong>, a nossa eterna garota de Ipanema. \u201c<em>Uma realiza\u00e7\u00e3o preparar este evento e que honra receber a Hel\u00f4 na nossa casa, o Bar Jobim, estou muito feliz e ansiosa por com esse momento hist\u00f3rico<\/em>\u201d, comemorou a Chef.<\/p>\n<p>A ocasi\u00e3o especial, contar\u00e1 tamb\u00e9m com samba ao vivo e uma atmosfera que celebra o elo entre o Rio de Janeiro e S\u00e3o Paulo.<\/p>\n<p>Reconhecida como a 1\u00aa Chef do Brasil a conectar a gastronomia carioca de boteco e culin\u00e1ria ao mundo\u00a0da\u00a0moda e das passarelas, Mariele Horbach se consagrou no segundo semestre do ano passado, 2024, como\u00a0precursora\u00a0da\u00a0gastronomia\u00a0carioca\u00a0no\u00a0universo\u00a0fashion,\u00a0levando\u00a0o conceito culin\u00e1rio e gastron\u00f4mico de botecos cariocas para as passarelas e backstages, por meio da sua participa\u00e7\u00e3o no backstage do nota\u0301vel talent scout\u00a0<strong>Elian Gallardo<\/strong>\u00a0na 55\u00aa Edi\u00e7\u00e3o da CASA DOS CRIADORES ocorrida no Vale do Anhangaba\u00fa\u00a0e por estrear o ano de 2025 como capa da revista\u00a0<strong>Bananas Magazine<\/strong>\u00a0(edi\u00e7\u00e3o de Janeiro).<\/p>\n<p><a href=\"https:\/\/epopnaweb.com.br\/wp-content\/uploads\/2025\/01\/9a165477-14b6-496c-816a-190fb93cc64e-1.jpg\" target=\"_blank\" rel=\"noopener\"><img decoding=\"async\" src=\"https:\/\/epopnaweb.com.br\/wp-content\/uploads\/2025\/01\/9a165477-14b6-496c-816a-190fb93cc64e-1-225x300.jpg\" \/><\/a><\/p>\n<p>Cr\u00e9dito: acervo pessoal<\/p>\n<p>No dia 25 de janeiro, anivers\u00e1rio de 471 anos de S\u00e3o Paulo, as festividades continuam e os s\u00f3cios-propriet\u00e1rios do Grupo Hungry,\u00a0<strong>Mariele Horbach<\/strong>\u00a0e\u00a0<strong>Andr\u00e9 Silveira<\/strong>, celebraram a data\u00a0oferecendo sem \u00f4nus e simultaneamente\u00a0um\u00a0bolo\u00a0de anivers\u00e1rio em todos os bares do grupo.<\/p>\n<p>Moema \u00e9 um bairro t\u00edpico paulistano que se tornou um marco de inova\u00e7\u00e3o e tradi\u00e7\u00e3o, e a inaugura\u00e7\u00e3o da Cal\u00e7ada de Ipanema recriada em S\u00e3o Paulo no dia 29 de Janeiro celebrar\u00e1 n\u00e3o s\u00f3 o patrim\u00f4nio arquitet\u00f4nico do bairro, mas tamb\u00e9m a uni\u00e3o de diferentes express\u00f5es art\u00edsticas em um s\u00f3 espa\u00e7o. A a\u00e7\u00e3o promete ser inesquec\u00edvel, conectando sabores, estilo e cultura.<\/p>\n<p>Para os interessados em mergulhar nessa celebra\u00e7\u00e3o, registramos que \u00e9 uma oportunidade de vivenciar uma combina\u00e7\u00e3o perfeita entre a tradi\u00e7\u00e3o carioca, a arte e a cultura, atrela \u00e0 modernidade desta expressiva megal\u00f3pole mundial, nossa aniversariante S\u00e3o Paulo.<\/p>\n<p>\u201c<em>S\u00e3o muitos registros para ficar na hist\u00f3ria da Capital vindo por a\u00ed n\u00e3o \u00e9 mesmo?! J\u00e1 anota na agenda, compare\u00e7a e festeja com a gente. Todos muito bem vindos!<\/em>\u201d, informa Mariele Horbach.<\/p>\n<p>A a\u00e7\u00e3o ser\u00e1 projetada ao vivo pelo Instagram do Bar Jobim @barjobim.<\/p>\n<p><strong>Servi\u00e7o:<\/strong><\/p>\n<p><strong>29\/01 &#8211; Inaugura\u00e7\u00e3o Cal\u00e7ada De Ipanema recriada no Bar Jobim com a presen\u00e7a de jornalistas e musa da can\u00e7\u00e3o Garota de Ipanema, Hel\u00f4 Pinheiro<\/strong><\/p>\n<p><strong>Hor\u00e1rio: a partir das 18h<\/strong><\/p>\n<p><strong>Local: Bar Jobim &#8211;\u00a0<a href=\"https:\/\/www.google.com\/maps\/place\/data=!4m2!3m1!1s0x94ce5a1057415555:0x6d98f6f04e78c0d4?hl=pt\" target=\"_blank\" rel=\"noopener\">Alameda dos Nhambiquaras, 782 &#8211; Loja 5 &#8211; Moema<\/a><\/strong><\/p>\n<p>&nbsp;<\/p>\n<p><a href=\"https:\/\/epopnaweb.com.br\/wp-content\/uploads\/2025\/01\/e6ad366d-4abf-48f9-b4e6-ca54eb72852c.jpg\" target=\"_blank\" rel=\"noopener\"><img decoding=\"async\" src=\"https:\/\/epopnaweb.com.br\/wp-content\/uploads\/2025\/01\/e6ad366d-4abf-48f9-b4e6-ca54eb72852c.jpg\" \/><\/a>\u00a0Cr\u00e9dito: Lu\u00eds Vinh\u00e3o<\/p>\n<p>Para os interessados em mergulhar nessa celebra\u00e7\u00e3o, o evento \u00e9 uma oportunidade de vivenciar uma combina\u00e7\u00e3o perfeita de tradi\u00e7\u00e3o e modernidade. Sob a lideran\u00e7a vision\u00e1ria da Chef Mariele Horbach, a proposta vai al\u00e9m da gastronomia e da moda, reafirmando a pluralidade cultural que define S\u00e3o Paulo e sua rica hist\u00f3ria de acolhimento e inova\u00e7\u00e3o.<\/p>\n<p>Conhe\u00e7a os bares!<\/p>\n<p><strong>GRUPO HUNGRY<\/strong><\/p>\n<p>Instagram | @grupohungry<\/p>\n<p>linktr.ee\/hungrybotecos<\/p>\n<p>Site | grupohungry.com.br<\/p>\n<p><strong>Bar Jobim<\/strong><\/p>\n<p>Endere\u00e7o: Alameda dos Nhambiquaras 782 &#8211; Moema<\/p>\n<p>Telefone: (11) 2628 3748<\/p>\n<p>Central de Reserva via WhatsApp | (11) 99012 9656<\/p>\n<p>E-mail: contato@grupohungry.com.br<\/p>\n<p>Instagram: @barjobim_sp<\/p>\n<p>Hor\u00e1rio: Segunda a segunda, das 11h \u00e0s 00h<\/p>\n<p><strong>Cal\u00e7ad\u00e3o do Espeto<\/strong><\/p>\n<p>Endere\u00e7o: Rua Vicente Pinzon-273<\/p>\n<p>Telefone: (11) 2925 1259<\/p>\n<p>Central de Reserva via WhatsApp | (11) 99012 9656<\/p>\n<p>E-mail: contato@grupohungry.com.br<\/p>\n<p>Instagram: @calcadaodoespeto_sp<\/p>\n<p>Hor\u00e1rio: Segunda a segunda, das 12h \u00e0s 23h<\/p>\n<p><strong>Garota da Vila<\/strong><\/p>\n<p>Endere\u00e7o: Rua J\u00falio Diniz, 82 &#8211; Vila Ol\u00edmpia<\/p>\n<p>Telefone: (11) 2478 2519<\/p>\n<p>Central de Reserva via WhatsApp | (11) 99012 9656<\/p>\n<p>E-mail: contato@grupohungry.com.br<\/p>\n<p>Instagram: @garotadavila_sp<\/p>\n<p>Hor\u00e1rio: Segunda a segunda, das 11h \u00e0s 00.<\/p>\n<p>&nbsp;<\/p>\n<p><strong>Garota da Ch\u00e1cara<\/strong><\/p>\n<p>Endere\u00e7o: Capit\u00e3o Ot\u00e1vio Machado 1254- Ch\u00e1cara Santo Ant\u00f4nio<\/p>\n<p>Telefone: (11) 2548 6843<\/p>\n<p>Central de Reserva via WhatsApp | (11) 99012 9656<\/p>\n<p>E-mail: contato@grupohungry.com.br<\/p>\n<p>Instagram: @garotadachacara_sp<\/p>\n<p>Hor\u00e1rio: Segunda a segunda, das 12h \u00e0s 23h<\/p>\n<div class=\"compartilharnot\">\n<div class=\"a2a_kit a2a_default_style\" data-a2a-url=\"\"><\/div>\n<\/div>\n","protected":false},"excerpt":{"rendered":"<p>Grupo de bares cariocas, mais conhecido como, \u201cIpaneminha de Moema\u201d, presenteia o bairro com um \u201cpeda\u00e7o do Rio\u201d e realiza celebra\u00e7\u00f5es especiais com participa\u00e7\u00e3o da eterna Garota de Ipanema No pr\u00f3ximo dia 29 de janeiro (Quarta-Feira), o bairro de\u00a0Moema, em S\u00e3o Paulo, ser\u00e1 palco de um evento \u00fanico\u00a0que\u00a0une\u00a0moda,\u00a0gastronomia\u00a0e\u00a0cultura.\u00a0A\u00a0Chef Mariele Horbach, celebrar\u00e1 a inaugura\u00e7\u00e3o da nova [&hellip;]<\/p>\n","protected":false},"author":2,"featured_media":17021,"comment_status":"open","ping_status":"open","sticky":false,"template":"","format":"standard","meta":{"_jetpack_memberships_contains_paid_content":false,"footnotes":""},"categories":[51,56,57,60],"tags":[10269],"featured_image_src":{"landsacpe":["https:\/\/revistaempresarios.net\/web\/wp-content\/uploads\/2025\/01\/a6606f76-edf4-4461-ac6b-d33db7b08247-597x445.jpeg",597,445,true],"list":["https:\/\/revistaempresarios.net\/web\/wp-content\/uploads\/2025\/01\/a6606f76-edf4-4461-ac6b-d33db7b08247-463x348.jpeg",463,348,true],"medium":["https:\/\/revistaempresarios.net\/web\/wp-content\/uploads\/2025\/01\/a6606f76-edf4-4461-ac6b-d33db7b08247-225x300.jpeg",225,300,true],"full":["https:\/\/revistaempresarios.net\/web\/wp-content\/uploads\/2025\/01\/a6606f76-edf4-4461-ac6b-d33db7b08247.jpeg",597,797,false]},"jetpack_sharing_enabled":true,"jetpack_featured_media_url":"https:\/\/revistaempresarios.net\/web\/wp-content\/uploads\/2025\/01\/a6606f76-edf4-4461-ac6b-d33db7b08247.jpeg","jetpack-related-posts":[],"_links":{"self":[{"href":"https:\/\/revistaempresarios.net\/web\/wp-json\/wp\/v2\/posts\/17019"}],"collection":[{"href":"https:\/\/revistaempresarios.net\/web\/wp-json\/wp\/v2\/posts"}],"about":[{"href":"https:\/\/revistaempresarios.net\/web\/wp-json\/wp\/v2\/types\/post"}],"author":[{"embeddable":true,"href":"https:\/\/revistaempresarios.net\/web\/wp-json\/wp\/v2\/users\/2"}],"replies":[{"embeddable":true,"href":"https:\/\/revistaempresarios.net\/web\/wp-json\/wp\/v2\/comments?post=17019"}],"version-history":[{"count":1,"href":"https:\/\/revistaempresarios.net\/web\/wp-json\/wp\/v2\/posts\/17019\/revisions"}],"predecessor-version":[{"id":17022,"href":"https:\/\/revistaempresarios.net\/web\/wp-json\/wp\/v2\/posts\/17019\/revisions\/17022"}],"wp:featuredmedia":[{"embeddable":true,"href":"https:\/\/revistaempresarios.net\/web\/wp-json\/wp\/v2\/media\/17021"}],"wp:attachment":[{"href":"https:\/\/revistaempresarios.net\/web\/wp-json\/wp\/v2\/media?parent=17019"}],"wp:term":[{"taxonomy":"category","embeddable":true,"href":"https:\/\/revistaempresarios.net\/web\/wp-json\/wp\/v2\/categories?post=17019"},{"taxonomy":"post_tag","embeddable":true,"href":"https:\/\/revistaempresarios.net\/web\/wp-json\/wp\/v2\/tags?post=17019"}],"curies":[{"name":"wp","href":"https:\/\/api.w.org\/{rel}","templated":true}]}}