{"id":16967,"date":"2025-01-15T10:04:38","date_gmt":"2025-01-15T13:04:38","guid":{"rendered":"https:\/\/revistaempresarios.net\/web\/?p=16967"},"modified":"2025-01-15T10:04:38","modified_gmt":"2025-01-15T13:04:38","slug":"as-ferias-chegaram-reflexoes-para-este-periodo-tao-intenso-com-as-criancas","status":"publish","type":"post","link":"https:\/\/revistaempresarios.net\/web\/2025\/01\/15\/as-ferias-chegaram-reflexoes-para-este-periodo-tao-intenso-com-as-criancas\/","title":{"rendered":"As f\u00e9rias chegaram! Reflex\u00f5es para este per\u00edodo t\u00e3o intenso com as crian\u00e7as"},"content":{"rendered":"<p>Quando as f\u00e9rias escolares chegam, surgem desafios naturais para muitas fam\u00edlias, especialmente porque os pais, em sua maioria, continuam com as rotinas de trabalho. O recesso escolar, ainda que essencial para o descanso das crian\u00e7as, interrompe a principal rede de apoio do s\u00e9culo XXI: a escola. Nesse cen\u00e1rio, \u00e9 fundamental planejar experi\u00eancias que sejam enriquecedoras e compat\u00edveis com as necessidades das crian\u00e7as e as limita\u00e7\u00f5es dos pais.<\/p>\n<p>As cidades oferecem recursos valiosos para esse per\u00edodo, como parques, teatros, bibliotecas e centros culturais. Esses espa\u00e7os n\u00e3o apenas garantem entretenimento, mas tamb\u00e9m promovem viv\u00eancias art\u00edsticas e culturais que contribuem para o desenvolvimento emocional e cognitivo dos pequenos. Contudo, \u00e9 fundamental reconhecer que nem todas as fam\u00edlias t\u00eam acesso facilitado a essas op\u00e7\u00f5es. A dist\u00e2ncia, o custo ou at\u00e9 mesmo a falta de informa\u00e7\u00e3o podem limitar a participa\u00e7\u00e3o em atividades externas.<\/p>\n<p>Por outro lado, as f\u00e9rias tamb\u00e9m s\u00e3o uma oportunidade para desacelerar. Crian\u00e7as que passam o ano em rotinas escolares intensas muitas vezes precisam de momentos de \u00f3cio e descanso. Estudos apontam que o tempo livre \u00e9 essencial para o desenvolvimento da criatividade e para a redu\u00e7\u00e3o da ansiedade. Um dia tranquilo em casa, brincando no quintal ou explorando a imagina\u00e7\u00e3o, pode ser t\u00e3o valioso quanto uma sa\u00edda planejada. \u00c9 nesse equil\u00edbrio que as fam\u00edlias podem encontrar a verdadeira ess\u00eancia do per\u00edodo de f\u00e9rias.<\/p>\n<p>Para quem vive fora das zonas urbanas, o contato com a natureza oferece oportunidades \u00fanicas. Aventuras simples, como explorar o quintal, visitar uma fazenda ou fazer trilhas, podem proporcionar experi\u00eancias memor\u00e1veis. Essas atividades refor\u00e7am o v\u00ednculo das crian\u00e7as com o ambiente natural e promovem momentos de qualidade em fam\u00edlia, muitas vezes ausentes na rotina acelerada do ano letivo.<\/p>\n<p>A fun\u00e7\u00e3o dos pais, nesse cen\u00e1rio, abrange muito mais do que apenas o planejamento log\u00edstico. Trata-se de uma chance de construir lembran\u00e7as emocionais e refor\u00e7ar as rela\u00e7\u00f5es familiares. Para quem procura suporte, acompanhar artistas, educadores e projetos culturais pode aumentar as op\u00e7\u00f5es de divers\u00e3o. Acampamentos de f\u00e9rias e atividades tem\u00e1ticas s\u00e3o \u00f3timas maneiras de unir entretenimento e aprendizado de maneira segura e inovadora.<\/p>\n<p>Embora o tempo que os pais t\u00eam \u00e0 disposi\u00e7\u00e3o seja restrito, o que realmente importa \u00e9 a qualidade desse tempo. Dedicar alguns minutos do dia exclusivamente \u00e0s crian\u00e7as, livre de distra\u00e7\u00f5es como celulares ou preocupa\u00e7\u00f5es do dia a dia, pode fazer uma grande diferen\u00e7a. Atividades como cozinhar em conjunto, brincar por 20 minutos ou ter uma r\u00e1pida conversa sobre os planos di\u00e1rios s\u00e3o essenciais para fortalecer la\u00e7os e proporcionar seguran\u00e7a aos pequenos.<\/p>\n<p>Para reduzir a depend\u00eancia de telas durante as f\u00e9rias, \u00e9 essencial sugerir atividades que sejam igualmente cativantes. Jogos de tabuleiro, brincadeiras ao ar livre e at\u00e9 mesmo desafios criativos, como organizar um acampamento improvisado na sala ou encenar uma pe\u00e7a em casa, s\u00e3o alternativas interessantes. Definir limites claros e hor\u00e1rios espec\u00edficos para o uso de dispositivos eletr\u00f4nicos ajuda a manter um equil\u00edbrio saud\u00e1vel, evitando conflitos desnecess\u00e1rios.<\/p>\n<p>Ademais, garantir uma alimenta\u00e7\u00e3o saud\u00e1vel e a ingest\u00e3o de l\u00edquidos durante as f\u00e9rias \u00e9 fundamental para que as crian\u00e7as tenham energia e \u00e2nimo para desfrutar desse tempo. Oferecer frutas frescas, pratos equilibrados e \u00e1gua acess\u00edvel contribui para o seu bem-estar f\u00edsico. Em dias de atividades mais exercitantes, como passeios ao ar livre, \u00e9 ainda mais crucial intensificar esses cuidados, evitando produtos industrializados e optando por alternativas nutritivas que mantenham a din\u00e2mica das brincadeiras.<\/p>\n<p>O mais importante \u00e9 compreender que o valor das f\u00e9rias escolares n\u00e3o est\u00e1 apenas nas atividades externas, mas tamb\u00e9m na capacidade de respeitar o tempo e o ritmo das crian\u00e7as. Este per\u00edodo \u00e9 uma oportunidade para ensinar, conectar e, acima de tudo, valorizar os momentos em fam\u00edlia, seja atrav\u00e9s de experi\u00eancias culturais, do contato com a natureza ou do simples prazer de compartilhar o cotidiano.<\/p>\n<p><strong>\u00a0<\/strong><em>Lili Flor, <\/em><em>Professora e educadora infantil, por toda sua vida Liliani Oliveira esteve rodeada de crian\u00e7as. Muito al\u00e9m da sua profiss\u00e3o, a paix\u00e3o pelo cotidiano dos pequenos a inspirou a explorar seu lado art\u00edstico e, ao conhecer Paulo, formaram a dupla Lili Flor &amp; Paulo Pixu.<\/em><\/p>\n<p><em>Mais que apenas uma dupla musical, eles s\u00e3o contadores de hist\u00f3rias e, atrav\u00e9s de suas can\u00e7\u00f5es, combinam elementos da cultura brasileira com toques de criatividade e sensibilidade. Com dez anos de carreira, os dois conquistaram um espa\u00e7o especial no cen\u00e1rio cultural, especialmente no universo infantil, mas suas composi\u00e7\u00f5es s\u00e3o capazes de tocar o cora\u00e7\u00e3o de qualquer p\u00fablico.<\/em><\/p>\n<p><em>A parceria entre Lili e Paulo come\u00e7ou de forma espont\u00e2nea. Casados, eles t\u00eam a paix\u00e3o compartilhada pela m\u00fasica e pela arte de contar hist\u00f3rias. Desde ent\u00e3o, eles t\u00eam trabalhado juntos para criar um repert\u00f3rio original e envolvente, que j\u00e1 rendeu shows aclamados pela cr\u00edtica e pelo p\u00fablico. Suas apresenta\u00e7\u00f5es s\u00e3o conhecidas por mesclar m\u00fasica, teatro e interatividade, criando um ambiente onde o p\u00fablico \u00e9 parte integrante da narrativa.<\/em><\/p>\n","protected":false},"excerpt":{"rendered":"<p>Quando as f\u00e9rias escolares chegam, surgem desafios naturais para muitas fam\u00edlias, especialmente porque os pais, em sua maioria, continuam com as rotinas de trabalho. O recesso escolar, ainda que essencial para o descanso das crian\u00e7as, interrompe a principal rede de apoio do s\u00e9culo XXI: a escola. Nesse cen\u00e1rio, \u00e9 fundamental planejar experi\u00eancias que sejam enriquecedoras [&hellip;]<\/p>\n","protected":false},"author":2,"featured_media":16963,"comment_status":"open","ping_status":"open","sticky":false,"template":"","format":"standard","meta":{"_jetpack_memberships_contains_paid_content":false,"_joinchat":[],"footnotes":""},"categories":[51],"tags":[],"featured_image_src":{"landsacpe":["https:\/\/revistaempresarios.net\/web\/wp-content\/uploads\/2025\/01\/WhatsApp-Image-2025-01-15-at-09.46.31-843x445.jpeg",843,445,true],"list":["https:\/\/revistaempresarios.net\/web\/wp-content\/uploads\/2025\/01\/WhatsApp-Image-2025-01-15-at-09.46.31-463x348.jpeg",463,348,true],"medium":["https:\/\/revistaempresarios.net\/web\/wp-content\/uploads\/2025\/01\/WhatsApp-Image-2025-01-15-at-09.46.31-225x300.jpeg",225,300,true],"full":["https:\/\/revistaempresarios.net\/web\/wp-content\/uploads\/2025\/01\/WhatsApp-Image-2025-01-15-at-09.46.31.jpeg",843,1122,false]},"jetpack_sharing_enabled":true,"jetpack_featured_media_url":"https:\/\/revistaempresarios.net\/web\/wp-content\/uploads\/2025\/01\/WhatsApp-Image-2025-01-15-at-09.46.31.jpeg","jetpack-related-posts":[],"_links":{"self":[{"href":"https:\/\/revistaempresarios.net\/web\/wp-json\/wp\/v2\/posts\/16967"}],"collection":[{"href":"https:\/\/revistaempresarios.net\/web\/wp-json\/wp\/v2\/posts"}],"about":[{"href":"https:\/\/revistaempresarios.net\/web\/wp-json\/wp\/v2\/types\/post"}],"author":[{"embeddable":true,"href":"https:\/\/revistaempresarios.net\/web\/wp-json\/wp\/v2\/users\/2"}],"replies":[{"embeddable":true,"href":"https:\/\/revistaempresarios.net\/web\/wp-json\/wp\/v2\/comments?post=16967"}],"version-history":[{"count":1,"href":"https:\/\/revistaempresarios.net\/web\/wp-json\/wp\/v2\/posts\/16967\/revisions"}],"predecessor-version":[{"id":16968,"href":"https:\/\/revistaempresarios.net\/web\/wp-json\/wp\/v2\/posts\/16967\/revisions\/16968"}],"wp:featuredmedia":[{"embeddable":true,"href":"https:\/\/revistaempresarios.net\/web\/wp-json\/wp\/v2\/media\/16963"}],"wp:attachment":[{"href":"https:\/\/revistaempresarios.net\/web\/wp-json\/wp\/v2\/media?parent=16967"}],"wp:term":[{"taxonomy":"category","embeddable":true,"href":"https:\/\/revistaempresarios.net\/web\/wp-json\/wp\/v2\/categories?post=16967"},{"taxonomy":"post_tag","embeddable":true,"href":"https:\/\/revistaempresarios.net\/web\/wp-json\/wp\/v2\/tags?post=16967"}],"curies":[{"name":"wp","href":"https:\/\/api.w.org\/{rel}","templated":true}]}}