{"id":16700,"date":"2024-11-28T13:21:01","date_gmt":"2024-11-28T16:21:01","guid":{"rendered":"https:\/\/revistaempresarios.net\/web\/?p=16700"},"modified":"2024-11-28T13:43:34","modified_gmt":"2024-11-28T16:43:34","slug":"casal-monken-promove-festa-bebes-2024","status":"publish","type":"post","link":"https:\/\/revistaempresarios.net\/web\/2024\/11\/28\/casal-monken-promove-festa-bebes-2024\/","title":{"rendered":"Casal Monken promove Festa Beb\u00eas 2024"},"content":{"rendered":"<p>No dia 8 de dezembro, o casal de obstetras Nat\u00e1lia e Frederico Monken promove a 4\u00aa edi\u00e7\u00e3o da festa Beb\u00eas Casal Moken. O evento celebra junto as pacientes, m\u00e3es e gestantes convidadas, as vidas geradas pelos profissionais em coquetel no Vila Verde Eventos (Av. Joaquim Jos\u00e9 Diniz, 455).<\/p>\n<p>\u201cDesde a primeira edi\u00e7\u00e3o percebemos o real significado da conex\u00e3o que cri\u00e1vamos com nossas pacientes, bem como toda a fam\u00edlia. A primeira festa teve ades\u00e3o 100% das m\u00e3es que atend\u00edamos e foi crescendo, atraindo futuras m\u00e3es, pais tamb\u00e9m e o intuito realmente se tornou o da celebra\u00e7\u00e3o, que tem tudo a ver com o atendimento humanizado que prestamos e as rela\u00e7\u00f5es interpessoais que criamos com as fam\u00edlias\u201d, explica a Dra. Nat\u00e1lia Monken.<\/p>\n<p>Com participa\u00e7\u00e3o especial do cantor Jo\u00e3o Luccas e produ\u00e7\u00e3o da All Party Eventos, o evento contar\u00e1 com presen\u00e7as Vips, junto as Rela\u00e7\u00f5es P\u00fablicas Flavia Presoti e Luciana Avelino, tamb\u00e9m apresentadoras do podcast Hist\u00f3rias Reais, que transmitir\u00e3o ao vivo, cases especiais junto aos profissionais e convidados.<\/p>\n<p><strong>Sobre o Casal Monken<\/strong><\/p>\n<p>Uma experi\u00eancia premium de pr\u00e9-natal e parto baseada em evid\u00eancias cient\u00edficas atualizadas, respeitando as individualidades de suas pacientes. Foi assim que os Drs. Frederico e Nat\u00e1lia Monken fundaram o Espa\u00e7o Casal Monken voltado aos cuidados \u00e0 Sa\u00fade da Mulher.<\/p>\n<p>Localizado em um ponto estrat\u00e9gico em Belo Horizonte-MG, o espa\u00e7o oferece diferentes especialidades, tais como: Ginecologia, Obstetr\u00edcia, Parto Humanizado, Pediatria, Planejamento Familiar, Cesariana, entre outros.<\/p>\n<p>O cuidado e atendimento humanizado tornaram o Espa\u00e7o Casal Monken refer\u00eancia no segmento, atraindo pacientes da regi\u00e3o e de todo o Estado mineiro.<\/p>\n<p><strong><u>Casal Monken<\/u><\/strong><\/p>\n<p><a href=\"http:\/\/www.casalmonken.com.br\"><strong>www.casalmonken.com.br<\/strong><\/a><\/p>\n<p><strong>@casalmonken<\/strong><\/p>\n","protected":false},"excerpt":{"rendered":"<p>No dia 8 de dezembro, o casal de obstetras Nat\u00e1lia e Frederico Monken promove a 4\u00aa edi\u00e7\u00e3o da festa Beb\u00eas Casal Moken. O evento celebra junto as pacientes, m\u00e3es e gestantes convidadas, as vidas geradas pelos profissionais em coquetel no Vila Verde Eventos (Av. Joaquim Jos\u00e9 Diniz, 455). \u201cDesde a primeira edi\u00e7\u00e3o percebemos o real [&hellip;]<\/p>\n","protected":false},"author":2,"featured_media":16705,"comment_status":"open","ping_status":"open","sticky":false,"template":"","format":"standard","meta":{"_jetpack_memberships_contains_paid_content":false,"_joinchat":[],"footnotes":""},"categories":[51,60],"tags":[10154],"featured_image_src":{"landsacpe":["https:\/\/revistaempresarios.net\/web\/wp-content\/uploads\/2024\/11\/c078571c-c07d-4207-94a6-22228b33bc1e-1140x445.jpeg",1140,445,true],"list":["https:\/\/revistaempresarios.net\/web\/wp-content\/uploads\/2024\/11\/c078571c-c07d-4207-94a6-22228b33bc1e-463x348.jpeg",463,348,true],"medium":["https:\/\/revistaempresarios.net\/web\/wp-content\/uploads\/2024\/11\/c078571c-c07d-4207-94a6-22228b33bc1e-300x201.jpeg",300,201,true],"full":["https:\/\/revistaempresarios.net\/web\/wp-content\/uploads\/2024\/11\/c078571c-c07d-4207-94a6-22228b33bc1e.jpeg",1209,811,false]},"jetpack_sharing_enabled":true,"jetpack_featured_media_url":"https:\/\/revistaempresarios.net\/web\/wp-content\/uploads\/2024\/11\/c078571c-c07d-4207-94a6-22228b33bc1e.jpeg","jetpack-related-posts":[],"_links":{"self":[{"href":"https:\/\/revistaempresarios.net\/web\/wp-json\/wp\/v2\/posts\/16700"}],"collection":[{"href":"https:\/\/revistaempresarios.net\/web\/wp-json\/wp\/v2\/posts"}],"about":[{"href":"https:\/\/revistaempresarios.net\/web\/wp-json\/wp\/v2\/types\/post"}],"author":[{"embeddable":true,"href":"https:\/\/revistaempresarios.net\/web\/wp-json\/wp\/v2\/users\/2"}],"replies":[{"embeddable":true,"href":"https:\/\/revistaempresarios.net\/web\/wp-json\/wp\/v2\/comments?post=16700"}],"version-history":[{"count":1,"href":"https:\/\/revistaempresarios.net\/web\/wp-json\/wp\/v2\/posts\/16700\/revisions"}],"predecessor-version":[{"id":16702,"href":"https:\/\/revistaempresarios.net\/web\/wp-json\/wp\/v2\/posts\/16700\/revisions\/16702"}],"wp:featuredmedia":[{"embeddable":true,"href":"https:\/\/revistaempresarios.net\/web\/wp-json\/wp\/v2\/media\/16705"}],"wp:attachment":[{"href":"https:\/\/revistaempresarios.net\/web\/wp-json\/wp\/v2\/media?parent=16700"}],"wp:term":[{"taxonomy":"category","embeddable":true,"href":"https:\/\/revistaempresarios.net\/web\/wp-json\/wp\/v2\/categories?post=16700"},{"taxonomy":"post_tag","embeddable":true,"href":"https:\/\/revistaempresarios.net\/web\/wp-json\/wp\/v2\/tags?post=16700"}],"curies":[{"name":"wp","href":"https:\/\/api.w.org\/{rel}","templated":true}]}}