{"id":16595,"date":"2024-11-08T20:28:58","date_gmt":"2024-11-08T23:28:58","guid":{"rendered":"https:\/\/revistaempresarios.net\/web\/?p=16595"},"modified":"2024-11-08T20:28:58","modified_gmt":"2024-11-08T23:28:58","slug":"consumidores-de-sao-paulo-para-e-mato-grosso-lideram-contratacoes-de-financiamento-de-paineis-solares-no-brasil","status":"publish","type":"post","link":"https:\/\/revistaempresarios.net\/web\/2024\/11\/08\/consumidores-de-sao-paulo-para-e-mato-grosso-lideram-contratacoes-de-financiamento-de-paineis-solares-no-brasil\/","title":{"rendered":"Consumidores de S\u00e3o Paulo, Par\u00e1 e Mato Grosso lideram contrata\u00e7\u00f5es de financiamento de pain\u00e9is solares no Brasil"},"content":{"rendered":"<div class=\"itemBody\">\n<div class=\"itemIntroText\">\n<p>Segundo mapeamento da plataforma Meu Financiamento Solar, paulistas representam 14,8% do total de cr\u00e9ditos liberados para instala\u00e7\u00e3o de sistemas fotovoltaicos no terceiro trimestre deste ano<\/p>\n<\/div>\n<div class=\"itemFullText\">\n<p>Os aumentos recentes na conta de luz e a maior oferta de solu\u00e7\u00f5es para financiamento de kits de energia solar no Brasil t\u00eam elevado o volume de contrata\u00e7\u00f5es de cr\u00e9dito pelos brasileiros para instalar pain\u00e9is fotovoltaicos. De acordo com balan\u00e7o da plataforma Meu Financiamento Solar, especializada em financiamento para projetos fotovoltaicos de gera\u00e7\u00e3o pr\u00f3pria de energia solar no Pa\u00eds, os consumidores do estado de S\u00e3o Paulo lideram as contrata\u00e7\u00f5es para implanta\u00e7\u00e3o de sistemas solares em telhados e pequenos terrenos.<\/p>\n<p>Segundo o mapeamento, os paulistas representam 14,8% do total de aquisi\u00e7\u00e3o de cr\u00e9dito na plataforma no terceiro trimestre deste ano. Em seguida, o ranking traz os estados do Par\u00e1 e do Mato Grosso, com 12,2% e 8,3%, respectivamente (veja top 5 estados abaixo).<\/p>\n<p>S\u00e3o Paulo \u00e9 protagonista na gera\u00e7\u00e3o pr\u00f3pria solar entre os estados brasileiros, registrando maior pot\u00eancia instalada da fonte em telhados, pequenos neg\u00f3cios e terrenos. Segundo recente mapeamento da Associa\u00e7\u00e3o Brasileira de Energia Solar Fotovoltaica (ABSOLAR), a regi\u00e3o possui 4,6 gigawatts em opera\u00e7\u00e3o nas resid\u00eancias, com\u00e9rcios, ind\u00fastrias, propriedades rurais e pr\u00e9dios p\u00fablicos.<\/p>\n<p>O estado possui mais de 486 mil conex\u00f5es operacionais, espalhadas por todos os 645 munic\u00edpios paulistas. Atualmente s\u00e3o mais de 583 mil consumidores de energia el\u00e9trica que j\u00e1 contam com redu\u00e7\u00e3o na conta de luz, maior autonomia e confiabilidade el\u00e9trica.<\/p>\n<p>Desde 2012, a gera\u00e7\u00e3o pr\u00f3pria solar j\u00e1 proporcionou \u00e0 S\u00e3o Paulo a atra\u00e7\u00e3o de R$ 21,8 bilh\u00f5es em investimentos, gera\u00e7\u00e3o de mais de 138 mil empregos e a arrecada\u00e7\u00e3o de R$ 6,5 bilh\u00f5es aos cofres p\u00fablicos.<\/p>\n<p>J\u00e1 o Par\u00e1 acaba de ultrapassar 1 gigawatt (GW) de pot\u00eancia instalada de sistemas fotovoltaicos em telhados, fachadas e pequenos terrenos, com mais de R$ 4,9 bilh\u00f5es em investimentos acumulados na gera\u00e7\u00e3o pr\u00f3pria solar. A gera\u00e7\u00e3o pr\u00f3pria solar abastece atualmente mais de 130 mil consumidores no estado do Par\u00e1. A regi\u00e3o possui mais de 102 mil conex\u00f5es operacionais da fonte fotovoltaica, espalhadas por 143 cidades (99,3% do total).<\/p>\n<p>No caso do Mato Grosso, o estado registra mais de 2 gigawatts (GW) de pot\u00eancia instalada na modalidade. A regi\u00e3o possui mais de 154 mil conex\u00f5es operacionais, espalhadas por todas 141 cidades da regi\u00e3o. Atualmente s\u00e3o mais de 185 mil consumidores de energia el\u00e9trica que j\u00e1 contam com redu\u00e7\u00e3o na conta de luz, maior autonomia e confiabilidade el\u00e9trica.<\/p>\n<p>Desde 2012, a modalidade j\u00e1 proporcionou ao Mato Grosso a atra\u00e7\u00e3o de R$ 9,5 bilh\u00f5es em investimentos, gera\u00e7\u00e3o de mais de 62 mil empregos e a arrecada\u00e7\u00e3o de mais de R$ 2,9 bilh\u00f5es aos cofres p\u00fablicos.<\/p>\n<p>Para Carolina Reis, diretora do Meu Financiamento Solar, a energia solar \u00e9 acess\u00edvel a todos os perfis de consumidores, tendo nas ofertas de cr\u00e9dito um fator determinante de democratiza\u00e7\u00e3o da tecnologia junto aos brasileiros. \u201cO crescimento exponencial do uso da energia solar em resid\u00eancias, empresas e propriedades rurais, sobretudo nos \u00faltimos dois anos, est\u00e1 ligado \u00e0s solu\u00e7\u00f5es cada vez mais simplificadas de financiamento, bem como \u00e0 queda no pre\u00e7o do kit solar e \u00e0s altas tarifas de energia el\u00e9trica no Brasil\u201d, explica a executiva.<\/p>\n<p><strong>TOP 5 estados com mais contrata\u00e7\u00e3o de financiamento de pain\u00e9is solares no Brasil<\/strong><\/p>\n<p><strong>S\u00e3o Paulo &#8211; 14,8%<\/strong><br \/>\n<strong>Par\u00e1 \u2013 12,2%<\/strong><br \/>\n<strong>Mato Grosso \u2013 8%<\/strong><br \/>\n<strong>Bahia \u2013 7,1%<\/strong><br \/>\n<strong>Pernambuco \u2013 6,9%<\/strong><\/p>\n<p>Fonte: Meu Financiamento Solar (3\u00ba trimestre de 2024)<\/p>\n<p><strong>Sobre o Meu Financiamento Solar<\/strong><\/p>\n<p>O Meu Financiamento Solar \u00e9 a maior plataforma de aquisi\u00e7\u00e3o de cr\u00e9dito para energia solar do Brasil, com aprova\u00e7\u00e3o 100% digital, r\u00e1pida e segura. Solu\u00e7\u00e3o do Banco BV, nasceu de forma independente em 2020 com o intuito de tornar o uso de sistemas fotovoltaicos mais acess\u00edvel, e em 2023 atingiu mais de 130 mil propostas pagas.<\/p>\n<\/div>\n<\/div>\n<div class=\"e-mailit_toolbox circular  size48\">\n<div class=\"e-mailit_btn_EMAILiT\"><\/div>\n<\/div>\n","protected":false},"excerpt":{"rendered":"<p>Segundo mapeamento da plataforma Meu Financiamento Solar, paulistas representam 14,8% do total de cr\u00e9ditos liberados para instala\u00e7\u00e3o de sistemas fotovoltaicos no terceiro trimestre deste ano Os aumentos recentes na conta de luz e a maior oferta de solu\u00e7\u00f5es para financiamento de kits de energia solar no Brasil t\u00eam elevado o volume de contrata\u00e7\u00f5es de cr\u00e9dito [&hellip;]<\/p>\n","protected":false},"author":2,"featured_media":16596,"comment_status":"open","ping_status":"open","sticky":false,"template":"","format":"standard","meta":{"_jetpack_memberships_contains_paid_content":false,"footnotes":""},"categories":[51,54,56,57,60],"tags":[10116,10117],"featured_image_src":{"landsacpe":["https:\/\/revistaempresarios.net\/web\/wp-content\/uploads\/2024\/11\/1d64fedb9dcf1a07321f524489d4aa4f_XL-1140x445.jpg",1140,445,true],"list":["https:\/\/revistaempresarios.net\/web\/wp-content\/uploads\/2024\/11\/1d64fedb9dcf1a07321f524489d4aa4f_XL-463x348.jpg",463,348,true],"medium":["https:\/\/revistaempresarios.net\/web\/wp-content\/uploads\/2024\/11\/1d64fedb9dcf1a07321f524489d4aa4f_XL-300x200.jpg",300,200,true],"full":["https:\/\/revistaempresarios.net\/web\/wp-content\/uploads\/2024\/11\/1d64fedb9dcf1a07321f524489d4aa4f_XL.jpg",1220,813,false]},"jetpack_sharing_enabled":true,"jetpack_featured_media_url":"https:\/\/revistaempresarios.net\/web\/wp-content\/uploads\/2024\/11\/1d64fedb9dcf1a07321f524489d4aa4f_XL.jpg","jetpack-related-posts":[],"_links":{"self":[{"href":"https:\/\/revistaempresarios.net\/web\/wp-json\/wp\/v2\/posts\/16595"}],"collection":[{"href":"https:\/\/revistaempresarios.net\/web\/wp-json\/wp\/v2\/posts"}],"about":[{"href":"https:\/\/revistaempresarios.net\/web\/wp-json\/wp\/v2\/types\/post"}],"author":[{"embeddable":true,"href":"https:\/\/revistaempresarios.net\/web\/wp-json\/wp\/v2\/users\/2"}],"replies":[{"embeddable":true,"href":"https:\/\/revistaempresarios.net\/web\/wp-json\/wp\/v2\/comments?post=16595"}],"version-history":[{"count":1,"href":"https:\/\/revistaempresarios.net\/web\/wp-json\/wp\/v2\/posts\/16595\/revisions"}],"predecessor-version":[{"id":16597,"href":"https:\/\/revistaempresarios.net\/web\/wp-json\/wp\/v2\/posts\/16595\/revisions\/16597"}],"wp:featuredmedia":[{"embeddable":true,"href":"https:\/\/revistaempresarios.net\/web\/wp-json\/wp\/v2\/media\/16596"}],"wp:attachment":[{"href":"https:\/\/revistaempresarios.net\/web\/wp-json\/wp\/v2\/media?parent=16595"}],"wp:term":[{"taxonomy":"category","embeddable":true,"href":"https:\/\/revistaempresarios.net\/web\/wp-json\/wp\/v2\/categories?post=16595"},{"taxonomy":"post_tag","embeddable":true,"href":"https:\/\/revistaempresarios.net\/web\/wp-json\/wp\/v2\/tags?post=16595"}],"curies":[{"name":"wp","href":"https:\/\/api.w.org\/{rel}","templated":true}]}}