{"id":16541,"date":"2024-11-07T17:12:19","date_gmt":"2024-11-07T20:12:19","guid":{"rendered":"https:\/\/revistaempresarios.net\/web\/?p=16541"},"modified":"2024-11-07T17:12:19","modified_gmt":"2024-11-07T20:12:19","slug":"g20-pelo-impacto-brasil-avanca-na-lideranca-por-uma-economia-do-bem-estar-e-sustentavel","status":"publish","type":"post","link":"https:\/\/revistaempresarios.net\/web\/2024\/11\/07\/g20-pelo-impacto-brasil-avanca-na-lideranca-por-uma-economia-do-bem-estar-e-sustentavel\/","title":{"rendered":"G20 pelo impacto: Brasil avan\u00e7a na lideran\u00e7a por uma economia do bem-estar e sustent\u00e1vel"},"content":{"rendered":"<p>Com o apoio de uma coaliz\u00e3o global, o Brasil se une a esfor\u00e7os para direcionar crescimento econ\u00f4mico e regenera\u00e7\u00e3o ambiental, destacando a import\u00e2ncia de um novo \u00edndice de bem-estar e modelos de desenvolvimento mais inclusivos na c\u00fapula do G20 de 2024<\/p>\n<p>A economia global est\u00e1 em um momento decisivo, onde o crescimento econ\u00f4mico sustent\u00e1vel e o bem-estar social passam a integrar as prioridades de governos e institui\u00e7\u00f5es ao redor do mundo. Seguindo essa dire\u00e7\u00e3o, o Brasil discutiu, no fim de outubro, sua poss\u00edvel participa\u00e7\u00e3o na Wellbeing Economy Governments (WEGo), uma iniciativa internacional que re\u00fane pa\u00edses como Canad\u00e1, Finl\u00e2ndia, Isl\u00e2ndia, Nova Zel\u00e2ndia, Esc\u00f3cia e Pa\u00eds de Gales para promover uma &#8220;economia do bem-estar&#8221;. &#8221; A abordagem busca alinhar desenvolvimento econ\u00f4mico com responsabilidade ambiental e inclus\u00e3o social, redefinindo o sucesso econ\u00f4mico em termos de florestas compartilhadas.<\/p>\n<p>Durante a reuni\u00e3o da Comiss\u00e3o de Assuntos Econ\u00f4micos do Conselho de Desenvolvimento Econ\u00f4mico Social Sustent\u00e1vel (CDESS), conhecido como \u201cConselh\u00e3o\u201d, o Brasil debateu a possibilidade de adotar o \u00cdndice de Bem-Estar Interno Bruto. Esse indicador seria um passo importante para alinhar pol\u00edticas p\u00fablicas com metas de desenvolvimento humano e ambiental, refletindo uma abordagem mais hol\u00edstica. \u201cSomos o que medimos, e o Bem-Estar Interno Bruto \u00e9 fundamental para harmonizar o crescimento econ\u00f4mico com a preserva\u00e7\u00e3o do planeta\u201d, comentou Marcel Fukayama, coordenador da Comiss\u00e3o e da coaliz\u00e3o G20 pelo Impacto.<\/p>\n<p>O foco exclusivo no lucro est\u00e1 sendo substitu\u00eddo por um modelo que prioriza a prosperidade, o bem-estar social e a sustentabilidade ambiental. Fukayama refor\u00e7a que uma \u201cnova economia\u201d deve ver o lucro como um meio para alcan\u00e7ar as prosperidades compartilhadas e a regenera\u00e7\u00e3o ambiental. O G20 pelo Impacto, uma coaliz\u00e3o de 50 organiza\u00e7\u00f5es nacionais e internacionais, est\u00e1 engajado em pressionar a discuss\u00e3o sobre um modelo econ\u00f4mico inclusivo e regenerativo na c\u00fapula do G20, que acontece em novembro no Rio de Janeiro. \u201cO G20 pelo Impacto \u00e9 uma for\u00e7a pragm\u00e1tica, oferecendo recomenda\u00e7\u00f5es robustas para que as decis\u00f5es dos l\u00edderes globais garantam uma transi\u00e7\u00e3o econ\u00f4mica justa e sustent\u00e1vel\u201d, explica Fukayama. Entre as propostas da coaliz\u00e3o est\u00e3o a cria\u00e7\u00e3o de um Fundo Catal\u00edtico Blended Rotativo Global, focado em financiar projetos de descarboniza\u00e7\u00e3o e solu\u00e7\u00f5es naturais, al\u00e9m de compensar os indicadores de sucesso econ\u00f4mico para melhor refletir qualidade de vida e sustentabilidade.<\/p>\n<p>No Brasil, esse movimento ganha for\u00e7a atrav\u00e9s de pol\u00edticas p\u00fablicas inovadoras, como a ENIMPACTO, a pol\u00edtica de Neoindustrializa\u00e7\u00e3o e o Pacto pela Transforma\u00e7\u00e3o Ecol\u00f3gica, que reafirmam o compromisso do pa\u00eds com um desenvolvimento mais inclusivo e regenerativo. Essas iniciativas demonstram que \u00e9 poss\u00edvel promover o crescimento econ\u00f4mico sem sacrificar o meio ambiente ou agravar desigualdades sociais, colocando o Brasil em destaque no cen\u00e1rio global.<\/p>\n<p>Marcel destaca que estamos vivendo uma transi\u00e7\u00e3o para uma economia que n\u00e3o v\u00ea mais o lucro como o fim em si, mas como um meio para alcan\u00e7ar objetivos maiores, como a prosperidade compartilhada e a regenera\u00e7\u00e3o ambiental. &#8220;A nova economia harmoniza o sucesso financeiro com a dignidade humana e a sa\u00fade planet\u00e1ria&#8221;, afirma Fukayama. Para ele, essa transforma\u00e7\u00e3o \u00e9 tanto urgente quanto inevit\u00e1vel, pois os modelos econ\u00f4micos atuais j\u00e1 n\u00e3o conseguem responder de forma eficaz \u00e0s crises globais.<\/p>\n<p>Essa transi\u00e7\u00e3o para uma nova economia sustent\u00e1vel n\u00e3o se limita ao Brasil. Com uma dimens\u00e3o global, a iniciativa G20 pelo Impacto, uma coaliz\u00e3o de 50 organiza\u00e7\u00f5es, trabalha para influenciar tamb\u00e9m as discuss\u00f5es na edi\u00e7\u00e3o 2025 do G20, que acontecer\u00e1 na \u00c1frica do Sul A coaliz\u00e3o, liderada por Fukayama, busca alinhar os compromissos globais com um modelo econ\u00f4mico inclusivo e regenerativo.<\/p>\n<p>\u201cO G20 pelo Impacto se destaca por ser uma for\u00e7a coordenada e pragm\u00e1tica, oferecendo recomenda\u00e7\u00f5es robustas para que as decis\u00f5es dos l\u00edderes globais garantam uma transi\u00e7\u00e3o econ\u00f4mica justa e sustent\u00e1vel\u201d, explica Fukayama. Entre as propostas estrat\u00e9gicas j\u00e1 apresentadas, est\u00e3o o desbloqueio de capital privado, a mudan\u00e7a nos modelos e \u00edndices econ\u00f4micos, e a cria\u00e7\u00e3o de um ambiente regulat\u00f3rio favor\u00e1vel \u00e0 economia de impacto.<\/p>\n<p>O documento robusto elaborado pelo G20 pelo Impacto com recomenda\u00e7\u00f5es para os grupos de trabalho e para a c\u00fapula dos l\u00edderes do G20 re\u00fane propostas pensadas por dezenas de especialistas das organiza\u00e7\u00f5es que comp\u00f5em a coaliz\u00e3o. Recentemente, eles entregaram uma carta de recomenda\u00e7\u00f5es ao sherpa da presid\u00eancia do G20 no Brasil, o embaixador Mauricio Lyrio. Com olho em uma discuss\u00e3o mais perene, a coaliz\u00e3o tamb\u00e9m entregou uma carta para a presid\u00eancia do G20 na \u00c1frica do Sul, que ocorrer\u00e1 em 2025.<\/p>\n<p><strong>Repensando os \u00edndices econ\u00f4micos tradicionais<\/strong><\/p>\n<p>A nova economia representa uma mudan\u00e7a profunda nos m\u00e9todos de avalia\u00e7\u00e3o do sucesso econ\u00f4mico. O Produto Interno Bruto (PIB), h\u00e1 d\u00e9cadas utilizado como principal indicador de crescimento, j\u00e1 n\u00e3o reflete adequadamente fatores como desigualdade social, degrada\u00e7\u00e3o ambiental e qualidade de vida. Alternativas mais hol\u00edsticas, que mensuram felicidade, bem-estar e sustentabilidade, s\u00e3o cruciais para a constru\u00e7\u00e3o de uma economia que ofere\u00e7a condi\u00e7\u00f5es dignas para todos em um planeta saud\u00e1vel. O Pacto pela Transforma\u00e7\u00e3o Ecol\u00f3gica, \u00e9 um outro exemplo que envolve o setor p\u00fablico e privado em iniciativas para uma transi\u00e7\u00e3o justa para uma economia de baixo carbono. \u201cO Pacto \u00e9 um avan\u00e7o necess\u00e1rio para garantir que o crescimento econ\u00f4mico ocorra dentro dos limites ecol\u00f3gicos do planeta, sem deixar para tr\u00e1s as comunidades mais vulner\u00e1veis\u201d, refor\u00e7a Fukayama.<\/p>\n","protected":false},"excerpt":{"rendered":"<p>Com o apoio de uma coaliz\u00e3o global, o Brasil se une a esfor\u00e7os para direcionar crescimento econ\u00f4mico e regenera\u00e7\u00e3o ambiental, destacando a import\u00e2ncia de um novo \u00edndice de bem-estar e modelos de desenvolvimento mais inclusivos na c\u00fapula do G20 de 2024 A economia global est\u00e1 em um momento decisivo, onde o crescimento econ\u00f4mico sustent\u00e1vel e [&hellip;]<\/p>\n","protected":false},"author":2,"featured_media":16542,"comment_status":"open","ping_status":"open","sticky":false,"template":"","format":"standard","meta":{"_jetpack_memberships_contains_paid_content":false,"footnotes":""},"categories":[51,54,56,57,60],"tags":[10085],"featured_image_src":{"landsacpe":["https:\/\/revistaempresarios.net\/web\/wp-content\/uploads\/2024\/11\/1afb8755-fb5d-4ed2-96d3-9883c7978ec2.jpg",300,200,false],"list":["https:\/\/revistaempresarios.net\/web\/wp-content\/uploads\/2024\/11\/1afb8755-fb5d-4ed2-96d3-9883c7978ec2.jpg",300,200,false],"medium":["https:\/\/revistaempresarios.net\/web\/wp-content\/uploads\/2024\/11\/1afb8755-fb5d-4ed2-96d3-9883c7978ec2.jpg",300,200,false],"full":["https:\/\/revistaempresarios.net\/web\/wp-content\/uploads\/2024\/11\/1afb8755-fb5d-4ed2-96d3-9883c7978ec2.jpg",300,200,false]},"jetpack_sharing_enabled":true,"jetpack_featured_media_url":"https:\/\/revistaempresarios.net\/web\/wp-content\/uploads\/2024\/11\/1afb8755-fb5d-4ed2-96d3-9883c7978ec2.jpg","jetpack-related-posts":[],"_links":{"self":[{"href":"https:\/\/revistaempresarios.net\/web\/wp-json\/wp\/v2\/posts\/16541"}],"collection":[{"href":"https:\/\/revistaempresarios.net\/web\/wp-json\/wp\/v2\/posts"}],"about":[{"href":"https:\/\/revistaempresarios.net\/web\/wp-json\/wp\/v2\/types\/post"}],"author":[{"embeddable":true,"href":"https:\/\/revistaempresarios.net\/web\/wp-json\/wp\/v2\/users\/2"}],"replies":[{"embeddable":true,"href":"https:\/\/revistaempresarios.net\/web\/wp-json\/wp\/v2\/comments?post=16541"}],"version-history":[{"count":1,"href":"https:\/\/revistaempresarios.net\/web\/wp-json\/wp\/v2\/posts\/16541\/revisions"}],"predecessor-version":[{"id":16543,"href":"https:\/\/revistaempresarios.net\/web\/wp-json\/wp\/v2\/posts\/16541\/revisions\/16543"}],"wp:featuredmedia":[{"embeddable":true,"href":"https:\/\/revistaempresarios.net\/web\/wp-json\/wp\/v2\/media\/16542"}],"wp:attachment":[{"href":"https:\/\/revistaempresarios.net\/web\/wp-json\/wp\/v2\/media?parent=16541"}],"wp:term":[{"taxonomy":"category","embeddable":true,"href":"https:\/\/revistaempresarios.net\/web\/wp-json\/wp\/v2\/categories?post=16541"},{"taxonomy":"post_tag","embeddable":true,"href":"https:\/\/revistaempresarios.net\/web\/wp-json\/wp\/v2\/tags?post=16541"}],"curies":[{"name":"wp","href":"https:\/\/api.w.org\/{rel}","templated":true}]}}