{"id":16297,"date":"2024-10-09T16:40:22","date_gmt":"2024-10-09T19:40:22","guid":{"rendered":"https:\/\/revistaempresarios.net\/web\/?p=16297"},"modified":"2024-10-09T16:40:22","modified_gmt":"2024-10-09T19:40:22","slug":"movecta-impacta-16-mil-pessoas-em-projetos-de-educacao-cultura-esportes-inclusao-social-e-sustentabilidade","status":"publish","type":"post","link":"https:\/\/revistaempresarios.net\/web\/2024\/10\/09\/movecta-impacta-16-mil-pessoas-em-projetos-de-educacao-cultura-esportes-inclusao-social-e-sustentabilidade\/","title":{"rendered":"Movecta impacta 16 mil pessoas em projetos de educa\u00e7\u00e3o, cultura, esportes, inclus\u00e3o social e sustentabilidade"},"content":{"rendered":"<p>Companhia apoia e desenvolve programas em S\u00e3o Paulo, Santa Catarina e Pernambuco<\/p>\n<p>A Movecta, uma das maiores empresas de log\u00edstica integrada do pa\u00eds, est\u00e1 impactando 16 mil pessoas em projetos nas \u00e1reas de educa\u00e7\u00e3o, cultura, esportes, inclus\u00e3o social e sustentabilidade. Os recursos est\u00e3o sendo destinados em iniciativas em S\u00e3o Paulo, Santa Catarina e Pernambuco, estados onde a companhia possui unidades. Novos aportes devem ser implementados ao longo dos pr\u00f3ximos meses para beneficiar mais pessoas e iniciativas.<\/p>\n<p>&#8220;Colaborar com a melhoria da educa\u00e7\u00e3o, inclus\u00e3o social e a preserva\u00e7\u00e3o do meio ambiente \u00e9 dever de todos. Os recursos previstos ao longo do ano podem agregar valor, trazer conhecimento e gerar uma melhor qualidade de vida para muitas pessoas, especialmente nas regi\u00f5es onde operamos\u201d, explica Rodrigo Casado, presidente e CEO da Movecta.<\/p>\n<p>Empresa apoia corridas de rua, pe\u00e7as teatrais, conta\u00e7\u00e3o de hist\u00f3rias e educa\u00e7\u00e3o de jovens<\/p>\n<p>Em S\u00e3o Paulo a Movecta fechou um acordo de patroc\u00ednio para a Corrida e Caminhada pela Inclus\u00e3o Olga Kos. O projeto tem como objetivo homenagear o Dia Internacional de S\u00edndrome de Down (21\/03) e estimular a pr\u00e1tica de atividades f\u00edsicas para promo\u00e7\u00e3o de bem-estar e qualidade de vida.<\/p>\n<p>\u201cAl\u00e9m do apoio financeiro, incentivamos nossos colaboradores a participarem das atividades e usufru\u00edrem dos benef\u00edcios gerados pela pr\u00e1tica esportiva\u201d, conta Hyria Souza, gerente-executiva de Gente e Gest\u00e3o da Movecta.<\/p>\n<p>J\u00e1 em Itaja\u00ed (SC) a companhia decidiu apoiar o projeto A Super Fam\u00edlia da Energia \u2013 Teatro Sustent\u00e1vel. A iniciativa consiste na montagem e circula\u00e7\u00e3o de um espet\u00e1culo teatral com foco na sustentabilidade e redu\u00e7\u00e3o do consumo de energia.\u202f A pe\u00e7a conta a hist\u00f3ria da \u201cSuper Fam\u00edlia da Energia\u201d, que aborda de forma l\u00fadica a import\u00e2ncia de economizar energia em casa, buscando levar uma mensagem contra o desperd\u00edcio, cuidados com meio ambiente e seguran\u00e7a.<\/p>\n<p>A Movecta tamb\u00e9m \u00e9 incentivadora do projeto Educa\u00e7\u00e3o e Tecnologia \u2013 Promovendo Cidadania (FMDCA-GG) em Gl\u00f3ria de Goit\u00e1 (PE). A iniciativa pretende beneficiar 1.200 crian\u00e7as e adolescentes com aulas orientadas de inform\u00e1tica, cidadania e direito.<\/p>\n<p>Ainda em Pernambuco, a companhia apoiar\u00e1 atividades culturais, art\u00edsticas e f\u00edsicas para pessoas da 3\u00aa idade, buscando garantir os direitos da pessoa idosa e a inclus\u00e3o dos beneficiados para melhoria da qualidade de vida. Est\u00e3o previstos cursos de teatro, dan\u00e7a, conta\u00e7\u00e3o de hist\u00f3rias, rodas de conversas, concertos e leituras de m\u00fasicas e eventos e interc\u00e2mbios.<\/p>\n<p>&#8220;Adotar estrat\u00e9gias que desenvolvam toda a cadeia produtiva e social das comunidades onde estamos alocados s\u00e3o pilares da nossa opera\u00e7\u00e3o. Continuamos atentos a projetos e iniciativas que auxiliem no desenvolvimento da companhia e da sociedade&#8221;, conclui Rodrigo Casado, da Movecta.<\/p>\n<p><strong>Sobre a Movecta<\/strong><\/p>\n<p>A Movecta \u00e9 um dos maiores operadores log\u00edsticos do mercado brasileiro. Com 70 anos de hist\u00f3ria, suas opera\u00e7\u00f5es est\u00e3o concentradas em S\u00e3o Paulo, Santa Catarina e Pernambuco. S\u00e3o nove unidades operacionais e um escrit\u00f3rio administrativo, sendo quatro terminais alfandegados, totalizando 430 mil metros quadros de \u00e1rea dispon\u00edvel.<\/p>\n<p>\u00danica empresa do setor com terminais alfandegados localizados nos principais hubs mar\u00edtimos de com\u00e9rcio exterior no pa\u00eds, a companhia se destaca ainda por ser dona do \u00fanico terminal alfandegado frigorificado do Porto de Santos. A empresa \u00e9 um dos maiores operadores log\u00edsticos de produtos qu\u00edmicos do pa\u00eds e, no porto de Suape, det\u00e9m a lideran\u00e7a de cargas de projeto para grandes parques e\u00f3licos do Norte e Nordeste.<\/p>\n<p>A Movecta possui opera\u00e7\u00f5es de transporte por todo o territ\u00f3rio nacional, movimentando diferentes perfis de cargas, em resposta \u00e0s particularidades e aos altos n\u00edveis de servi\u00e7o exigidos no mercado. Tamb\u00e9m conta com modernas instala\u00e7\u00f5es de armazenagem, equipadas com tecnologia e processos eficientes, garantindo a integridade e seguran\u00e7a dos produtos.<\/p>\n<p>A expertise da empresa em projetos log\u00edsticos a permite transformar a complexidade em simplicidade e flexibilidade, integrando a cadeia log\u00edstica e com\u00e9rcio exterior de forma \u00fanica e inovadora para solucionar as demandas espec\u00edficas de diversos segmentos de mercado.<\/p>\n","protected":false},"excerpt":{"rendered":"<p>Companhia apoia e desenvolve programas em S\u00e3o Paulo, Santa Catarina e Pernambuco A Movecta, uma das maiores empresas de log\u00edstica integrada do pa\u00eds, est\u00e1 impactando 16 mil pessoas em projetos nas \u00e1reas de educa\u00e7\u00e3o, cultura, esportes, inclus\u00e3o social e sustentabilidade. Os recursos est\u00e3o sendo destinados em iniciativas em S\u00e3o Paulo, Santa Catarina e Pernambuco, estados [&hellip;]<\/p>\n","protected":false},"author":2,"featured_media":16298,"comment_status":"open","ping_status":"open","sticky":false,"template":"","format":"standard","meta":{"_jetpack_memberships_contains_paid_content":false,"footnotes":""},"categories":[51,54,56,60],"tags":[6966,6967,6968,9996],"featured_image_src":{"landsacpe":["https:\/\/revistaempresarios.net\/web\/wp-content\/uploads\/2024\/10\/8a7c61d0-36f8-4732-94b2-e6a8464cddba.jpg",450,337,false],"list":["https:\/\/revistaempresarios.net\/web\/wp-content\/uploads\/2024\/10\/8a7c61d0-36f8-4732-94b2-e6a8464cddba.jpg",450,337,false],"medium":["https:\/\/revistaempresarios.net\/web\/wp-content\/uploads\/2024\/10\/8a7c61d0-36f8-4732-94b2-e6a8464cddba-300x225.jpg",300,225,true],"full":["https:\/\/revistaempresarios.net\/web\/wp-content\/uploads\/2024\/10\/8a7c61d0-36f8-4732-94b2-e6a8464cddba.jpg",450,337,false]},"jetpack_sharing_enabled":true,"jetpack_featured_media_url":"https:\/\/revistaempresarios.net\/web\/wp-content\/uploads\/2024\/10\/8a7c61d0-36f8-4732-94b2-e6a8464cddba.jpg","jetpack-related-posts":[],"_links":{"self":[{"href":"https:\/\/revistaempresarios.net\/web\/wp-json\/wp\/v2\/posts\/16297"}],"collection":[{"href":"https:\/\/revistaempresarios.net\/web\/wp-json\/wp\/v2\/posts"}],"about":[{"href":"https:\/\/revistaempresarios.net\/web\/wp-json\/wp\/v2\/types\/post"}],"author":[{"embeddable":true,"href":"https:\/\/revistaempresarios.net\/web\/wp-json\/wp\/v2\/users\/2"}],"replies":[{"embeddable":true,"href":"https:\/\/revistaempresarios.net\/web\/wp-json\/wp\/v2\/comments?post=16297"}],"version-history":[{"count":1,"href":"https:\/\/revistaempresarios.net\/web\/wp-json\/wp\/v2\/posts\/16297\/revisions"}],"predecessor-version":[{"id":16299,"href":"https:\/\/revistaempresarios.net\/web\/wp-json\/wp\/v2\/posts\/16297\/revisions\/16299"}],"wp:featuredmedia":[{"embeddable":true,"href":"https:\/\/revistaempresarios.net\/web\/wp-json\/wp\/v2\/media\/16298"}],"wp:attachment":[{"href":"https:\/\/revistaempresarios.net\/web\/wp-json\/wp\/v2\/media?parent=16297"}],"wp:term":[{"taxonomy":"category","embeddable":true,"href":"https:\/\/revistaempresarios.net\/web\/wp-json\/wp\/v2\/categories?post=16297"},{"taxonomy":"post_tag","embeddable":true,"href":"https:\/\/revistaempresarios.net\/web\/wp-json\/wp\/v2\/tags?post=16297"}],"curies":[{"name":"wp","href":"https:\/\/api.w.org\/{rel}","templated":true}]}}