{"id":16270,"date":"2024-10-09T08:35:29","date_gmt":"2024-10-09T11:35:29","guid":{"rendered":"https:\/\/revistaempresarios.net\/web\/?p=16270"},"modified":"2024-10-09T08:35:29","modified_gmt":"2024-10-09T11:35:29","slug":"face-doctor-garante-presenca-no-congresso-de-medicina-estetica-em-monaco","status":"publish","type":"post","link":"https:\/\/revistaempresarios.net\/web\/2024\/10\/09\/face-doctor-garante-presenca-no-congresso-de-medicina-estetica-em-monaco\/","title":{"rendered":"Face Doctor garante presen\u00e7a no congresso de medicina est\u00e9tica em M\u00f4naco"},"content":{"rendered":"<p>Depois do IMCAS, em Paris, rede levar\u00e1 grupo de franqueados para o AMWC em M\u00f4naco ano que vem.<\/p>\n<p>A Face Doctor &#8211; maior rede especializada em rejuvenescimento facial e corporal do Pa\u00eds, \u00e9 presen\u00e7a confirmada no AMWC &#8211; Aesthetic &amp; Anti-Aging Medicine World Congress 2025, considerado o um dos principais eventos especializados em medicina est\u00e9tica e antienvelhecimento do mundo. O evento acontecer\u00e1 de 27 a 29 de mar\u00e7o, em M\u00f4naco.<\/p>\n<p>Reconhecida por estar sempre inovando e em sintonia com as principais marcas do mercado mundial de est\u00e9tica, a Face Doctor foi pioneira no Brasil ao levar seu grupo de top franqueados para o evento IMCAS este ano, em Paris. Agora, a rede surpreende mais uma vez, reunindo do<strong>nos de franquias para uma nova imers\u00e3o, aprendizado e troca de experi\u00eancias, desta vez em um dos locais mais charmosos do m<\/strong>undo, em M\u00f4naco.<\/p>\n<p>A AMWC retorna a M\u00f4naco para sua 23\u00aa edi\u00e7\u00e3o com mais de 15.000 participantes, 300 palestrantes e 900 das marcas mais confi\u00e1veis do setor. Fazem parte da programa\u00e7\u00e3o mais de 70 workshops patrocinados pelas principais marcas do setor, mais de 100 sess\u00f5es cient\u00edficas com muita teoria e pr\u00e1tica.<\/p>\n<p>\u201cParticipar do AMWC \u00e9 uma oportunidade \u00fanica e de muito aprendizado para todos n\u00f3s, especialmente nossos franqueados. \u00c9 l\u00e1 que nos atualizamos sobre as tend\u00eancias e o que h\u00e1 de mais atual no universo da est\u00e9tica, al\u00e9m de firmarmos parcerias que refletem em nosso neg\u00f3cio aqui no Brasil\u201d, destaca Vict\u00f3ria Reichelt, gerente de marketing da Face Doctor.<\/p>\n<p>AMWC Conference &#8211; de 27 a 29 de mar\u00e7o, em M\u00f4naco<br \/>\nSite: https:\/\/www.amwc-conference.com\/en\/home.html<\/p>\n<p><strong>Sobre a Face Doctor<\/strong><\/p>\n<p>Com 150 unidades em 24 estados do Brasil, a Face Doctor &#8211; maior rede de franquias premium especializada em rejuvenescimento facial e corporal do pa\u00eds &#8211; \u00e9 uma empresa que faz sucesso pela sua excel\u00eancia em procedimentos faciais e corporais. Al\u00e9m da melhor tecnologia, as unidades da Face Doctor possuem estrutura moderna, com arquitetura sofisticada, para oferecer a melhor experi\u00eancia aos seus clientes, al\u00e9m de protocolos exclusivos e uma linha de skincare com produtos de qualidade. J\u00e1 s\u00e3o mais de 170 mil clientes atendidos e 130 mil procedimentos realizados, se tornado a rede com melhor nota no Reclame Aqui. \u00c9 a \u00fanica do segmento com o Selo de Excel\u00eancia em Franchising, oferecido pela Associa\u00e7\u00e3o Brasileira de Franchising (ABF), por dois anos consecutivos (2022 e 2023). E tamb\u00e9m por dois anos (2022 e 2023) recebeu o selo GPTW (Great Place to Work).<\/p>\n<p>Mais informa\u00e7\u00f5es: www.facedoctor.com.br<br \/>\nInstagram &#8211; @facedoctor_oficial<\/p>\n","protected":false},"excerpt":{"rendered":"<p>Depois do IMCAS, em Paris, rede levar\u00e1 grupo de franqueados para o AMWC em M\u00f4naco ano que vem. A Face Doctor &#8211; maior rede especializada em rejuvenescimento facial e corporal do Pa\u00eds, \u00e9 presen\u00e7a confirmada no AMWC &#8211; Aesthetic &amp; Anti-Aging Medicine World Congress 2025, considerado o um dos principais eventos especializados em medicina est\u00e9tica [&hellip;]<\/p>\n","protected":false},"author":2,"featured_media":16271,"comment_status":"open","ping_status":"open","sticky":false,"template":"","format":"standard","meta":{"_jetpack_memberships_contains_paid_content":false,"footnotes":""},"categories":[51,56,57,58,60],"tags":[9988],"featured_image_src":{"landsacpe":["https:\/\/revistaempresarios.net\/web\/wp-content\/uploads\/2024\/10\/38c69c69-b467-475b-913c-a482a33bb5b1-1140x445.jpg",1140,445,true],"list":["https:\/\/revistaempresarios.net\/web\/wp-content\/uploads\/2024\/10\/38c69c69-b467-475b-913c-a482a33bb5b1-463x348.jpg",463,348,true],"medium":["https:\/\/revistaempresarios.net\/web\/wp-content\/uploads\/2024\/10\/38c69c69-b467-475b-913c-a482a33bb5b1-300x199.jpg",300,199,true],"full":["https:\/\/revistaempresarios.net\/web\/wp-content\/uploads\/2024\/10\/38c69c69-b467-475b-913c-a482a33bb5b1.jpg",1600,1063,false]},"jetpack_sharing_enabled":true,"jetpack_featured_media_url":"https:\/\/revistaempresarios.net\/web\/wp-content\/uploads\/2024\/10\/38c69c69-b467-475b-913c-a482a33bb5b1.jpg","jetpack-related-posts":[],"_links":{"self":[{"href":"https:\/\/revistaempresarios.net\/web\/wp-json\/wp\/v2\/posts\/16270"}],"collection":[{"href":"https:\/\/revistaempresarios.net\/web\/wp-json\/wp\/v2\/posts"}],"about":[{"href":"https:\/\/revistaempresarios.net\/web\/wp-json\/wp\/v2\/types\/post"}],"author":[{"embeddable":true,"href":"https:\/\/revistaempresarios.net\/web\/wp-json\/wp\/v2\/users\/2"}],"replies":[{"embeddable":true,"href":"https:\/\/revistaempresarios.net\/web\/wp-json\/wp\/v2\/comments?post=16270"}],"version-history":[{"count":1,"href":"https:\/\/revistaempresarios.net\/web\/wp-json\/wp\/v2\/posts\/16270\/revisions"}],"predecessor-version":[{"id":16272,"href":"https:\/\/revistaempresarios.net\/web\/wp-json\/wp\/v2\/posts\/16270\/revisions\/16272"}],"wp:featuredmedia":[{"embeddable":true,"href":"https:\/\/revistaempresarios.net\/web\/wp-json\/wp\/v2\/media\/16271"}],"wp:attachment":[{"href":"https:\/\/revistaempresarios.net\/web\/wp-json\/wp\/v2\/media?parent=16270"}],"wp:term":[{"taxonomy":"category","embeddable":true,"href":"https:\/\/revistaempresarios.net\/web\/wp-json\/wp\/v2\/categories?post=16270"},{"taxonomy":"post_tag","embeddable":true,"href":"https:\/\/revistaempresarios.net\/web\/wp-json\/wp\/v2\/tags?post=16270"}],"curies":[{"name":"wp","href":"https:\/\/api.w.org\/{rel}","templated":true}]}}