{"id":16232,"date":"2024-10-04T11:34:57","date_gmt":"2024-10-04T14:34:57","guid":{"rendered":"https:\/\/revistaempresarios.net\/web\/?p=16232"},"modified":"2024-10-04T11:34:57","modified_gmt":"2024-10-04T14:34:57","slug":"plastico-biodegradavel-para-envelopamento-de-malas-chega-ao-brasil","status":"publish","type":"post","link":"https:\/\/revistaempresarios.net\/web\/2024\/10\/04\/plastico-biodegradavel-para-envelopamento-de-malas-chega-ao-brasil\/","title":{"rendered":"Pl\u00e1stico biodegrad\u00e1vel para envelopamento de malas chega ao Brasil"},"content":{"rendered":"<p><strong>\u00a0<\/strong><em>Empresa pioneira na prote\u00e7\u00e3o de\u00a0<\/em><em>malas de viagem, sacolas e outros tipos de\u00a0bagagem\u00a0em filme pl\u00e1stico desde 1989, lan\u00e7a produto in\u00e9dito e sustent\u00e1vel de origem alem\u00e3.<\/em><\/p>\n<p><em>\u00a0<\/em><em>J\u00e1 foram embalados 1,5 milh\u00e3o de bagagens desde 2019. Expectativa \u00e9 aumentar em 15% o envelopamento em 29 aeroportos no pa\u00eds<\/em><\/p>\n<p><em>\u00a0<\/em>O rec\u00e9m-lan\u00e7ado relat\u00f3rio de Insights em TI para Bagagens \u2013 2024 (2024 SITA Baggage IT, em ingl\u00eas), da SITA, empresa da \u00e1rea de tecnologia para o setor, informa que o \u00edndice de bagagens extraviadas \u00e9 de 6,9 milh\u00f5es por 1.000 passageiros em 2023.<\/p>\n<p>A tend\u00eancia destaca o impacto positivo dos investimentos em tecnologia, principalmente. O tr\u00e1fego de passageiros, de 2007 para 2023, aumentou 111%. No entanto, o setor enfrenta desafios como extravio de malas, uso incorreto com rela\u00e7\u00e3o ao manuseio de bagagens,\u00a0roubo de pertences das bagagens e tr\u00e1fico de entorpecentes pelos aeroportos, se utilizando de malas dos passageiros como meio de transporte.<\/p>\n<p>Fundada em 1989, a Protec Bag, empresa que completar\u00e1 35 anos de atividades, com lojas instaladas nos principais aeroportos brasileiros, atuando em escala nacional e\u00a0internacional, foi a primeira empresa do mundo a criar prote\u00e7\u00e3o para bagagens\u00a0a partir do\u00a0Aeroporto\u00a0Internacional de Guarulhos (GRU). O mais novo produto &#8211; segunda inova\u00e7\u00e3o da empresa &#8211; \u00e9 uma prote\u00e7\u00e3o 100% biodegrad\u00e1vel, com foco na sustentabilidade,\u00a0pl\u00e1stico\u00a0de origem alem\u00e3 e que acaba de ser instalado nos aeroportos\u00a0de\u00a0Guarulhos, Congonhas, Viracopos e Recife e, a partir de janeiro de 2025, em mais 27 aeroportos do Brasil.<\/p>\n<p>Segundo Paulo Fabra, fundador da Protec Bag, marca franqueadora, o\u00a0processo de embalagem de malas \u00e9 conhecido mundialmente, mas o que muitos n\u00e3o sabem \u00e9 que essa \u00e9 uma ideia brasileira,\u00a0que passou a ser\u00a0reconhecida mundo afora como um servi\u00e7o essencial ao viajante. \u201c<em>O projeto de pesquisa e desenvolvimento do novo\u00a0pl\u00e1stico biodegrad\u00e1vel\u00a0levou aproximadamente um ano e meio, com um fabricante alem\u00e3o\u00a0e\u00a0levou v\u00e1rias etapas de testes, com fontes renov\u00e1veis de biomassa, onde\u00a0se conseguiu\u00a0manter a cor vermelha\u00a0e\u00a0a qualidade da plastifica\u00e7\u00e3o, nossa principal identidade\u201d,\u00a0<\/em>conta o empreendedor. E complementa<em>: \u201c\u00c9 nosso dever investir em produtos sustent\u00e1veis que visam atender o sistema aerovi\u00e1rio\u00a0e que causem o menor impacto ambiental\u00a0ao serem descartados. Al\u00e9m disso, nosso objetivo \u00e9 conscientizar o passageiro com rela\u00e7\u00e3o\u00a0\u00e0\u00a0seguran\u00e7a da sua bagagem com uma prote\u00e7\u00e3o adicional contra danos e viola\u00e7\u00f5es\u201d,\u00a0<\/em>finaliza.<\/p>\n<p><strong>Droga em bagagens<\/strong><\/p>\n<p>Recentemente, o casal\u00a0K\u00e1tyna Ba\u00eda e Jeanne Paollini, que mora em Goi\u00e2nia (GO), ficou preso na Alemanha por\u00a038 dias, entre mar\u00e7o e abril de 2023, ap\u00f3s terem as etiquetas das bagagens trocadas por malas com drogas. Havia\u00a0mais de\u00a020 kg de coca\u00edna em cada uma das malas. De acordo com K\u00e1tina, na \u00e9poca, as bagagens\u00a0delas\u00a0n\u00e3o tinham essa prote\u00e7\u00e3o. \u201c<em>A pris\u00e3o injusta foi um momento extremamente dif\u00edcil, mas nos proporcionou um discernimento valioso sobre a vulnerabilidade e os perigos presentes em ambientes de aeroportos, onde muitas vezes acreditamos estar seguros. Ap\u00f3s a investiga\u00e7\u00e3o da Pol\u00edcia Federal, que revelou a atua\u00e7\u00e3o de uma quadrilha organizada, ficou muito claro que a prote\u00e7\u00e3o das nossas bagagens \u00e9 crucial\u201d.<\/em> E acrescenta: \u201c<em>Acreditamos que, se tiv\u00e9ssemos usado a prote\u00e7\u00e3o da Protec Bag, nossas malas n\u00e3o teriam sido t\u00e3o facilmente identificadas pelos criminosos, pois o envelopamento dificulta o reconhecimento do modelo e ainda oferece uma camada adicional de seguran\u00e7a<\/em>\u201d, reconhece.<\/p>\n<p>De acordo com\u00a0Paulo Fabra, &#8220;os aeroportos precisam entregar aos passageiros, ambientes cada vez mais sustent\u00e1veis, e, portanto, a quest\u00e3o uso e descarte do pl\u00e1stico passa a pertencer \u00e0 pauta de sustentabilidade n\u00e3o s\u00f3 da Protec Bag, mas tamb\u00e9m de todos os entes envolvidos na jornada de viagem, desde o passageiro at\u00e9 os \u00f3rg\u00e3os reguladores da avia\u00e7\u00e3o&#8221;.<\/p>\n<p>A Protec Bag tem planos de expans\u00e3o com o novo produto de pl\u00e1stico biodegrad\u00e1vel, estendendo suas atividades para a Am\u00e9rica do Sul e Am\u00e9rica Central. Atualmente, j\u00e1 conta com 12 aeroportos no M\u00e9xico.<\/p>\n","protected":false},"excerpt":{"rendered":"<p>\u00a0Empresa pioneira na prote\u00e7\u00e3o de\u00a0malas de viagem, sacolas e outros tipos de\u00a0bagagem\u00a0em filme pl\u00e1stico desde 1989, lan\u00e7a produto in\u00e9dito e sustent\u00e1vel de origem alem\u00e3. \u00a0J\u00e1 foram embalados 1,5 milh\u00e3o de bagagens desde 2019. Expectativa \u00e9 aumentar em 15% o envelopamento em 29 aeroportos no pa\u00eds \u00a0O rec\u00e9m-lan\u00e7ado relat\u00f3rio de Insights em TI para Bagagens \u2013 [&hellip;]<\/p>\n","protected":false},"author":2,"featured_media":16233,"comment_status":"open","ping_status":"open","sticky":false,"template":"","format":"standard","meta":{"_jetpack_memberships_contains_paid_content":false,"footnotes":""},"categories":[51,56,60],"tags":[9978],"featured_image_src":{"landsacpe":["https:\/\/revistaempresarios.net\/web\/wp-content\/uploads\/2024\/10\/1b7265f4-22d7-4a14-a010-0f702d661ee7-1056x445.jpg",1056,445,true],"list":["https:\/\/revistaempresarios.net\/web\/wp-content\/uploads\/2024\/10\/1b7265f4-22d7-4a14-a010-0f702d661ee7-463x348.jpg",463,348,true],"medium":["https:\/\/revistaempresarios.net\/web\/wp-content\/uploads\/2024\/10\/1b7265f4-22d7-4a14-a010-0f702d661ee7-198x300.jpg",198,300,true],"full":["https:\/\/revistaempresarios.net\/web\/wp-content\/uploads\/2024\/10\/1b7265f4-22d7-4a14-a010-0f702d661ee7.jpg",1056,1600,false]},"jetpack_sharing_enabled":true,"jetpack_featured_media_url":"https:\/\/revistaempresarios.net\/web\/wp-content\/uploads\/2024\/10\/1b7265f4-22d7-4a14-a010-0f702d661ee7.jpg","jetpack-related-posts":[],"_links":{"self":[{"href":"https:\/\/revistaempresarios.net\/web\/wp-json\/wp\/v2\/posts\/16232"}],"collection":[{"href":"https:\/\/revistaempresarios.net\/web\/wp-json\/wp\/v2\/posts"}],"about":[{"href":"https:\/\/revistaempresarios.net\/web\/wp-json\/wp\/v2\/types\/post"}],"author":[{"embeddable":true,"href":"https:\/\/revistaempresarios.net\/web\/wp-json\/wp\/v2\/users\/2"}],"replies":[{"embeddable":true,"href":"https:\/\/revistaempresarios.net\/web\/wp-json\/wp\/v2\/comments?post=16232"}],"version-history":[{"count":1,"href":"https:\/\/revistaempresarios.net\/web\/wp-json\/wp\/v2\/posts\/16232\/revisions"}],"predecessor-version":[{"id":16234,"href":"https:\/\/revistaempresarios.net\/web\/wp-json\/wp\/v2\/posts\/16232\/revisions\/16234"}],"wp:featuredmedia":[{"embeddable":true,"href":"https:\/\/revistaempresarios.net\/web\/wp-json\/wp\/v2\/media\/16233"}],"wp:attachment":[{"href":"https:\/\/revistaempresarios.net\/web\/wp-json\/wp\/v2\/media?parent=16232"}],"wp:term":[{"taxonomy":"category","embeddable":true,"href":"https:\/\/revistaempresarios.net\/web\/wp-json\/wp\/v2\/categories?post=16232"},{"taxonomy":"post_tag","embeddable":true,"href":"https:\/\/revistaempresarios.net\/web\/wp-json\/wp\/v2\/tags?post=16232"}],"curies":[{"name":"wp","href":"https:\/\/api.w.org\/{rel}","templated":true}]}}