{"id":15898,"date":"2024-09-04T15:59:09","date_gmt":"2024-09-04T18:59:09","guid":{"rendered":"https:\/\/revistaempresarios.net\/web\/?p=15898"},"modified":"2024-09-04T15:59:09","modified_gmt":"2024-09-04T18:59:09","slug":"com-mais-de-3-mil-copias-vendidas-mae-e-filhas-lancam-livro-sobre-empreendedorismo-e-inovacao","status":"publish","type":"post","link":"https:\/\/revistaempresarios.net\/web\/2024\/09\/04\/com-mais-de-3-mil-copias-vendidas-mae-e-filhas-lancam-livro-sobre-empreendedorismo-e-inovacao\/","title":{"rendered":"Com mais de 3 mil c\u00f3pias vendidas, m\u00e3e e filhas lan\u00e7am livro sobre empreendedorismo e inova\u00e7\u00e3o"},"content":{"rendered":"<p><em>Evento de lan\u00e7amento da obra <\/em><span style=\"text-decoration: line-through;\">Sonhos<\/span> A\u00e7\u00f5es: Transformam o mundo<em> acontece no dia 8 de setembro em S\u00e3o Paulo (SP), durante a Bienal Internacional do Livro<\/em><\/p>\n<p><em><img loading=\"lazy\" decoding=\"async\" class=\"alignnone size-medium wp-image-15899\" src=\"https:\/\/revistaempresarios.net\/web\/wp-content\/uploads\/2024\/09\/livro-001-210x300.png\" alt=\"\" width=\"210\" height=\"300\" \/><\/em><\/p>\n<p><em>\u00a0<\/em>Os principais obst\u00e1culos para quem desenvolve um neg\u00f3cio no Brasil \u2014 este \u00e9 o tema central do novo livro produzido pela fam\u00edlia de Ala\u00edde Barbosa Martins, que \u00e9 m\u00e3e, escritora e empres\u00e1ria com PhD em engenharia pela USP. Atuante no mercado desde os 15 anos de idade, a autora do best-seller <em><span style=\"text-decoration: line-through;\">Sonhos<\/span> A\u00e7\u00f5es: Transformam o mundo<\/em> pretende impulsionar o empreendedorismo e servir de inspira\u00e7\u00e3o a quem se prepara para enfrentar desafios como a transi\u00e7\u00e3o de carreira.<\/p>\n<p>Tamb\u00e9m s\u00e3o autoras do livro as filhas Laila Martins, advogada e administradora, CEO e fundadora da startup Saber em Rede, e Lara Judith Barbosa Martins, estudante e fundadora da startup Dr. Mep, as quais tiveram a Ala\u00edde como cofundadora, mentora e investidora anjo. Na obra, organizada em sete cap\u00edtulos, os leitores s\u00e3o conduzidos a uma experi\u00eancia de imers\u00e3o sobre empreendedorismo, mudan\u00e7as na carreira e como estruturar um novo neg\u00f3cio.<\/p>\n<p>\u201cEu e minhas filhas conseguimos reunir todo o aprendizado que constru\u00edmos frente aos neg\u00f3cios de nossa fam\u00edlia. Comecei sendo empres\u00e1ria aos 15 anos, e desde ent\u00e3o acumulei uma importante experi\u00eancia que foi traduzida nesta obra. O principal objetivo do nosso livro \u00e9 educar e servir de inspira\u00e7\u00e3o para pessoas que buscam se conectar e encontrar seu prop\u00f3sito dentro do empreendedorismo\u201d, explica.<\/p>\n<p>O desejo de ter seu pr\u00f3prio neg\u00f3cio faz parte da sociedade brasileira, onde somente no \u00faltimo ano foram criadas mais de <a href=\"https:\/\/agenciagov.ebc.com.br\/noticias\/202401\/memp-divulga-aumento-de-5-1-de-empresas-abertas-nos-ultimos-quatro-meses-de-2023\">3,8 milh\u00f5es de empresas<\/a>.\u00a0 No entanto, 27% delas s\u00e3o encerradas nos primeiros meses, demonstrando o tamanho da dificuldade, tema que tamb\u00e9m \u00e9 explorado no livro.<\/p>\n<p>\u201cAprender a estruturar um neg\u00f3cio de sucesso \u00e9 fundamental para qualquer pessoa que busca \u00eaxito em suas atividades. No nosso livro, o leitor ter\u00e1 conhecimento sobre os principais desafios para montar sua empresa, bem como sobre quais habilidades ele deve desenvolver, principalmente se essa mudan\u00e7a representa uma transi\u00e7\u00e3o geral em sua carreira\u201d, finaliza.<\/p>\n<p>Com mais de 3 mil c\u00f3pias reservadas durante a pr\u00e9-venda, o best-seller ser\u00e1 vendido na Amazon e principais livrarias de todo o Brasil pelo valor de R$ 39, pela Editora Anjo. O lan\u00e7amento oficial com sess\u00e3o de aut\u00f3grafos acontece no dia 8 de setembro, \u00e0s 13 horas, na Bienal do Livro de S\u00e3o Paulo. Haver\u00e1 tamb\u00e9m um lan\u00e7amento em outubro, na Livraria da Vila do Shopping JK e em outras cidades como Salvador (BA) e Aracaju (SE).<\/p>\n<p><strong><u>Ficha T\u00e9cnica<\/u><\/strong><\/p>\n<p><strong>T\u00edtulo: <\/strong><span style=\"text-decoration: line-through;\">Sonhos<\/span> A\u00e7\u00f5es Transformam o Mundo<\/p>\n<p><strong>Autoras:<\/strong> Ala\u00edde Barbosa Martins, Laila Martins e Lara Judith Martins<\/p>\n<p><strong>N\u00ba de p\u00e1ginas:<\/strong> 160<\/p>\n<p>Editora Anjo<\/p>\n<p><strong>Pre\u00e7o:<\/strong> R$ 39<\/p>\n<p><strong>Onde Comprar: <\/strong>Amazon e principais livrarias do Brasil<\/p>\n<p><strong><u>Sobre Ala\u00edde Barbosa<\/u><\/strong><\/p>\n<p>Ala\u00edde Barbosa \u00e9 PhD em Engenharia pela USP, al\u00e9m de graduada em Engenharia, Administra\u00e7\u00e3o, Pedagogia, Qu\u00edmica e Computa\u00e7\u00e3o. \u00c0 frente de escolas, faculdades e de uma empresa de engenharia, tamb\u00e9m \u00e9 fundadora de startups, idealizadora da X5 Ventures e investidora-anjo na Nova Economia. Foi C-Level por mais de 20 anos na Odebrecht e na BRK Ambiental.<\/p>\n","protected":false},"excerpt":{"rendered":"<p>Evento de lan\u00e7amento da obra Sonhos A\u00e7\u00f5es: Transformam o mundo acontece no dia 8 de setembro em S\u00e3o Paulo (SP), durante a Bienal Internacional do Livro \u00a0Os principais obst\u00e1culos para quem desenvolve um neg\u00f3cio no Brasil \u2014 este \u00e9 o tema central do novo livro produzido pela fam\u00edlia de Ala\u00edde Barbosa Martins, que \u00e9 m\u00e3e, [&hellip;]<\/p>\n","protected":false},"author":2,"featured_media":15899,"comment_status":"open","ping_status":"open","sticky":false,"template":"","format":"standard","meta":{"_jetpack_memberships_contains_paid_content":false,"_joinchat":[],"footnotes":""},"categories":[51,56,60],"tags":[9844,9845],"featured_image_src":{"landsacpe":["https:\/\/revistaempresarios.net\/web\/wp-content\/uploads\/2024\/09\/livro-001-592x445.png",592,445,true],"list":["https:\/\/revistaempresarios.net\/web\/wp-content\/uploads\/2024\/09\/livro-001-463x348.png",463,348,true],"medium":["https:\/\/revistaempresarios.net\/web\/wp-content\/uploads\/2024\/09\/livro-001-210x300.png",210,300,true],"full":["https:\/\/revistaempresarios.net\/web\/wp-content\/uploads\/2024\/09\/livro-001.png",592,847,false]},"jetpack_sharing_enabled":true,"jetpack_featured_media_url":"https:\/\/revistaempresarios.net\/web\/wp-content\/uploads\/2024\/09\/livro-001.png","jetpack-related-posts":[],"_links":{"self":[{"href":"https:\/\/revistaempresarios.net\/web\/wp-json\/wp\/v2\/posts\/15898"}],"collection":[{"href":"https:\/\/revistaempresarios.net\/web\/wp-json\/wp\/v2\/posts"}],"about":[{"href":"https:\/\/revistaempresarios.net\/web\/wp-json\/wp\/v2\/types\/post"}],"author":[{"embeddable":true,"href":"https:\/\/revistaempresarios.net\/web\/wp-json\/wp\/v2\/users\/2"}],"replies":[{"embeddable":true,"href":"https:\/\/revistaempresarios.net\/web\/wp-json\/wp\/v2\/comments?post=15898"}],"version-history":[{"count":1,"href":"https:\/\/revistaempresarios.net\/web\/wp-json\/wp\/v2\/posts\/15898\/revisions"}],"predecessor-version":[{"id":15900,"href":"https:\/\/revistaempresarios.net\/web\/wp-json\/wp\/v2\/posts\/15898\/revisions\/15900"}],"wp:featuredmedia":[{"embeddable":true,"href":"https:\/\/revistaempresarios.net\/web\/wp-json\/wp\/v2\/media\/15899"}],"wp:attachment":[{"href":"https:\/\/revistaempresarios.net\/web\/wp-json\/wp\/v2\/media?parent=15898"}],"wp:term":[{"taxonomy":"category","embeddable":true,"href":"https:\/\/revistaempresarios.net\/web\/wp-json\/wp\/v2\/categories?post=15898"},{"taxonomy":"post_tag","embeddable":true,"href":"https:\/\/revistaempresarios.net\/web\/wp-json\/wp\/v2\/tags?post=15898"}],"curies":[{"name":"wp","href":"https:\/\/api.w.org\/{rel}","templated":true}]}}