{"id":15834,"date":"2024-08-20T12:22:07","date_gmt":"2024-08-20T15:22:07","guid":{"rendered":"https:\/\/revistaempresarios.net\/web\/?p=15834"},"modified":"2024-08-20T12:22:07","modified_gmt":"2024-08-20T15:22:07","slug":"37o-hallel-promete-ser-o-maior-da-historia-com-atracoes-ineditas","status":"publish","type":"post","link":"https:\/\/revistaempresarios.net\/web\/2024\/08\/20\/37o-hallel-promete-ser-o-maior-da-historia-com-atracoes-ineditas\/","title":{"rendered":"37\u00ba Hallel promete ser o maior da hist\u00f3ria com atra\u00e7\u00f5es in\u00e9ditas"},"content":{"rendered":"<p>Festival de m\u00fasica cat\u00f3lica acontece de 6 a 8 de setembro, em Franca\/SP, com Mission\u00e1rio Shalom, Gerados pela Imaculada, Colo de Deus e padre Marcelo Rossi<\/p>\n<p>Dos dias 6 a 8 de setembro, o Parque de Exposi\u00e7\u00f5es \u201cFernando Costa\u201d, em Franca\/SP, ser\u00e1 palco de um dos maiores festivais de m\u00fasica cat\u00f3lica do Brasil: o Hallel Franca. Com o tema \u201cEm Tudo Dai Gra\u00e7as\u201d, o evento promete ser uma experi\u00eancia memor\u00e1vel, reunindo milhares de participantes de todas as idades e regi\u00f5es do pa\u00eds.<\/p>\n<p>Neste ano, uma das grandes novidades \u00e9 a presen\u00e7a da banda Mission\u00e1rio Shalom, que estar\u00e1 no festival pela primeira vez. Outra inova\u00e7\u00e3o \u00e9 a cria\u00e7\u00e3o de um novo m\u00f3dulo que resgatar\u00e1 a hist\u00f3ria do Hallel nessas quase quatro d\u00e9cadas e dos acampamentos que fazem parte da obra, inclusive oferecendo brindes exclusivos para o p\u00fablico.<\/p>\n<p>A programa\u00e7\u00e3o do evento tamb\u00e9m continua sendo aprimorada. Ser\u00e3o mais de 350 atra\u00e7\u00f5es, incluindo bandas, m\u00fasicos, pregadores e sacerdotes renomados como padre Marcelo Rossi e padre Chrystian Shankar, irm\u00e3 Z\u00e9lia, Colo de Deus, Fraternidade S\u00e3o Jo\u00e3o Paulo II, Gerados Pela Imaculada, Fl\u00e1vio Vitor e Juninho Cassimiro. H\u00e1 ainda mais de dez missas ao longo dos tr\u00eas dias, incluindo uma missa na madrugada.<\/p>\n<p>\u201cA expectativa para esta edi\u00e7\u00e3o \u00e9 elevada, especialmente ap\u00f3s o sucesso de outros grandes eventos religiosos, como o PHN que registrou recorde de p\u00fablico. Estamos organizando o 37\u00ba Hallel Franca com grande empenho e ora\u00e7\u00e3o e esperamos que seja o maior da hist\u00f3ria\u201d, revela o presidente do Hallel, Gabriel Faleiros. \u201cA equipe de coordena\u00e7\u00e3o e diretoria realiza a escolha das atra\u00e7\u00f5es com ora\u00e7\u00e3o, buscando pessoas que tragam o carisma do evento e contribuam para a busca \u00e0 santidade\u201d.<\/p>\n<p>J\u00e1 em rela\u00e7\u00e3o a estrutura, o festival mant\u00e9m o palco central e mais de dez m\u00f3dulos incluindo a capela, m\u00f3dulo de Maria, S\u00e3o Jos\u00e9, Salvistas, Hallelzinho, entre outros. A inova\u00e7\u00e3o acontece no camping que nesta edi\u00e7\u00e3o ganha a divis\u00e3o em tr\u00eas \u00e1reas: familiar, feminino e masculino.<\/p>\n<p>\u201cO objetivo \u00e9 melhorar a organiza\u00e7\u00e3o e seguir os princ\u00edpios da Igreja Cat\u00f3lica\u201d, explica Faleiros.<\/p>\n<p><strong>Voluntariado<\/strong><br \/>\nO Hallel Franca \u00e9 considerado pela organiza\u00e7\u00e3o como uma grande festa de colabora\u00e7\u00e3o e servi\u00e7o. O evento re\u00fane mais de 3 mil volunt\u00e1rios de diversas comunidades e par\u00f3quias da Diocese de Franca, como Comunidade Tenda, Comunidade Cen\u00e1culo, Comunidade Hodie, Salvistas e Cursilho.<\/p>\n<p>&#8220;Os volunt\u00e1rios s\u00e3o essenciais para o sucesso do evento e a organiza\u00e7\u00e3o expressa sua gratid\u00e3o pelo trabalho e dedica\u00e7\u00e3o de todos. Fazemos tudo com muito cuidado e discernimento&#8221;, completa o presidente do festival.<\/p>\n","protected":false},"excerpt":{"rendered":"<p>Festival de m\u00fasica cat\u00f3lica acontece de 6 a 8 de setembro, em Franca\/SP, com Mission\u00e1rio Shalom, Gerados pela Imaculada, Colo de Deus e padre Marcelo Rossi Dos dias 6 a 8 de setembro, o Parque de Exposi\u00e7\u00f5es \u201cFernando Costa\u201d, em Franca\/SP, ser\u00e1 palco de um dos maiores festivais de m\u00fasica cat\u00f3lica do Brasil: o Hallel [&hellip;]<\/p>\n","protected":false},"author":2,"featured_media":15835,"comment_status":"open","ping_status":"open","sticky":false,"template":"","format":"standard","meta":{"_jetpack_memberships_contains_paid_content":false,"footnotes":""},"categories":[51,56,58,60],"tags":[9825],"featured_image_src":{"landsacpe":["https:\/\/revistaempresarios.net\/web\/wp-content\/uploads\/2024\/08\/64ca2d3f-f5fb-4a15-ac14-ce7fbd1b6df2-800x445.jpg",800,445,true],"list":["https:\/\/revistaempresarios.net\/web\/wp-content\/uploads\/2024\/08\/64ca2d3f-f5fb-4a15-ac14-ce7fbd1b6df2-463x348.jpg",463,348,true],"medium":["https:\/\/revistaempresarios.net\/web\/wp-content\/uploads\/2024\/08\/64ca2d3f-f5fb-4a15-ac14-ce7fbd1b6df2-300x200.jpg",300,200,true],"full":["https:\/\/revistaempresarios.net\/web\/wp-content\/uploads\/2024\/08\/64ca2d3f-f5fb-4a15-ac14-ce7fbd1b6df2.jpg",800,533,false]},"jetpack_sharing_enabled":true,"jetpack_featured_media_url":"https:\/\/revistaempresarios.net\/web\/wp-content\/uploads\/2024\/08\/64ca2d3f-f5fb-4a15-ac14-ce7fbd1b6df2.jpg","jetpack-related-posts":[],"_links":{"self":[{"href":"https:\/\/revistaempresarios.net\/web\/wp-json\/wp\/v2\/posts\/15834"}],"collection":[{"href":"https:\/\/revistaempresarios.net\/web\/wp-json\/wp\/v2\/posts"}],"about":[{"href":"https:\/\/revistaempresarios.net\/web\/wp-json\/wp\/v2\/types\/post"}],"author":[{"embeddable":true,"href":"https:\/\/revistaempresarios.net\/web\/wp-json\/wp\/v2\/users\/2"}],"replies":[{"embeddable":true,"href":"https:\/\/revistaempresarios.net\/web\/wp-json\/wp\/v2\/comments?post=15834"}],"version-history":[{"count":1,"href":"https:\/\/revistaempresarios.net\/web\/wp-json\/wp\/v2\/posts\/15834\/revisions"}],"predecessor-version":[{"id":15836,"href":"https:\/\/revistaempresarios.net\/web\/wp-json\/wp\/v2\/posts\/15834\/revisions\/15836"}],"wp:featuredmedia":[{"embeddable":true,"href":"https:\/\/revistaempresarios.net\/web\/wp-json\/wp\/v2\/media\/15835"}],"wp:attachment":[{"href":"https:\/\/revistaempresarios.net\/web\/wp-json\/wp\/v2\/media?parent=15834"}],"wp:term":[{"taxonomy":"category","embeddable":true,"href":"https:\/\/revistaempresarios.net\/web\/wp-json\/wp\/v2\/categories?post=15834"},{"taxonomy":"post_tag","embeddable":true,"href":"https:\/\/revistaempresarios.net\/web\/wp-json\/wp\/v2\/tags?post=15834"}],"curies":[{"name":"wp","href":"https:\/\/api.w.org\/{rel}","templated":true}]}}