{"id":15493,"date":"2024-07-04T11:05:27","date_gmt":"2024-07-04T14:05:27","guid":{"rendered":"https:\/\/revistaempresarios.net\/web\/?p=15493"},"modified":"2024-07-04T11:05:27","modified_gmt":"2024-07-04T14:05:27","slug":"face-doctor-comemora-5o-aniversario-e-novo-posicionamento-de-marca-com-convencao-em-sao-paulo","status":"publish","type":"post","link":"https:\/\/revistaempresarios.net\/web\/2024\/07\/04\/face-doctor-comemora-5o-aniversario-e-novo-posicionamento-de-marca-com-convencao-em-sao-paulo\/","title":{"rendered":"Face Doctor comemora 5\u00ba. anivers\u00e1rio e novo posicionamento de marca com conven\u00e7\u00e3o em S\u00e3o Paulo"},"content":{"rendered":"<p>\u00b7 Rede reunir\u00e1 franqueados de todo o Brasil , no Pal\u00e1cio Tangar\u00e1 e no Bourbon Resort Atibaia, em S\u00e3o Paulo<\/p>\n<p>Acontece nos pr\u00f3ximos dias 5, 6 e 7 de julho a grande conven\u00e7\u00e3o da Face Doctor \u2013 maior rede de harmoniza\u00e7\u00e3o facial e corporal do pa\u00eds, reunindo franqueados, consultores de vendas e os maiores laborat\u00f3rios do setor de est\u00e9tica mundial, trazendo as \u00faltimas tend\u00eancias e inova\u00e7\u00f5es do setor. O objetivo do evento \u00e9 comemorar a expans\u00e3o da rede nos \u00faltimos cinco anos e lan\u00e7ar o novo posicionamento da marca, que se apresenta ainda mais tecnol\u00f3gica e inovadora.<\/p>\n<p>No Pal\u00e1cio Tangar\u00e1, em S\u00e3o Paulo, a rede reunir\u00e1, no dia 05, franqueados de todo o Brasil, para um grande momento de networking. Os convidados poder\u00e3o assistir a palestras de Ricardo Nunes, fundador da Ricardo Eletro, Hilston Guerim e Isabella Guerim, da PDMG Franchising, e o influenciador Raphael Mattos.<\/p>\n<p>O atual momento do franchising no Brasil, estrat\u00e9gias de empreendedorismo, a expans\u00e3o da Face Doctor e novas tecnologias dispon\u00edveis no mercado est\u00e3o entre os temas.<\/p>\n<p>J\u00e1 nos dias 06 e 07 a rede reunir\u00e1 gerentes, consultores de vendas e as marcas parceiras no hotel Bourbon Resort Atibaia, em Atibaia-SP, onde promover\u00e3o experi\u00eancias e apresentar\u00e3o as principais novidades e os mais recentes avan\u00e7os tecnol\u00f3gicos e cient\u00edficos, por meio de produtos e t\u00e9cnicas que revolucionar\u00e3o o mercado. Essa troca de conhecimento \u00e9 fundamental para o crescimento e aprimoramento dos profissionais da \u00e1rea, possibilitando a oferta de servi\u00e7os cada vez mais eficazes e seguros para os clientes.<\/p>\n<p>&#8220;Eventos como o Face Doctor Experience s\u00e3o essenciais para manter os franqueados atualizados e \u00e0 frente da concorr\u00eancia. A oportunidade de aprender com os melhores do mundo e de trocar experi\u00eancias com outros profissionais do ramo \u00e9 \u00fanica e enriquecedora&#8221;, comenta Nelson Links, CEO da rede.<\/p>\n<p>\u201cEstamos vivendo um momento muito especial na Face Doctor. Em cinco anos experimentamos um crescimento expressivo, v\u00e1rios franqueados obtendo excelentes resultados nas suas cl\u00ednicas e uma grande aceita\u00e7\u00e3o dos servi\u00e7os oferecidos ao p\u00fablico. Somente este ano (de janeiro a maio) tivemos um crescimento de 70 % em n\u00famero de unidades e mais de 200% em atendimentos, comparado ao mesmo per\u00edodo do ano passado e pretendemos crescer ainda mais at\u00e9 o final do ano. Este evento celebra tudo isso e ressalta que a nossa marca est\u00e1 cada vez mais forte e preparada para o futuro, gra\u00e7as \u00e0 busca constante de evolu\u00e7\u00e3o, tanto quando falamos em capacita\u00e7\u00e3o profissional, como em produtos e em inova\u00e7\u00f5es tecnol\u00f3gicas. Sem d\u00favida ser\u00e1 um momento muito especial para todos n\u00f3s\u201d, prev\u00ea o executivo.<\/p>\n<p><strong>Sobre a Face Doctor<\/strong><\/p>\n<p>Com mais de 150 unidades em cerca de 24 estados do Brasil, a Face Doctor &#8211; maior rede de franquias premium especializada em rejuvenescimento facial e corporal do pa\u00eds &#8211; \u00e9 uma empresa que faz sucesso pela sua excel\u00eancia em procedimentos faciais e corporais. Al\u00e9m da melhor tecnologia, as unidades da Face Doctor possuem estrutura moderna, com arquitetura sofisticada, para oferecer a melhor experi\u00eancia aos seus clientes, al\u00e9m de protocolos exclusivos e uma linha de skincare com produtos de qualidade. J\u00e1 s\u00e3o mais de 170 mil clientes atendidos e 130 mil procedimentos realizados, se tornado a rede com melhor nota no Reclame Aqui. \u00c9 a \u00fanica do segmento com o Selo de Excel\u00eancia em Franchising, oferecido pela Associa\u00e7\u00e3o Brasileira de Franchising (ABF), por dois anos consecutivos (2022 e 2023). E tamb\u00e9m por dois anos (2022 e 2023) recebeu o selo GPTW (Great Place to Work).<\/p>\n<p>Mais informa\u00e7\u00f5es: www.facedoctor.com.br<\/p>\n<p>Instagram &#8211; @facedoctor_oficial<\/p>\n","protected":false},"excerpt":{"rendered":"<p>\u00b7 Rede reunir\u00e1 franqueados de todo o Brasil , no Pal\u00e1cio Tangar\u00e1 e no Bourbon Resort Atibaia, em S\u00e3o Paulo Acontece nos pr\u00f3ximos dias 5, 6 e 7 de julho a grande conven\u00e7\u00e3o da Face Doctor \u2013 maior rede de harmoniza\u00e7\u00e3o facial e corporal do pa\u00eds, reunindo franqueados, consultores de vendas e os maiores laborat\u00f3rios [&hellip;]<\/p>\n","protected":false},"author":2,"featured_media":15494,"comment_status":"open","ping_status":"open","sticky":false,"template":"","format":"standard","meta":{"_jetpack_memberships_contains_paid_content":false,"_joinchat":[],"footnotes":""},"categories":[51,56,60],"tags":[9678],"featured_image_src":{"landsacpe":["https:\/\/revistaempresarios.net\/web\/wp-content\/uploads\/2024\/07\/Nelson-Lins-Ceo-da-Face-Doctor-923x445.jpg",923,445,true],"list":["https:\/\/revistaempresarios.net\/web\/wp-content\/uploads\/2024\/07\/Nelson-Lins-Ceo-da-Face-Doctor-463x348.jpg",463,348,true],"medium":["https:\/\/revistaempresarios.net\/web\/wp-content\/uploads\/2024\/07\/Nelson-Lins-Ceo-da-Face-Doctor-300x161.jpg",300,161,true],"full":["https:\/\/revistaempresarios.net\/web\/wp-content\/uploads\/2024\/07\/Nelson-Lins-Ceo-da-Face-Doctor.jpg",923,496,false]},"jetpack_sharing_enabled":true,"jetpack_featured_media_url":"https:\/\/revistaempresarios.net\/web\/wp-content\/uploads\/2024\/07\/Nelson-Lins-Ceo-da-Face-Doctor.jpg","jetpack-related-posts":[],"_links":{"self":[{"href":"https:\/\/revistaempresarios.net\/web\/wp-json\/wp\/v2\/posts\/15493"}],"collection":[{"href":"https:\/\/revistaempresarios.net\/web\/wp-json\/wp\/v2\/posts"}],"about":[{"href":"https:\/\/revistaempresarios.net\/web\/wp-json\/wp\/v2\/types\/post"}],"author":[{"embeddable":true,"href":"https:\/\/revistaempresarios.net\/web\/wp-json\/wp\/v2\/users\/2"}],"replies":[{"embeddable":true,"href":"https:\/\/revistaempresarios.net\/web\/wp-json\/wp\/v2\/comments?post=15493"}],"version-history":[{"count":1,"href":"https:\/\/revistaempresarios.net\/web\/wp-json\/wp\/v2\/posts\/15493\/revisions"}],"predecessor-version":[{"id":15495,"href":"https:\/\/revistaempresarios.net\/web\/wp-json\/wp\/v2\/posts\/15493\/revisions\/15495"}],"wp:featuredmedia":[{"embeddable":true,"href":"https:\/\/revistaempresarios.net\/web\/wp-json\/wp\/v2\/media\/15494"}],"wp:attachment":[{"href":"https:\/\/revistaempresarios.net\/web\/wp-json\/wp\/v2\/media?parent=15493"}],"wp:term":[{"taxonomy":"category","embeddable":true,"href":"https:\/\/revistaempresarios.net\/web\/wp-json\/wp\/v2\/categories?post=15493"},{"taxonomy":"post_tag","embeddable":true,"href":"https:\/\/revistaempresarios.net\/web\/wp-json\/wp\/v2\/tags?post=15493"}],"curies":[{"name":"wp","href":"https:\/\/api.w.org\/{rel}","templated":true}]}}