{"id":15326,"date":"2024-06-05T16:46:53","date_gmt":"2024-06-05T19:46:53","guid":{"rendered":"https:\/\/revistaempresarios.net\/web\/?p=15326"},"modified":"2024-06-05T16:51:22","modified_gmt":"2024-06-05T19:51:22","slug":"clubcasa-design-anuncia-parceria-com-as-feiras-e-squadria-e-glass-south-america","status":"publish","type":"post","link":"https:\/\/revistaempresarios.net\/web\/2024\/06\/05\/clubcasa-design-anuncia-parceria-com-as-feiras-e-squadria-e-glass-south-america\/","title":{"rendered":"Club&#038;Casa Design anuncia parceria com as feiras E-squadria e Glass South America"},"content":{"rendered":"<p>Eventos considerados os mais completos para o mercado vidreiro e de esquadrias da Am\u00e9rica Latina ainda contar\u00e3o com podcast e entrevistas com refer\u00eancias do setor<\/p>\n<p>O Club&amp;Casa Design, plataforma de benef\u00edcios e relacionamento do mercado Arq&amp;Decor, anuncia sua parceria com as feiras E-squadria Show e Glass South America, que acontecer\u00e3o de 12 a 15 de junho de 2024, no S\u00e3o Paulo Expo. A empresa estar\u00e1 presente na E-squadria Show com um espa\u00e7o de conte\u00fado feito em parceria com AltoQi, Bilds. com, On.We, N\u00fcrnbergMesse Brasil e Diex M\u00eddia. Essa ativa\u00e7\u00e3o ser\u00e1 um ponto de encontro para profissionais, lojistas e entusiastas que visitar\u00e3o a feira.<\/p>\n<p>O principal foco do estande ser\u00e1 a apresenta\u00e7\u00e3o e discuss\u00e3o sobre a Digitaliza\u00e7\u00e3o na Constru\u00e7\u00e3o civil, sobretudo, sobre o Building Information Modeling (BIM), uma metodologia que vem revolucionando a forma como projetamos, constru\u00edmos e gerenciamos edifica\u00e7\u00f5es. O espa\u00e7o contar\u00e1 com demonstra\u00e7\u00f5es visuais dos softwares utilizados no BIM, possibilitando aos visitantes verem de perto como essas solu\u00e7\u00f5es funcionam e os impactos positivos que podem trazer para seus projetos.<\/p>\n<p>\u201cN\u00f3s estamos muito felizes com essa parceria, sobretudo, por ter a oportunidade de falar desse tema t\u00e3o relevante e revolucion\u00e1rio no setor, que \u00e9 a metodologia BIM. Ao unir nossas for\u00e7as com a AltoQi &#8211; empresa l\u00edder em solu\u00e7\u00f5es e tecnologia para constru\u00e7\u00e3o civil &#8211; e outros parceiros, criamos um espa\u00e7o \u00fanico e valioso para discutir, explorar e avan\u00e7ar as pr\u00e1ticas de BIM. Juntos, estamos estabelecendo novas normas de qualidade e efici\u00eancia que beneficiar\u00e3o toda a cadeia de valor da constru\u00e7\u00e3o civil\u201d, ressalta Thiago Sodr\u00e9, CEO do Club&amp;Casa Design<\/p>\n<p>Realizado simultaneamente \u00e0 Glass South America, o E-squadria Show \u00e9 o maior e mais completo evento para o mercado de esquadrias da Am\u00e9rica Latina. O objetivo \u00e9 destacar as \u00faltimas inova\u00e7\u00f5es em vidros e esquadrias, al\u00e9m de promover um networking valioso entre profissionais e empresas do setor.<\/p>\n<p>Al\u00e9m de conferir as principais novidades em vidros e esquadrias, os visitantes ter\u00e3o a oportunidade de assistir a palestras com profissionais renomados que compartilhar\u00e3o suas experi\u00eancias e insights sobre as tend\u00eancias mais recentes e inovadoras do setor. Entre os palestrantes confirmados est\u00e3o Juan Ign\u00e1cio Aranguren, arquiteto no Zaha Hadid Architects, que desenvolve pr\u00e1ticas h\u00e1 mais de 20 anos em estrat\u00e9gias que incorporam valores de funcionalidade, sustentabilidade, contexto e experi\u00eancias; Isaac Safdie, da Safdie Architects, reconhecido por sua arquitetura arrojada e inclusiva, destacando-se com projetos premiados como o Centro Albert Einstein (SP); e Fernando Vidal, membro do corpo de dire\u00e7\u00e3o global da Perkins and Will e principal articulador estrat\u00e9gico da empresa no \u00e2mbito local.<\/p>\n<p>Outros palestrantes de destaque incluem Fernando Forte e Rodrigo Marcondes Ferraz, s\u00f3cios no escrit\u00f3rio FGMF; Greg Bousquet, fundador da Triptyque Architecture; Laurent Troost, co-fundador de &#8220;Laurent Troost Architectures&#8221; e &#8220;Troost + Pessoa Architects&#8221;; Ma Yansong, fundador da MAD Architects; e Adam Kurdahl, s\u00f3cio fundador do SPOL Architects.<\/p>\n<p>Podcast: \u201cGest\u00e3o Digital da Constru\u00e7\u00e3o e o papel do BIM nesta transforma\u00e7\u00e3o&#8221;<\/p>\n<p>Al\u00e9m da feira, que j\u00e1 \u00e9 um grande atrativo, no estande do Club&amp;Casa Design haver\u00e1 um espa\u00e7o para grava\u00e7\u00e3o de podcast, cujo tema central ser\u00e1 a &#8220;Gest\u00e3o Digital da Constru\u00e7\u00e3o e o papel do BIM nesta transforma\u00e7\u00e3o&#8221;. O objetivo \u00e9 trazer cases e especialistas reconhecidos na \u00e1rea para democratizar o acesso \u00e0 informa\u00e7\u00e3o de qualidade sobre este assunto, que ainda gera muitas d\u00favidas entre os profissionais.<\/p>\n<p>\u201cAl\u00e9m das ativa\u00e7\u00f5es f\u00edsicas do estande, convidamos a On.We e AltoQi para trazer este incr\u00edvel tema em uma s\u00e9rie de grava\u00e7\u00f5es de podcasts, onde receberemos convidados especializados desse universo. Essa colabora\u00e7\u00e3o \u00e9 uma prova do nosso compromisso conjunto com a inova\u00e7\u00e3o e a excel\u00eancia no setor. Tenho certeza que ser\u00e3o dias de conte\u00fados enriquecedores!\u201d, ressalta Thiago Sodr\u00e9, CEO do Club&amp;Casa Design.<\/p>\n<p>Os convidados do podcast ser\u00e3o entrevistados por Anam\u00e9lia Adriano, da On.We, refer\u00eancia na \u00e1rea. Os temas abordados incluir\u00e3o &#8220;Neg\u00f3cios Inovadores atrav\u00e9s da Gest\u00e3o Digital da Constru\u00e7\u00e3o&#8221;, com Leonardo Koch da Cartesian; &#8220;BIM \u00e9 s\u00f3 para obras grandes: Mito ou verdade?. &#8220;Arquiteto: o grande maestro da gest\u00e3o digital do Empreendimento&#8221;; e &#8220;BIM como comunidade&#8221;. Entre os convidados confirmados est\u00e3o Leonardo Koch, da Cartesian, Miguel, CEO da Bilds.com, e J\u00falio Farias, do SP BIM, uma comunidade de cursos e escrit\u00f3rios de arquitetura e engenharia com 4 mil alunos, entre outros.<\/p>\n<p><strong>Programa\u00e7\u00e3o das palestras:<\/strong><\/p>\n<p><strong>12 de junho:<\/strong><\/p>\n<p>13h &#8211; 13h45: Fernando Vidal &#8211; &#8220;O vidro como protagonista: Inova\u00e7\u00e3o e tecnologia nos projetos da Perkins&amp;Will S\u00e3o Paulo&#8221;<br \/>\n13h45 &#8211; 14h30: Laurent Troost &#8211; &#8220;Natureza Urbana&#8221;<br \/>\n14h30 &#8211; 15h: Mesa redonda com Fernando Vidal e Laurent Troost, mediada por Amanda Ferber<br \/>\n15h &#8211; 16h30: Juan Ign\u00e1cio Aranguren &#8211; KEYNOTE SPEAKER. Evento com tradu\u00e7\u00e3o simult\u00e2nea<\/p>\n<p><strong>13 de junho:<\/strong><\/p>\n<p>14h45 &#8211; 15h30: Fernando Forte e Rodrigo Marcondes Ferraz &#8211; &#8220;O uso da transpar\u00eancia nos projetos da FGMF&#8221;<br \/>\n15h30 &#8211; 16h15: Adam Kurdahl &#8211; &#8220;SPOL Architects e o uso do vidro&#8221;<br \/>\n16h15 &#8211; 16h45: Mesa redonda com Fernando Forte e Adam Kurdahl, mediada por Amanda Ferber<br \/>\n17h &#8211; 18h30: Roxanne Kaye &#8211; KEYNOTE SPEAKER. Evento com tradu\u00e7\u00e3o simult\u00e2nea<\/p>\n<p><strong>14 de junho:<\/strong><\/p>\n<p>14h45 &#8211; 15h30: Greg Bousquet &#8211; &#8220;ARCHITECTS OFFICE e o uso do vidro&#8221;<br \/>\n15h30 &#8211; 16h15: L\u00e9o Maia &#8211; &#8220;Leonardo Maia Arquitetos e o uso do vidro&#8221;<br \/>\n16h15 &#8211; 16h45: Mesa redonda com Greg Bousquet e L\u00e9o Maia, mediada por Amanda Ferber<br \/>\n17h &#8211; 18h30: Isaac Safdie &#8211; KEYNOTE SPEAKER. Evento com tradu\u00e7\u00e3o simult\u00e2nea<\/p>\n<p><strong>15 de junho:<\/strong><\/p>\n<p>10h30 &#8211; 11h: Jos\u00e9 Roberto Muratori &#8211; &#8220;Os Desafios na Gest\u00e3o de Empreendimentos Multiuso&#8221;<br \/>\n11h &#8211; 11h30: Helio Ferraz &#8211; &#8220;Recarga de Ve\u00edculos El\u00e9tricos em Condom\u00ednios: normas, regula\u00e7\u00f5es e desafios&#8221;<br \/>\n11h30 &#8211; 12h: Aurea Vendramin &#8211; &#8220;Retrofit &#8211; Preserva\u00e7\u00e3o da Mem\u00f3ria Arquitet\u00f4nica e Revitaliza\u00e7\u00e3o no Desempenho da Edifica\u00e7\u00e3o&#8221;<br \/>\n11h30 &#8211; 12h30: Claudio Mansur &#8211; &#8220;Como conciliar clientes e arquitetos na hora do atendimento e venda&#8221;<br \/>\n12h &#8211; 12h30: Beto Zamberlan &#8211; &#8220;Redes, Comunidades e Clubes de Neg\u00f3cios: Por que devemos participar?&#8221;<br \/>\n12h30 &#8211; 13h: Patricia Bittencourt &#8211; &#8220;ESG em Pr\u00e1tica no Setor Imobili\u00e1rio&#8221;<br \/>\n13h &#8211; 14h: Diogo Ortiz &#8211; &#8220;Como utilizar a internet a favor do vidraceiro&#8221;<br \/>\n14h &#8211; 14h30: Hugo Mart\u00ednez &#8211; &#8220;Fachada Eficiente \u00e9 Fachada com Desempenho Ac\u00fastico&#8221;<br \/>\n14h30 &#8211; 15h: Juliana Iwashita &#8211; &#8220;Ilumina\u00e7\u00e3o Integrativa: Aliando Bem-estar e Efici\u00eancia Energ\u00e9tica em Edif\u00edcios&#8221;<br \/>\n15h &#8211; 15h30: Eduardo Straub &#8211; &#8220;Um Panorama Atual das Constru\u00e7\u00f5es Sustent\u00e1veis e Saud\u00e1veis&#8221;<br \/>\n15h30 &#8211; 16h: Eduardo Yamada &#8211; &#8220;A Sinergia entre as Tecnologias de Sistemas Prediais, Efici\u00eancia Energ\u00e9tica e Comissionamento&#8221;<br \/>\n16h &#8211; 16h30: Cesar Ribeiro &#8211; &#8220;Intelig\u00eancia Energ\u00e9tica Aplicada \u00e0s Edifica\u00e7\u00f5es&#8221;<br \/>\n16h30 &#8211; 17h: Debates\/Confraterniza\u00e7\u00e3o\/Encerramento<\/p>\n<p><strong>Informa\u00e7\u00f5es<\/strong>:<\/p>\n<p>Glass South America e E-Squadria Show<br \/>\nData: 12 a 15 de junho de 2024<br \/>\nLocal: S\u00e3o Paulo Expo, Rodovia dos Imigrantes, km 1,5, S\u00e3o Paulo &#8211; SP<\/p>\n<p>Mais informa\u00e7\u00f5es:<br \/>\nhttps:\/\/home.glassexpo.com.br\/<br \/>\nhttps:\/\/home.esquadriashow.com.br\/<\/p>\n<p>Sobre o Club &amp; Casa Design<\/p>\n<p>Fundado em 2015, o Club&amp;Casa Design \u00e9 focado na experi\u00eancia, no reconhecimento, na capacita\u00e7\u00e3o e na viabiliza\u00e7\u00e3o de neg\u00f3cios para profissionais do segmento de arquitetura, design de interiores e constru\u00e7\u00e3o civil. Nos \u00faltimos anos, foram transacionadas centenas de milh\u00f5es em neg\u00f3cios no programa, que funciona como um clube de relacionamento para mais de 30 segmentos da constru\u00e7\u00e3o civil. Atualmente, o Club&amp;Casa Design est\u00e1 presente em 17 estados brasileiros.<\/p>\n<p>Mais informa\u00e7\u00f5es:<br \/>\n<strong>www.clubecasadesign.com.br<\/strong><\/p>\n","protected":false},"excerpt":{"rendered":"<p>Eventos considerados os mais completos para o mercado vidreiro e de esquadrias da Am\u00e9rica Latina ainda contar\u00e3o com podcast e entrevistas com refer\u00eancias do setor O Club&amp;Casa Design, plataforma de benef\u00edcios e relacionamento do mercado Arq&amp;Decor, anuncia sua parceria com as feiras E-squadria Show e Glass South America, que acontecer\u00e3o de 12 a 15 de [&hellip;]<\/p>\n","protected":false},"author":2,"featured_media":15330,"comment_status":"open","ping_status":"open","sticky":false,"template":"","format":"standard","meta":{"_jetpack_memberships_contains_paid_content":false,"_joinchat":[],"footnotes":""},"categories":[51,54,56,58,60],"tags":[],"featured_image_src":{"landsacpe":["https:\/\/revistaempresarios.net\/web\/wp-content\/uploads\/2024\/06\/450e2698-80d3-4cfe-bc4f-41a21e7d58ed-1140x445.jpg",1140,445,true],"list":["https:\/\/revistaempresarios.net\/web\/wp-content\/uploads\/2024\/06\/450e2698-80d3-4cfe-bc4f-41a21e7d58ed-463x348.jpg",463,348,true],"medium":["https:\/\/revistaempresarios.net\/web\/wp-content\/uploads\/2024\/06\/450e2698-80d3-4cfe-bc4f-41a21e7d58ed-300x193.jpg",300,193,true],"full":["https:\/\/revistaempresarios.net\/web\/wp-content\/uploads\/2024\/06\/450e2698-80d3-4cfe-bc4f-41a21e7d58ed.jpg",1280,823,false]},"jetpack_sharing_enabled":true,"jetpack_featured_media_url":"https:\/\/revistaempresarios.net\/web\/wp-content\/uploads\/2024\/06\/450e2698-80d3-4cfe-bc4f-41a21e7d58ed.jpg","jetpack-related-posts":[],"_links":{"self":[{"href":"https:\/\/revistaempresarios.net\/web\/wp-json\/wp\/v2\/posts\/15326"}],"collection":[{"href":"https:\/\/revistaempresarios.net\/web\/wp-json\/wp\/v2\/posts"}],"about":[{"href":"https:\/\/revistaempresarios.net\/web\/wp-json\/wp\/v2\/types\/post"}],"author":[{"embeddable":true,"href":"https:\/\/revistaempresarios.net\/web\/wp-json\/wp\/v2\/users\/2"}],"replies":[{"embeddable":true,"href":"https:\/\/revistaempresarios.net\/web\/wp-json\/wp\/v2\/comments?post=15326"}],"version-history":[{"count":1,"href":"https:\/\/revistaempresarios.net\/web\/wp-json\/wp\/v2\/posts\/15326\/revisions"}],"predecessor-version":[{"id":15328,"href":"https:\/\/revistaempresarios.net\/web\/wp-json\/wp\/v2\/posts\/15326\/revisions\/15328"}],"wp:featuredmedia":[{"embeddable":true,"href":"https:\/\/revistaempresarios.net\/web\/wp-json\/wp\/v2\/media\/15330"}],"wp:attachment":[{"href":"https:\/\/revistaempresarios.net\/web\/wp-json\/wp\/v2\/media?parent=15326"}],"wp:term":[{"taxonomy":"category","embeddable":true,"href":"https:\/\/revistaempresarios.net\/web\/wp-json\/wp\/v2\/categories?post=15326"},{"taxonomy":"post_tag","embeddable":true,"href":"https:\/\/revistaempresarios.net\/web\/wp-json\/wp\/v2\/tags?post=15326"}],"curies":[{"name":"wp","href":"https:\/\/api.w.org\/{rel}","templated":true}]}}