{"id":15314,"date":"2024-05-31T17:38:41","date_gmt":"2024-05-31T20:38:41","guid":{"rendered":"https:\/\/revistaempresarios.net\/web\/?p=15314"},"modified":"2024-05-31T17:38:41","modified_gmt":"2024-05-31T20:38:41","slug":"ppa-esta-realizando-hoje-em-marilia-a-17a-convencao-com-tema-unindo-os-4-cantos-do-brasil-e-do-mundo","status":"publish","type":"post","link":"https:\/\/revistaempresarios.net\/web\/2024\/05\/31\/ppa-esta-realizando-hoje-em-marilia-a-17a-convencao-com-tema-unindo-os-4-cantos-do-brasil-e-do-mundo\/","title":{"rendered":"PPA esta realizando hoje em Marilia a 17\u00aa Conven\u00e7\u00e3o com tema \u201cUnindo os 4 cantos do Brasil e do Mundo\u201d"},"content":{"rendered":"<header class=\"flex flex-col items-center text-center space-y-4 xl:max-w-4xl max-w-3xl mx-auto lg:my-20 my-14 mobile-max:my-8\" data-v-eb62f322=\"\">\n<div data-v-eb62f322=\"\">\n<h3 class=\"text-lg mobile-max:text-base2 text-body\">Nova linha de produtos da marca ser\u00e1 apresentada durante edi\u00e7\u00e3o do evento 2024<\/h3>\n<p>O tema desse ano \u00e9 \u201cUnindo os 4 cantos do Brasil e do Mundo\u201d, uma vez que a marca tem chegado cada vez a mais pa\u00edses.<\/p>\n<p>A 17\u00aa edi\u00e7\u00e3o do evento guarda ainda surpresas, como o lan\u00e7amento de uma nova linha de sensores e alarmes. \u201cEstamos com uma expectativa muito positiva para essa linha voltada para um nicho espec\u00edfico da seguran\u00e7a eletr\u00f4nica. Ela foi desenvolvida pensando nas demandas do mercado, com uma das caracter\u00edsticas mais fortes da PPA, que \u00e1 a inova\u00e7\u00e3o\u201d, destacou o CEO, Samuel Peres.<\/p>\n<p>Para o encontro, s\u00e3o esperados aproximadamente 600 representantes da marca, como distribuidores e profissionais do setor, tanto do Brasil, quanto do exterior.<\/p>\n<p>Outros destaques devem ser o crescimento significativo do portf\u00f3lio, com aumento da linha de produtos 24V, itens de CFTV, cancelas e portas sociais. \u201cTivemos um salto em nosso portf\u00f3lio, com novas tecnologias implantadas em produtos e a aquisi\u00e7\u00e3o da FASS, fabricante de portas sociais, que agora integra a PPA\u201d, frisou o gerente comercial, Gerson Caparroz J\u00fanior.<\/p>\n<p><strong>Programa\u00e7\u00e3o<\/strong><\/p>\n<p>A programa\u00e7\u00e3o da 17\u00aa Conven\u00e7\u00e3o PPA inclui apresenta\u00e7\u00f5es t\u00e9cnicas e palestras, a cargo da diretoria, ger\u00eancia e demais convidados.<\/p>\n<p>O objetivo \u00e9 pontuar a participa\u00e7\u00e3o da empresa no mercado global atual e expor as principais novidades que t\u00eam impactado esse mercado. \u201cA Conven\u00e7\u00e3o PPA \u00e9 o nosso grande encontro anual, onde reunimos todas as informa\u00e7\u00f5es sobre essa empresa que congrega tanta gente no Brasil e no mundo. Hoje temos uma rede muito expressiva, um capital humano unido por uma tecnologia avan\u00e7ada em seguran\u00e7a eletr\u00f4nica. Para n\u00f3s, \u00e9 um prazer poder nos reunir, porque assim cumprimos a nossa miss\u00e3o de estarmos sempre pr\u00f3ximos dos distribuidores e representantes\u201d, finalizou o CEO.<\/p>\n<p><strong>Servi\u00e7o<\/strong><\/p>\n<p>17\u00aa Conven\u00e7\u00e3o PPA<\/p>\n<p>Data: 31 de maio de 2024<\/p>\n<p>Hor\u00e1rio:\u00a0das 08 \u00e0s 17h<\/p>\n<p>Local:\u00a0Golden Palace Eventos \u2013 Mar\u00edlia-SP<\/p>\n<p>*Imagem da \u00faltima edi\u00e7\u00e3o do evento (2023)<\/p>\n<\/div>\n<\/header>\n","protected":false},"excerpt":{"rendered":"<p>Nova linha de produtos da marca ser\u00e1 apresentada durante edi\u00e7\u00e3o do evento 2024 O tema desse ano \u00e9 \u201cUnindo os 4 cantos do Brasil e do Mundo\u201d, uma vez que a marca tem chegado cada vez a mais pa\u00edses. A 17\u00aa edi\u00e7\u00e3o do evento guarda ainda surpresas, como o lan\u00e7amento de uma nova linha de [&hellip;]<\/p>\n","protected":false},"author":2,"featured_media":15315,"comment_status":"open","ping_status":"open","sticky":false,"template":"","format":"standard","meta":{"_jetpack_memberships_contains_paid_content":false,"footnotes":""},"categories":[1],"tags":[],"featured_image_src":{"landsacpe":["https:\/\/revistaempresarios.net\/web\/wp-content\/uploads\/2024\/05\/Nova-linha-de-produtos-da-marca-sera-apresentada-durante-edicao-do-evento-2024-1140x445.jpeg",1140,445,true],"list":["https:\/\/revistaempresarios.net\/web\/wp-content\/uploads\/2024\/05\/Nova-linha-de-produtos-da-marca-sera-apresentada-durante-edicao-do-evento-2024-463x348.jpeg",463,348,true],"medium":["https:\/\/revistaempresarios.net\/web\/wp-content\/uploads\/2024\/05\/Nova-linha-de-produtos-da-marca-sera-apresentada-durante-edicao-do-evento-2024-300x200.jpeg",300,200,true],"full":["https:\/\/revistaempresarios.net\/web\/wp-content\/uploads\/2024\/05\/Nova-linha-de-produtos-da-marca-sera-apresentada-durante-edicao-do-evento-2024.jpeg",1536,1023,false]},"jetpack_sharing_enabled":true,"jetpack_featured_media_url":"https:\/\/revistaempresarios.net\/web\/wp-content\/uploads\/2024\/05\/Nova-linha-de-produtos-da-marca-sera-apresentada-durante-edicao-do-evento-2024.jpeg","jetpack-related-posts":[],"_links":{"self":[{"href":"https:\/\/revistaempresarios.net\/web\/wp-json\/wp\/v2\/posts\/15314"}],"collection":[{"href":"https:\/\/revistaempresarios.net\/web\/wp-json\/wp\/v2\/posts"}],"about":[{"href":"https:\/\/revistaempresarios.net\/web\/wp-json\/wp\/v2\/types\/post"}],"author":[{"embeddable":true,"href":"https:\/\/revistaempresarios.net\/web\/wp-json\/wp\/v2\/users\/2"}],"replies":[{"embeddable":true,"href":"https:\/\/revistaempresarios.net\/web\/wp-json\/wp\/v2\/comments?post=15314"}],"version-history":[{"count":1,"href":"https:\/\/revistaempresarios.net\/web\/wp-json\/wp\/v2\/posts\/15314\/revisions"}],"predecessor-version":[{"id":15316,"href":"https:\/\/revistaempresarios.net\/web\/wp-json\/wp\/v2\/posts\/15314\/revisions\/15316"}],"wp:featuredmedia":[{"embeddable":true,"href":"https:\/\/revistaempresarios.net\/web\/wp-json\/wp\/v2\/media\/15315"}],"wp:attachment":[{"href":"https:\/\/revistaempresarios.net\/web\/wp-json\/wp\/v2\/media?parent=15314"}],"wp:term":[{"taxonomy":"category","embeddable":true,"href":"https:\/\/revistaempresarios.net\/web\/wp-json\/wp\/v2\/categories?post=15314"},{"taxonomy":"post_tag","embeddable":true,"href":"https:\/\/revistaempresarios.net\/web\/wp-json\/wp\/v2\/tags?post=15314"}],"curies":[{"name":"wp","href":"https:\/\/api.w.org\/{rel}","templated":true}]}}