{"id":14935,"date":"2024-04-18T10:07:16","date_gmt":"2024-04-18T13:07:16","guid":{"rendered":"https:\/\/revistaempresarios.net\/web\/?p=14935"},"modified":"2024-04-18T10:07:16","modified_gmt":"2024-04-18T13:07:16","slug":"sem-parar-nomeia-jose-luiz-machado-a-diretor-de-seguros","status":"publish","type":"post","link":"https:\/\/revistaempresarios.net\/web\/2024\/04\/18\/sem-parar-nomeia-jose-luiz-machado-a-diretor-de-seguros\/","title":{"rendered":"Sem Parar nomeia Jos\u00e9 Luiz Machado a Diretor de Seguros"},"content":{"rendered":"<div class=\"itemBody\">\n<div class=\"itemIntroText\">\n<p>Profissional com mais de 15 anos de experi\u00eancia, anteriormente atuava como Head da \u00e1rea na empresa, agora assume uma nova posi\u00e7\u00e3o estrat\u00e9gica criada para ele, com a miss\u00e3o de fomentar o crescimento dos servi\u00e7os de seguros e de continuar criando produtos que ajudem a consolidar ainda mais o ecossistema de mobilidade ligado ao carro<\/p>\n<\/div>\n<div class=\"itemFullText\">\n<p>O Sem Parar, ecossistema de mobilidade com foco em ve\u00edculos, anuncia a promo\u00e7\u00e3o de Jos\u00e9 Luiz Machado ao cargo de Diretor de Seguros. Com o sucesso da implementa\u00e7\u00e3o do core de seguros e a import\u00e2ncia que ele vem ganhando na estrat\u00e9gia macro da companhia, a \u00e1rea ganha um diretor e, em breve, abrir\u00e1 novas oportunidades para profissionais do ramo.<\/p>\n<p>Com uma experi\u00eancia de mais de 15 anos no setor, Jos\u00e9 Luiz, que est\u00e1 h\u00e1 dois anos e meio na companhia e ajudou a construir a frente de seguros na empresa, continuar\u00e1 a desempenhar um papel fundamental na condu\u00e7\u00e3o da inova\u00e7\u00e3o e na expans\u00e3o das ofertas de seguros do Sem Parar, alinhadas \u00e0s necessidades dos clientes.<\/p>\n<p>Para o executivo \u00e9 uma honra liderar uma equipe com mais de 30 pessoas dedicadas e comprometidas em oferecer solu\u00e7\u00f5es de seguros que ajudam o Sem Parar a ampliar seu portf\u00f3lio em mobilidade e a ser o melhor amigo do motorista. \u201cNessa nova cadeira, meu principal desafio ser\u00e1 manter o crescimento acelerado do time de seguros, explorar novas oportunidades dentro do ecossistema do Sem Parar e nas opera\u00e7\u00f5es de seguro do B2B e, para isso, eu conto com um time muito s\u00eanior\u201d, explica.<\/p>\n<p>Jos\u00e9 Luiz Machado \u00e9 formado em Administra\u00e7\u00e3o com \u00eanfase em Seguros pela Escola de Neg\u00f3cios e Seguros, e p\u00f3s-graduado (MBA) em Marketing Digital Estrat\u00e9gico e Gest\u00e3o de Dados Estrat\u00e9gicos pela Universidade Veiga de Almeida, e MBA em Marketing digital e Inova\u00e7\u00e3o pela Funda\u00e7\u00e3o Get\u00falio Vargas.<\/p>\n<\/div>\n<\/div>\n<div class=\"e-mailit_toolbox circular  size48\">\n<div class=\"e-mailit_btn_EMAILiT\"><\/div>\n<\/div>\n","protected":false},"excerpt":{"rendered":"<p>Profissional com mais de 15 anos de experi\u00eancia, anteriormente atuava como Head da \u00e1rea na empresa, agora assume uma nova posi\u00e7\u00e3o estrat\u00e9gica criada para ele, com a miss\u00e3o de fomentar o crescimento dos servi\u00e7os de seguros e de continuar criando produtos que ajudem a consolidar ainda mais o ecossistema de mobilidade ligado ao carro O [&hellip;]<\/p>\n","protected":false},"author":2,"featured_media":14936,"comment_status":"open","ping_status":"open","sticky":false,"template":"","format":"standard","meta":{"_jetpack_memberships_contains_paid_content":false,"_joinchat":[],"footnotes":""},"categories":[51,56,57,60],"tags":[9468],"featured_image_src":{"landsacpe":["https:\/\/revistaempresarios.net\/web\/wp-content\/uploads\/2024\/04\/ee0da5abe8b4d03322f26c1c1bec7de6_XL-1140x445.jpg",1140,445,true],"list":["https:\/\/revistaempresarios.net\/web\/wp-content\/uploads\/2024\/04\/ee0da5abe8b4d03322f26c1c1bec7de6_XL-463x348.jpg",463,348,true],"medium":["https:\/\/revistaempresarios.net\/web\/wp-content\/uploads\/2024\/04\/ee0da5abe8b4d03322f26c1c1bec7de6_XL-300x267.jpg",300,267,true],"full":["https:\/\/revistaempresarios.net\/web\/wp-content\/uploads\/2024\/04\/ee0da5abe8b4d03322f26c1c1bec7de6_XL.jpg",1220,1084,false]},"jetpack_sharing_enabled":true,"jetpack_featured_media_url":"https:\/\/revistaempresarios.net\/web\/wp-content\/uploads\/2024\/04\/ee0da5abe8b4d03322f26c1c1bec7de6_XL.jpg","jetpack-related-posts":[],"_links":{"self":[{"href":"https:\/\/revistaempresarios.net\/web\/wp-json\/wp\/v2\/posts\/14935"}],"collection":[{"href":"https:\/\/revistaempresarios.net\/web\/wp-json\/wp\/v2\/posts"}],"about":[{"href":"https:\/\/revistaempresarios.net\/web\/wp-json\/wp\/v2\/types\/post"}],"author":[{"embeddable":true,"href":"https:\/\/revistaempresarios.net\/web\/wp-json\/wp\/v2\/users\/2"}],"replies":[{"embeddable":true,"href":"https:\/\/revistaempresarios.net\/web\/wp-json\/wp\/v2\/comments?post=14935"}],"version-history":[{"count":1,"href":"https:\/\/revistaempresarios.net\/web\/wp-json\/wp\/v2\/posts\/14935\/revisions"}],"predecessor-version":[{"id":14937,"href":"https:\/\/revistaempresarios.net\/web\/wp-json\/wp\/v2\/posts\/14935\/revisions\/14937"}],"wp:featuredmedia":[{"embeddable":true,"href":"https:\/\/revistaempresarios.net\/web\/wp-json\/wp\/v2\/media\/14936"}],"wp:attachment":[{"href":"https:\/\/revistaempresarios.net\/web\/wp-json\/wp\/v2\/media?parent=14935"}],"wp:term":[{"taxonomy":"category","embeddable":true,"href":"https:\/\/revistaempresarios.net\/web\/wp-json\/wp\/v2\/categories?post=14935"},{"taxonomy":"post_tag","embeddable":true,"href":"https:\/\/revistaempresarios.net\/web\/wp-json\/wp\/v2\/tags?post=14935"}],"curies":[{"name":"wp","href":"https:\/\/api.w.org\/{rel}","templated":true}]}}