{"id":14655,"date":"2024-04-05T10:43:15","date_gmt":"2024-04-05T13:43:15","guid":{"rendered":"https:\/\/revistaempresarios.net\/web\/?p=14655"},"modified":"2024-04-05T10:43:15","modified_gmt":"2024-04-05T13:43:15","slug":"supermercados-princesa-e-superprix-agora-sao-rede-economia","status":"publish","type":"post","link":"https:\/\/revistaempresarios.net\/web\/2024\/04\/05\/supermercados-princesa-e-superprix-agora-sao-rede-economia\/","title":{"rendered":"Supermercados: Princesa e SuperPrix agora s\u00e3o Rede Economia"},"content":{"rendered":"<p><em>Nova parceria pode ser o princ\u00edpio de outras movimenta\u00e7\u00f5es no setor. <\/em><\/p>\n<p>Os Supermercados Princesa e o SuperPrix assinaram a entrada para a\u00a0<a href=\"https:\/\/www.redeconomia.com.br\/\">Rede Economia<\/a>. A movimenta\u00e7\u00e3o entre as marcas supermercadistas j\u00e1 era aguardada pelo varejo e acabou sendo sacramentada na \u00faltima quarta-feira (3).<\/p>\n<p>\u201cNaturalmente, j\u00e1 existia um \u2018namoro\u2019 entre as partes, que foi se consolidando. Com isso, criamos uma enorme expectativa para trocarmos experi\u00eancias e realizar melhorarias nos nossos neg\u00f3cios\u201d, afirmou Adelino Jos\u00e9, presidente da Rede Economia.<\/p>\n<p>Atualmente, a Rede Economia conta com mais de 100 filiadas, espalhadas por 15 munic\u00edpios do Rio de Janeiro, gerando quase 20 mil empregos. A entrada do Princesa e do SuperPrix adicionar\u00e1 39 novas lojas ao portf\u00f3lio da rede de supermercados.<\/p>\n<p>Para o executivo, a entrada das duas empresas aumentar\u00e1 o bra\u00e7o de atendimento do grupo para diversas localidades, principalmente, na Regi\u00e3o dos Lagos. Al\u00e9m disso, \u00e9 esperado um aumento consider\u00e1vel do mix de produtos ofertados ao consumidor. A uni\u00e3o dessas empresas tamb\u00e9m resultar\u00e1 em novos investimentos.<\/p>\n<p>\u201cCom a entrada dessas duas parceiras, planejaremos novas a\u00e7\u00f5es para implantar ao longo do ano\u201d, afirmou, Adelino, enfatizando que a integra\u00e7\u00e3o precisar\u00e1 ser \u201co mais r\u00e1pido poss\u00edvel, buscando o melhor de cada parte\u201d, completou.<\/p>\n<p>Sobre essa movimenta\u00e7\u00e3o do mercado, o presidente da Associa\u00e7\u00e3o de Supermercados do Rio de Janeiro, F\u00e1bio Queir\u00f3z comentou, \u201cA uni\u00e3o de for\u00e7as entre o Princesa, o SuperPrix e a Rede Economia busca o fortalecimento das marcas e, consequentemente, a possibilidade de oferecer as melhores condi\u00e7\u00f5es aos seus clientes, aliando tamb\u00e9m a perspectiva de uma expans\u00e3o sustent\u00e1vel, a gera\u00e7\u00e3o de emprego e renda\u201d.<\/p>\n<p>A comunica\u00e7\u00e3o visual, o mix de produtos e as a\u00e7\u00f5es ser\u00e3o padronizadas com a Rede Economia, por\u00e9m, inicialmente, mantendo os nomes SuperPrix e Princesa como um complemento nas fachadas.<\/p>\n<p><strong>Parceria importante<\/strong><\/p>\n<p>Com suas 25 unidades espalhadas pelo Rio de Janeiro, Niter\u00f3i e Regi\u00e3o dos Lagos, a diretoria do Princesa decidiu pela parceria com a Rede Economia ap\u00f3s um tempo \u2018amadurecendo a ideia\u2019.<\/p>\n<p>Ronaldo Teixeira, Gestor Geral do Supermercados Princesa, explicou sobre essa decis\u00e3o \u201c\u00c9 necess\u00e1rio que as redes de hoje entendam que para sobreviver em um mercado cada vez mais competitivo e predat\u00f3rio, \u00e9 preciso unir for\u00e7as. Assim, optamos por integrar a Rede Economia para agregarmos um volume ainda maior\u201d, explicou.<\/p>\n<p>Para o Princesa, a busca pelo pre\u00e7o ideal junto \u00e0 ind\u00fastria requer um pedido maior do que a capacidade atual, por isso a decis\u00e3o de integrar um grupo de associados se mostra o caminho mais assertivo para sobreviver \u00e0 competitividade. \u201cFoi uma negocia\u00e7\u00e3o r\u00e1pida e bem amistosa, j\u00e1 integramos a rede no passado, e agora voltamos ainda mais motivados e maiores\u201d, completou.<\/p>\n<p>O SuperPrix encara a nova parceria como estrat\u00e9gica, e espera adquirir uma grande experi\u00eancia em todas as \u00e1reas de atua\u00e7\u00e3o, \u201dEstamos muito animados com a nossa entrada na Rede. Acreditamos que a uni\u00e3o entre marcas fa\u00e7a com que precisamos estar em conjunto, trocando experi\u00eancias, tanto para a parte operacional quanto a comercial. Esse ser\u00e1 o nosso grande objetivo e desafio em um mercado cada vez mais consolidado, com redes cada vez mais fortes\u201d, afirmou Viviane Areal, CEO da empresa.<\/p>\n<p>A ASSERJ celebra essa not\u00edcia, com a certeza de que uma uni\u00e3o dessa magnitude fortalece ainda mais o setor. O slogan da Rede Economia \u201cTudo pra voc\u00ea economizar mais\u201d, far\u00e1 ainda mais sentido para o consumidor!<\/p>\n<p><strong>Sobre a ASSERJ <\/strong><\/p>\n<p>Foi com um pequeno n\u00famero de associados que nasceu a Associa\u00e7\u00e3o de Supermercados do Rio de Janeiro \u2013 ASSERJ, mais precisamente em 1969, um ano ap\u00f3s a atividade supermercadista ser definida e regulamentada no Pa\u00eds. Criada com o intuito de fortalecer e defender a cadeia supermercadista do Estado, a ASSERJ atendeu bem ao seu objetivo principal. H\u00e1 mais de cinco d\u00e9cadas representando e defendendo os interesses do setor, a ASSERJ adquiriu <em>know-how<\/em> no setor supermercadista, oferecendo aos seus associados cursos de aperfei\u00e7oamento, palestras, consultoria e assessoria na \u00e1rea jur\u00eddica, gest\u00e3o, recursos humanos, preven\u00e7\u00e3o de perdas, alimentos seguros e marketing, al\u00e9m de muitas outras atividades relevantes para o setor.<\/p>\n<p>Mais informa\u00e7\u00f5es: <a href=\"https:\/\/asserj.com.br\/\">https:\/\/asserj.com.br\/<\/a><\/p>\n<p>Instagram: <a href=\"https:\/\/instagram.com\/asserjsupermercados?igshid=MzRlODBiNWFlZA==\">@asserjsupermercados <\/a><\/p>\n<p>LinkedIn: <a href=\"https:\/\/www.linkedin.com\/company\/asserjsupermercados\/\">https:\/\/www.linkedin.com\/company\/asserjsupermercados\/<\/a><\/p>\n","protected":false},"excerpt":{"rendered":"<p>Nova parceria pode ser o princ\u00edpio de outras movimenta\u00e7\u00f5es no setor. Os Supermercados Princesa e o SuperPrix assinaram a entrada para a\u00a0Rede Economia. A movimenta\u00e7\u00e3o entre as marcas supermercadistas j\u00e1 era aguardada pelo varejo e acabou sendo sacramentada na \u00faltima quarta-feira (3). \u201cNaturalmente, j\u00e1 existia um \u2018namoro\u2019 entre as partes, que foi se consolidando. Com [&hellip;]<\/p>\n","protected":false},"author":2,"featured_media":14656,"comment_status":"open","ping_status":"open","sticky":false,"template":"","format":"standard","meta":{"_jetpack_memberships_contains_paid_content":false,"footnotes":""},"categories":[51,54,56,57,60],"tags":[9352],"featured_image_src":{"landsacpe":["https:\/\/revistaempresarios.net\/web\/wp-content\/uploads\/2024\/04\/830d0bd9-76a4-479e-951b-d2d767c3821e-1140x445.jpg",1140,445,true],"list":["https:\/\/revistaempresarios.net\/web\/wp-content\/uploads\/2024\/04\/830d0bd9-76a4-479e-951b-d2d767c3821e-463x348.jpg",463,348,true],"medium":["https:\/\/revistaempresarios.net\/web\/wp-content\/uploads\/2024\/04\/830d0bd9-76a4-479e-951b-d2d767c3821e-300x213.jpg",300,213,true],"full":["https:\/\/revistaempresarios.net\/web\/wp-content\/uploads\/2024\/04\/830d0bd9-76a4-479e-951b-d2d767c3821e.jpg",1200,850,false]},"jetpack_sharing_enabled":true,"jetpack_featured_media_url":"https:\/\/revistaempresarios.net\/web\/wp-content\/uploads\/2024\/04\/830d0bd9-76a4-479e-951b-d2d767c3821e.jpg","jetpack-related-posts":[],"_links":{"self":[{"href":"https:\/\/revistaempresarios.net\/web\/wp-json\/wp\/v2\/posts\/14655"}],"collection":[{"href":"https:\/\/revistaempresarios.net\/web\/wp-json\/wp\/v2\/posts"}],"about":[{"href":"https:\/\/revistaempresarios.net\/web\/wp-json\/wp\/v2\/types\/post"}],"author":[{"embeddable":true,"href":"https:\/\/revistaempresarios.net\/web\/wp-json\/wp\/v2\/users\/2"}],"replies":[{"embeddable":true,"href":"https:\/\/revistaempresarios.net\/web\/wp-json\/wp\/v2\/comments?post=14655"}],"version-history":[{"count":1,"href":"https:\/\/revistaempresarios.net\/web\/wp-json\/wp\/v2\/posts\/14655\/revisions"}],"predecessor-version":[{"id":14657,"href":"https:\/\/revistaempresarios.net\/web\/wp-json\/wp\/v2\/posts\/14655\/revisions\/14657"}],"wp:featuredmedia":[{"embeddable":true,"href":"https:\/\/revistaempresarios.net\/web\/wp-json\/wp\/v2\/media\/14656"}],"wp:attachment":[{"href":"https:\/\/revistaempresarios.net\/web\/wp-json\/wp\/v2\/media?parent=14655"}],"wp:term":[{"taxonomy":"category","embeddable":true,"href":"https:\/\/revistaempresarios.net\/web\/wp-json\/wp\/v2\/categories?post=14655"},{"taxonomy":"post_tag","embeddable":true,"href":"https:\/\/revistaempresarios.net\/web\/wp-json\/wp\/v2\/tags?post=14655"}],"curies":[{"name":"wp","href":"https:\/\/api.w.org\/{rel}","templated":true}]}}