{"id":14555,"date":"2024-04-03T08:38:37","date_gmt":"2024-04-03T11:38:37","guid":{"rendered":"https:\/\/revistaempresarios.net\/web\/?p=14555"},"modified":"2024-04-03T08:38:37","modified_gmt":"2024-04-03T11:38:37","slug":"omint-seguros-apresenta-nova-gerente-comercial-de-seguro-de-vida-individual-e-viagem","status":"publish","type":"post","link":"https:\/\/revistaempresarios.net\/web\/2024\/04\/03\/omint-seguros-apresenta-nova-gerente-comercial-de-seguro-de-vida-individual-e-viagem\/","title":{"rendered":"Omint Seguros apresenta nova gerente comercial de Seguro de Vida Individual e Viagem"},"content":{"rendered":"<div class=\"itemIntroText\">\n<p><strong><img loading=\"lazy\" decoding=\"async\" class=\"alignnone size-medium wp-image-14556\" src=\"https:\/\/revistaempresarios.net\/web\/wp-content\/uploads\/2024\/04\/7809e1bb77f8b187849bad3c8341222e_XL-300x257.jpg\" alt=\"\" width=\"300\" height=\"257\" \/>Anna Angotti chega para impulsionar crescimento consistente da seguradora<\/strong><\/p>\n<\/div>\n<div class=\"itemFullText\">\n<p>Com mais de 17 anos de experi\u00eancia na \u00e1rea comercial, Anna Angotti assume a ger\u00eancia de vendas de Seguros de Vida Individual e de Viagem na Omint Seguros. Seus objetivos incluem impulsionar as vendas, fortalecer o relacionamento com parceiros e ampliar a participa\u00e7\u00e3o de mercado da companhia.<\/p>\n<p>\u201c\u00c9 uma excelente oportunidade expandir minha trajet\u00f3ria profissional na Omint, uma seguradora reconhecida por sua solidez e reputa\u00e7\u00e3o. \u00c0 frente dos produtos de Vida e Viagem, tenho como miss\u00e3o fidelizar parceiros e clientes, ampliar nossa atua\u00e7\u00e3o nacionalmente e explorar novas oportunidades de neg\u00f3cios\u201d, afirma Anna Angotti, gerente comercial de Seguro de Vida e de Viagem da Omint.<\/p>\n<p><strong>Sobre a Omint Seguros<\/strong><\/p>\n<p>Seguindo o modelo de excel\u00eancia constru\u00eddo no segmento de sa\u00fade suplementar, em 2015 o Grupo Omint lan\u00e7a a Omint Seguros. Hoje, consolidada no setor, a seguradora oferece solu\u00e7\u00f5es em seguro de vida individual, de vida em grupo e de viagem, com diversas possibilidades de coberturas e capital segurado.<\/p>\n<p>Com produtos de alto valor agregado, a Omint Seguros valoriza a parceria com corretores e assessorias especializadas, que com sua atua\u00e7\u00e3o estrat\u00e9gica na venda consultiva t\u00eam contribu\u00eddo para a crescente conscientiza\u00e7\u00e3o dos brasileiros sobre a necessidade dos seguros de pessoas, entregando solu\u00e7\u00f5es personalizadas.<\/p>\n<\/div>\n","protected":false},"excerpt":{"rendered":"<p>Anna Angotti chega para impulsionar crescimento consistente da seguradora Com mais de 17 anos de experi\u00eancia na \u00e1rea comercial, Anna Angotti assume a ger\u00eancia de vendas de Seguros de Vida Individual e de Viagem na Omint Seguros. Seus objetivos incluem impulsionar as vendas, fortalecer o relacionamento com parceiros e ampliar a participa\u00e7\u00e3o de mercado da [&hellip;]<\/p>\n","protected":false},"author":2,"featured_media":14556,"comment_status":"open","ping_status":"open","sticky":false,"template":"","format":"standard","meta":{"_jetpack_memberships_contains_paid_content":false,"footnotes":""},"categories":[53,56,57,60],"tags":[9318],"featured_image_src":{"landsacpe":["https:\/\/revistaempresarios.net\/web\/wp-content\/uploads\/2024\/04\/7809e1bb77f8b187849bad3c8341222e_XL-1140x445.jpg",1140,445,true],"list":["https:\/\/revistaempresarios.net\/web\/wp-content\/uploads\/2024\/04\/7809e1bb77f8b187849bad3c8341222e_XL-463x348.jpg",463,348,true],"medium":["https:\/\/revistaempresarios.net\/web\/wp-content\/uploads\/2024\/04\/7809e1bb77f8b187849bad3c8341222e_XL-300x257.jpg",300,257,true],"full":["https:\/\/revistaempresarios.net\/web\/wp-content\/uploads\/2024\/04\/7809e1bb77f8b187849bad3c8341222e_XL.jpg",1220,1046,false]},"jetpack_sharing_enabled":true,"jetpack_featured_media_url":"https:\/\/revistaempresarios.net\/web\/wp-content\/uploads\/2024\/04\/7809e1bb77f8b187849bad3c8341222e_XL.jpg","jetpack-related-posts":[],"_links":{"self":[{"href":"https:\/\/revistaempresarios.net\/web\/wp-json\/wp\/v2\/posts\/14555"}],"collection":[{"href":"https:\/\/revistaempresarios.net\/web\/wp-json\/wp\/v2\/posts"}],"about":[{"href":"https:\/\/revistaempresarios.net\/web\/wp-json\/wp\/v2\/types\/post"}],"author":[{"embeddable":true,"href":"https:\/\/revistaempresarios.net\/web\/wp-json\/wp\/v2\/users\/2"}],"replies":[{"embeddable":true,"href":"https:\/\/revistaempresarios.net\/web\/wp-json\/wp\/v2\/comments?post=14555"}],"version-history":[{"count":1,"href":"https:\/\/revistaempresarios.net\/web\/wp-json\/wp\/v2\/posts\/14555\/revisions"}],"predecessor-version":[{"id":14558,"href":"https:\/\/revistaempresarios.net\/web\/wp-json\/wp\/v2\/posts\/14555\/revisions\/14558"}],"wp:featuredmedia":[{"embeddable":true,"href":"https:\/\/revistaempresarios.net\/web\/wp-json\/wp\/v2\/media\/14556"}],"wp:attachment":[{"href":"https:\/\/revistaempresarios.net\/web\/wp-json\/wp\/v2\/media?parent=14555"}],"wp:term":[{"taxonomy":"category","embeddable":true,"href":"https:\/\/revistaempresarios.net\/web\/wp-json\/wp\/v2\/categories?post=14555"},{"taxonomy":"post_tag","embeddable":true,"href":"https:\/\/revistaempresarios.net\/web\/wp-json\/wp\/v2\/tags?post=14555"}],"curies":[{"name":"wp","href":"https:\/\/api.w.org\/{rel}","templated":true}]}}